{"id":182117,"date":"2025-10-15T11:48:05","date_gmt":"2025-10-15T14:48:05","guid":{"rendered":"http:\/\/192.168.200.48\/?p=182117"},"modified":"2025-10-15T11:48:12","modified_gmt":"2025-10-15T14:48:12","slug":"cortes-programados-en-sectores-de-centenario-el-16-10-25","status":"publish","type":"post","link":"https:\/\/www.epen.gov.ar\/index.php\/2025\/10\/15\/cortes-programados-en-sectores-de-centenario-el-16-10-25\/","title":{"rendered":"Cortes programados en sectores de Centenario el 16\/10\/25"},"content":{"rendered":"<div class=\"fusion-fullwidth fullwidth-box fusion-builder-row-1 has-pattern-background has-mask-background nonhundred-percent-fullwidth non-hundred-percent-height-scrolling\" style=\"--awb-border-radius-top-left:0px;--awb-border-radius-top-right:0px;--awb-border-radius-bottom-right:0px;--awb-border-radius-bottom-left:0px;--awb-padding-left:0px;--awb-background-color:white;--awb-flex-wrap:wrap;\" ><div class=\"fusion-builder-row fusion-row\"><div class=\"fusion-layout-column fusion_builder_column fusion-builder-column-0 fusion_builder_column_2_3 2_3 fusion-two-third fusion-column-first\" style=\"--awb-bg-blend:overlay;--awb-bg-size:cover;--awb-margin-bottom:0px;width:66.666666666667%;width:calc(66.666666666667% - ( ( 1% ) * 0.66666666666667 ) );margin-right: 1%;\" data-scroll-devices=\"small-visibility,medium-visibility,large-visibility\"><div class=\"fusion-column-wrapper fusion-column-has-shadow fusion-flex-column-wrapper-legacy\"><div class=\"fusion-text fusion-text-1\" style=\"--awb-font-size:16px;--awb-text-font-family:&quot;Manrope&quot;;--awb-text-font-style:normal;--awb-text-font-weight:400;\"><p>El Ente Provincial de Energ\u00eda del Neuqu\u00e9n (EPEN), dependiente del Ministerio de Infraestructura, informa que en algunos sectores de Centenario se realizar\u00e1n cortes de energ\u00eda programados el jueves 16 de octubre para efectuar trabajos de poda en l\u00edneas de media tensi\u00f3n.<\/p>\n<p><strong>Afectan:<\/strong><\/p>\n<p><strong>De 9 a 10 h:<\/strong> Planta de L\u00edquidos Cloacales, Juguera ex Jugos del Sur, barrio Parque, ex ruta 234 hasta calle 20, y desde calle 6 hasta calle Cero.<\/p>\n<p><strong>De 9 a 13 h:<\/strong> Calles 2, 20, Cero, y 1, y loteo Esandi.<\/p>\n<p>Se solicita a los usuarios de los sectores afectados tomar los recaudos necesarios a efectos de reducir los inconvenientes que la falta de energ\u00eda pudiese ocasionar.<\/p>\n<p><img decoding=\"async\" class=\"alignnone wp-image-126515\" src=\"https:\/\/www.epen.gov.ar\/wp-content\/uploads\/2024\/01\/WEB-Banner-Superior-1280x244.png\" alt=\"\" width=\"655\" height=\"125\" srcset=\"https:\/\/www.epen.gov.ar\/wp-content\/uploads\/2024\/01\/WEB-Banner-Superior-200x38.png 200w, https:\/\/www.epen.gov.ar\/wp-content\/uploads\/2024\/01\/WEB-Banner-Superior-300x57.png 300w, https:\/\/www.epen.gov.ar\/wp-content\/uploads\/2024\/01\/WEB-Banner-Superior-400x76.png 400w, https:\/\/www.epen.gov.ar\/wp-content\/uploads\/2024\/01\/WEB-Banner-Superior-600x115.png 600w, https:\/\/www.epen.gov.ar\/wp-content\/uploads\/2024\/01\/WEB-Banner-Superior-768x147.png 768w, https:\/\/www.epen.gov.ar\/wp-content\/uploads\/2024\/01\/WEB-Banner-Superior-800x153.png 800w, https:\/\/www.epen.gov.ar\/wp-content\/uploads\/2024\/01\/WEB-Banner-Superior-1200x229.png 1200w, https:\/\/www.epen.gov.ar\/wp-content\/uploads\/2024\/01\/WEB-Banner-Superior-1280x244.png 1280w, https:\/\/www.epen.gov.ar\/wp-content\/uploads\/2024\/01\/WEB-Banner-Superior.png 1456w\" sizes=\"(max-width: 655px) 100vw, 655px\" \/><\/p>\n<\/div><div class=\"fusion-clearfix\"><\/div><\/div><\/div><div class=\"fusion-layout-column fusion_builder_column fusion-builder-column-1 fusion_builder_column_1_3 1_3 fusion-one-third fusion-column-last\" style=\"--awb-bg-size:cover;width:33.333333333333%;width:calc(33.333333333333% - ( ( 1% ) * 0.33333333333333 ) );\" data-scroll-devices=\"small-visibility,medium-visibility,large-visibility\"><div class=\"fusion-column-wrapper fusion-column-has-shadow fusion-flex-column-wrapper-legacy\"><div class=\"fusion-column-content-centered\"><div class=\"fusion-column-content\"><div class=\"fusion-widget-area awb-widget-area-element fusion-widget-area-1 fusion-content-widget-area\" style=\"--awb-title-size:20px;--awb-title-color:#333333;--awb-padding:0px 0px 0px 0px;\"><style type=\"text\/css\" data-id=\"tweets-widget-2\">#tweets-widget-2 li { border-color:#eaeaea;}<\/style><section id=\"tweets-widget-2\" class=\"widget tweets\" style=\"border-style: solid;border-color: #eaeaea;border-color:transparent;border-width:0px;\">\t\t\t\t\n\t\t<div style=\"overflow:hidden\">\n\t\t\t\t\t\t\t\t\t\t\t<a class=\"twitter-timeline\" data-dnt=\"true\" href=\"https:\/\/twitter.com\/@EPEN_Informa\" data-width=\"500\" data-height=\"300\" width=\"500\" height=\"300\" data-theme=\"light\" data-link-color=\"##25a9bd\" data-border-color=\"#eaeaea\" data-chrome=\"\">Tweets por @EPEN_Informa<\/a>\n\t\t\t\t\t\t\t\n\t\t\t\t\t\t\t\t\t\t\t<script async src=\"\/\/platform.twitter.com\/widgets.js\" charset=\"utf-8\"><\/script>\n\t\t\t\t\t\t\t\n\t\t<\/div>\n\t\t<\/section>\n\t\t<section id=\"recent-posts-3\" class=\"widget widget_recent_entries\" style=\"border-style: solid;border-color:transparent;border-width:0px;\">\n\t\t<div class=\"heading\"><h4 class=\"widget-title\">Entradas recientes<\/h4><\/div>\n\t\t<ul>\n\t\t\t\t\t\t\t\t\t\t\t<li>\n\t\t\t\t\t<a href=\"https:\/\/www.epen.gov.ar\/index.php\/2026\/04\/29\/corte-programado-en-sectores-de-centenario-el-30-04-2026\/\">Corte Programado en sectores de Centenario el 30\/04\/2026<\/a>\n\t\t\t\t\t\t\t\t\t\t\t<span class=\"post-date\">29\/04\/2026<\/span>\n\t\t\t\t\t\t\t\t\t<\/li>\n\t\t\t\t\t\t\t\t\t\t\t<li>\n\t\t\t\t\t<a href=\"https:\/\/www.epen.gov.ar\/index.php\/2026\/04\/28\/el-epen-impulsa-el-desarrollo-de-varvarco-con-nueva-infraestructura-para-17-lotes\/\">El EPEN impulsa el desarrollo de Varvarco con nueva infraestructura para 17 lotes<\/a>\n\t\t\t\t\t\t\t\t\t\t\t<span class=\"post-date\">28\/04\/2026<\/span>\n\t\t\t\t\t\t\t\t\t<\/li>\n\t\t\t\t\t\t\t\t\t\t\t<li>\n\t\t\t\t\t<a href=\"https:\/\/www.epen.gov.ar\/index.php\/2026\/04\/28\/corte-programado-en-sectores-de-zona-nahueve-el-30-04-2026\/\">Corte Programado en sectores de zona Nahueve el 30\/04\/2026<\/a>\n\t\t\t\t\t\t\t\t\t\t\t<span class=\"post-date\">28\/04\/2026<\/span>\n\t\t\t\t\t\t\t\t\t<\/li>\n\t\t\t\t\t\t\t\t\t\t\t<li>\n\t\t\t\t\t<a href=\"https:\/\/www.epen.gov.ar\/index.php\/2026\/04\/24\/corte-programado-en-sectores-de-san-martin-de-los-andes-el-25-04-2026\/\">Corte Programado en sectores de San Mart\u00edn de los Andes el 25\/04\/2026<\/a>\n\t\t\t\t\t\t\t\t\t\t\t<span class=\"post-date\">24\/04\/2026<\/span>\n\t\t\t\t\t\t\t\t\t<\/li>\n\t\t\t\t\t\t\t\t\t\t\t<li>\n\t\t\t\t\t<a href=\"https:\/\/www.epen.gov.ar\/index.php\/2026\/04\/24\/corte-programado-en-sectores-de-centenario-el-25-04-2026\/\">Corte Programado en sectores de Centenario el 25\/04\/2026<\/a>\n\t\t\t\t\t\t\t\t\t\t\t<span class=\"post-date\">24\/04\/2026<\/span>\n\t\t\t\t\t\t\t\t\t<\/li>\n\t\t\t\t\t<\/ul>\n\n\t\t<\/section><div class=\"fusion-additional-widget-content\"><\/div><\/div><div class=\"fusion-image-element in-legacy-container\" style=\"--awb-margin-top:5%;--awb-caption-title-font-family:var(--h2_typography-font-family);--awb-caption-title-font-weight:var(--h2_typography-font-weight);--awb-caption-title-font-style:var(--h2_typography-font-style);--awb-caption-title-size:var(--h2_typography-font-size);--awb-caption-title-transform:var(--h2_typography-text-transform);--awb-caption-title-line-height:var(--h2_typography-line-height);--awb-caption-title-letter-spacing:var(--h2_typography-letter-spacing);\"><span class=\" fusion-imageframe imageframe-none imageframe-1 hover-type-none\"><img decoding=\"async\" width=\"800\" height=\"800\" title=\"GIF-Consumos-Verano\" src=\"https:\/\/www.epen.gov.ar\/wp-content\/uploads\/2025\/01\/GIF-Consumos-Verano-1.gif\" alt class=\"img-responsive wp-image-159933\"\/><\/span><\/div><\/div><\/div><div class=\"fusion-clearfix\"><\/div><\/div><\/div><\/div><\/div>\n","protected":false},"excerpt":{"rendered":"","protected":false},"author":1,"featured_media":131254,"comment_status":"closed","ping_status":"closed","sticky":false,"template":"","format":"standard","meta":{"_exactmetrics_skip_tracking":false,"_exactmetrics_sitenote_active":false,"_exactmetrics_sitenote_note":"","_exactmetrics_sitenote_category":0,"footnotes":""},"categories":[263],"tags":[],"class_list":["post-182117","post","type-post","status-publish","format-standard","has-post-thumbnail","hentry","category-cortes-programados"],"yoast_head":"<!-- This site is optimized with the Yoast SEO plugin v27.2 - https:\/\/yoast.com\/product\/yoast-seo-wordpress\/ -->\n<title>EPEN - Cortes programados en sectores de Centenario el 16\/10\/25<\/title>\n<meta name=\"description\" content=\"Cortes programados en sectores de Centenario el 16\/10\/25 Cortes Programados\" \/>\n<meta name=\"robots\" content=\"index, follow, max-snippet:-1, max-image-preview:large, max-video-preview:-1\" \/>\n<link rel=\"canonical\" href=\"https:\/\/www.epen.gov.ar\/index.php\/2025\/10\/15\/cortes-programados-en-sectores-de-centenario-el-16-10-25\/\" \/>\n<meta property=\"og:locale\" content=\"es_ES\" \/>\n<meta property=\"og:type\" content=\"article\" \/>\n<meta property=\"og:title\" content=\"EPEN - Cortes programados en sectores de Centenario el 16\/10\/25\" \/>\n<meta property=\"og:description\" content=\"Cortes programados en sectores de Centenario el 16\/10\/25 Cortes Programados\" \/>\n<meta property=\"og:url\" content=\"https:\/\/www.epen.gov.ar\/index.php\/2025\/10\/15\/cortes-programados-en-sectores-de-centenario-el-16-10-25\/\" \/>\n<meta property=\"og:site_name\" content=\"EPEN\" \/>\n<meta property=\"article:publisher\" content=\"https:\/\/www.facebook.com\/EPEN.Neuquen\" \/>\n<meta property=\"article:published_time\" content=\"2025-10-15T14:48:05+00:00\" \/>\n<meta property=\"article:modified_time\" content=\"2025-10-15T14:48:12+00:00\" \/>\n<meta property=\"og:image\" content=\"https:\/\/www.epen.gov.ar\/wp-content\/uploads\/2024\/02\/Placa-CP-Este.jpg\" \/>\n\t<meta property=\"og:image:width\" content=\"800\" \/>\n\t<meta property=\"og:image:height\" content=\"418\" \/>\n\t<meta property=\"og:image:type\" content=\"image\/jpeg\" \/>\n<meta name=\"author\" content=\"Prensa EPEN\" \/>\n<meta name=\"twitter:card\" content=\"summary_large_image\" \/>\n<meta name=\"twitter:creator\" content=\"@EPEN_Informa\" \/>\n<meta name=\"twitter:site\" content=\"@EPEN_Informa\" \/>\n<meta name=\"twitter:label1\" content=\"Escrito por\" \/>\n\t<meta name=\"twitter:data1\" content=\"Prensa EPEN\" \/>\n\t<meta name=\"twitter:label2\" content=\"Tiempo de lectura\" \/>\n\t<meta name=\"twitter:data2\" content=\"2 minutos\" \/>\n<script type=\"application\/ld+json\" class=\"yoast-schema-graph\">{\"@context\":\"https:\/\/schema.org\",\"@graph\":[{\"@type\":\"Article\",\"@id\":\"https:\/\/www.epen.gov.ar\/index.php\/2025\/10\/15\/cortes-programados-en-sectores-de-centenario-el-16-10-25\/#article\",\"isPartOf\":{\"@id\":\"https:\/\/www.epen.gov.ar\/index.php\/2025\/10\/15\/cortes-programados-en-sectores-de-centenario-el-16-10-25\/\"},\"author\":{\"name\":\"Prensa EPEN\",\"@id\":\"https:\/\/www.epen.gov.ar\/#\/schema\/person\/ce6cff87c2fc01264becc10fa105ad4f\"},\"headline\":\"Cortes programados en sectores de Centenario el 16\/10\/25\",\"datePublished\":\"2025-10-15T14:48:05+00:00\",\"dateModified\":\"2025-10-15T14:48:12+00:00\",\"mainEntityOfPage\":{\"@id\":\"https:\/\/www.epen.gov.ar\/index.php\/2025\/10\/15\/cortes-programados-en-sectores-de-centenario-el-16-10-25\/\"},\"wordCount\":1672,\"publisher\":{\"@id\":\"https:\/\/www.epen.gov.ar\/#organization\"},\"image\":{\"@id\":\"https:\/\/www.epen.gov.ar\/index.php\/2025\/10\/15\/cortes-programados-en-sectores-de-centenario-el-16-10-25\/#primaryimage\"},\"thumbnailUrl\":\"https:\/\/www.epen.gov.ar\/wp-content\/uploads\/2024\/02\/Placa-CP-Este.jpg\",\"articleSection\":[\"Cortes Programados\"],\"inLanguage\":\"es\"},{\"@type\":\"WebPage\",\"@id\":\"https:\/\/www.epen.gov.ar\/index.php\/2025\/10\/15\/cortes-programados-en-sectores-de-centenario-el-16-10-25\/\",\"url\":\"https:\/\/www.epen.gov.ar\/index.php\/2025\/10\/15\/cortes-programados-en-sectores-de-centenario-el-16-10-25\/\",\"name\":\"EPEN - Cortes programados en sectores de Centenario el 16\/10\/25\",\"isPartOf\":{\"@id\":\"https:\/\/www.epen.gov.ar\/#website\"},\"primaryImageOfPage\":{\"@id\":\"https:\/\/www.epen.gov.ar\/index.php\/2025\/10\/15\/cortes-programados-en-sectores-de-centenario-el-16-10-25\/#primaryimage\"},\"image\":{\"@id\":\"https:\/\/www.epen.gov.ar\/index.php\/2025\/10\/15\/cortes-programados-en-sectores-de-centenario-el-16-10-25\/#primaryimage\"},\"thumbnailUrl\":\"https:\/\/www.epen.gov.ar\/wp-content\/uploads\/2024\/02\/Placa-CP-Este.jpg\",\"datePublished\":\"2025-10-15T14:48:05+00:00\",\"dateModified\":\"2025-10-15T14:48:12+00:00\",\"description\":\"Cortes programados en sectores de Centenario el 16\/10\/25 Cortes Programados\",\"breadcrumb\":{\"@id\":\"https:\/\/www.epen.gov.ar\/index.php\/2025\/10\/15\/cortes-programados-en-sectores-de-centenario-el-16-10-25\/#breadcrumb\"},\"inLanguage\":\"es\",\"potentialAction\":[{\"@type\":\"ReadAction\",\"target\":[\"https:\/\/www.epen.gov.ar\/index.php\/2025\/10\/15\/cortes-programados-en-sectores-de-centenario-el-16-10-25\/\"]}]},{\"@type\":\"ImageObject\",\"inLanguage\":\"es\",\"@id\":\"https:\/\/www.epen.gov.ar\/index.php\/2025\/10\/15\/cortes-programados-en-sectores-de-centenario-el-16-10-25\/#primaryimage\",\"url\":\"https:\/\/www.epen.gov.ar\/wp-content\/uploads\/2024\/02\/Placa-CP-Este.jpg\",\"contentUrl\":\"https:\/\/www.epen.gov.ar\/wp-content\/uploads\/2024\/02\/Placa-CP-Este.jpg\",\"width\":800,\"height\":418},{\"@type\":\"BreadcrumbList\",\"@id\":\"https:\/\/www.epen.gov.ar\/index.php\/2025\/10\/15\/cortes-programados-en-sectores-de-centenario-el-16-10-25\/#breadcrumb\",\"itemListElement\":[{\"@type\":\"ListItem\",\"position\":1,\"name\":\"Inicio\",\"item\":\"https:\/\/www.epen.gov.ar\/\"},{\"@type\":\"ListItem\",\"position\":2,\"name\":\"Cortes programados en sectores de Centenario el 16\/10\/25\"}]},{\"@type\":\"WebSite\",\"@id\":\"https:\/\/www.epen.gov.ar\/#website\",\"url\":\"https:\/\/www.epen.gov.ar\/\",\"name\":\"EPEN\",\"description\":\"Ente Provincial de Energ\u00eda del Neuqu\u00e9n\",\"publisher\":{\"@id\":\"https:\/\/www.epen.gov.ar\/#organization\"},\"potentialAction\":[{\"@type\":\"SearchAction\",\"target\":{\"@type\":\"EntryPoint\",\"urlTemplate\":\"https:\/\/www.epen.gov.ar\/?s={search_term_string}\"},\"query-input\":{\"@type\":\"PropertyValueSpecification\",\"valueRequired\":true,\"valueName\":\"search_term_string\"}}],\"inLanguage\":\"es\"},{\"@type\":\"Organization\",\"@id\":\"https:\/\/www.epen.gov.ar\/#organization\",\"name\":\"Ente Provincial de Energ\u00eda del Neuqu\u00e9n\",\"url\":\"https:\/\/www.epen.gov.ar\/\",\"logo\":{\"@type\":\"ImageObject\",\"inLanguage\":\"es\",\"@id\":\"https:\/\/www.epen.gov.ar\/#\/schema\/logo\/image\/\",\"url\":\"https:\/\/www.epen.gov.ar\/wp-content\/uploads\/2024\/02\/Logo-EPEN-2.jpg\",\"contentUrl\":\"https:\/\/www.epen.gov.ar\/wp-content\/uploads\/2024\/02\/Logo-EPEN-2.jpg\",\"width\":696,\"height\":696,\"caption\":\"Ente Provincial de Energ\u00eda del Neuqu\u00e9n\"},\"image\":{\"@id\":\"https:\/\/www.epen.gov.ar\/#\/schema\/logo\/image\/\"},\"sameAs\":[\"https:\/\/www.facebook.com\/EPEN.Neuquen\",\"https:\/\/x.com\/EPEN_Informa\",\"https:\/\/www.youtube.com\/@epenprensa7384\"]},{\"@type\":\"Person\",\"@id\":\"https:\/\/www.epen.gov.ar\/#\/schema\/person\/ce6cff87c2fc01264becc10fa105ad4f\",\"name\":\"Prensa EPEN\",\"image\":{\"@type\":\"ImageObject\",\"inLanguage\":\"es\",\"@id\":\"https:\/\/secure.gravatar.com\/avatar\/f8120b8688012ccf2d7fbcf7a970cfbabf0ab63b09c2dbd72c194bee080070e9?s=96&d=mm&r=g\",\"url\":\"https:\/\/secure.gravatar.com\/avatar\/f8120b8688012ccf2d7fbcf7a970cfbabf0ab63b09c2dbd72c194bee080070e9?s=96&d=mm&r=g\",\"contentUrl\":\"https:\/\/secure.gravatar.com\/avatar\/f8120b8688012ccf2d7fbcf7a970cfbabf0ab63b09c2dbd72c194bee080070e9?s=96&d=mm&r=g\",\"caption\":\"Prensa EPEN\"},\"url\":\"https:\/\/www.epen.gov.ar\/index.php\/author\/admin\/\"}]}<\/script>\n<!-- \/ Yoast SEO plugin. -->","yoast_head_json":{"title":"EPEN - Cortes programados en sectores de Centenario el 16\/10\/25","description":"Cortes programados en sectores de Centenario el 16\/10\/25 Cortes Programados","robots":{"index":"index","follow":"follow","max-snippet":"max-snippet:-1","max-image-preview":"max-image-preview:large","max-video-preview":"max-video-preview:-1"},"canonical":"https:\/\/www.epen.gov.ar\/index.php\/2025\/10\/15\/cortes-programados-en-sectores-de-centenario-el-16-10-25\/","og_locale":"es_ES","og_type":"article","og_title":"EPEN - Cortes programados en sectores de Centenario el 16\/10\/25","og_description":"Cortes programados en sectores de Centenario el 16\/10\/25 Cortes Programados","og_url":"https:\/\/www.epen.gov.ar\/index.php\/2025\/10\/15\/cortes-programados-en-sectores-de-centenario-el-16-10-25\/","og_site_name":"EPEN","article_publisher":"https:\/\/www.facebook.com\/EPEN.Neuquen","article_published_time":"2025-10-15T14:48:05+00:00","article_modified_time":"2025-10-15T14:48:12+00:00","og_image":[{"width":800,"height":418,"url":"https:\/\/www.epen.gov.ar\/wp-content\/uploads\/2024\/02\/Placa-CP-Este.jpg","type":"image\/jpeg"}],"author":"Prensa EPEN","twitter_card":"summary_large_image","twitter_creator":"@EPEN_Informa","twitter_site":"@EPEN_Informa","twitter_misc":{"Escrito por":"Prensa EPEN","Tiempo de lectura":"2 minutos"},"schema":{"@context":"https:\/\/schema.org","@graph":[{"@type":"Article","@id":"https:\/\/www.epen.gov.ar\/index.php\/2025\/10\/15\/cortes-programados-en-sectores-de-centenario-el-16-10-25\/#article","isPartOf":{"@id":"https:\/\/www.epen.gov.ar\/index.php\/2025\/10\/15\/cortes-programados-en-sectores-de-centenario-el-16-10-25\/"},"author":{"name":"Prensa EPEN","@id":"https:\/\/www.epen.gov.ar\/#\/schema\/person\/ce6cff87c2fc01264becc10fa105ad4f"},"headline":"Cortes programados en sectores de Centenario el 16\/10\/25","datePublished":"2025-10-15T14:48:05+00:00","dateModified":"2025-10-15T14:48:12+00:00","mainEntityOfPage":{"@id":"https:\/\/www.epen.gov.ar\/index.php\/2025\/10\/15\/cortes-programados-en-sectores-de-centenario-el-16-10-25\/"},"wordCount":1672,"publisher":{"@id":"https:\/\/www.epen.gov.ar\/#organization"},"image":{"@id":"https:\/\/www.epen.gov.ar\/index.php\/2025\/10\/15\/cortes-programados-en-sectores-de-centenario-el-16-10-25\/#primaryimage"},"thumbnailUrl":"https:\/\/www.epen.gov.ar\/wp-content\/uploads\/2024\/02\/Placa-CP-Este.jpg","articleSection":["Cortes Programados"],"inLanguage":"es"},{"@type":"WebPage","@id":"https:\/\/www.epen.gov.ar\/index.php\/2025\/10\/15\/cortes-programados-en-sectores-de-centenario-el-16-10-25\/","url":"https:\/\/www.epen.gov.ar\/index.php\/2025\/10\/15\/cortes-programados-en-sectores-de-centenario-el-16-10-25\/","name":"EPEN - Cortes programados en sectores de Centenario el 16\/10\/25","isPartOf":{"@id":"https:\/\/www.epen.gov.ar\/#website"},"primaryImageOfPage":{"@id":"https:\/\/www.epen.gov.ar\/index.php\/2025\/10\/15\/cortes-programados-en-sectores-de-centenario-el-16-10-25\/#primaryimage"},"image":{"@id":"https:\/\/www.epen.gov.ar\/index.php\/2025\/10\/15\/cortes-programados-en-sectores-de-centenario-el-16-10-25\/#primaryimage"},"thumbnailUrl":"https:\/\/www.epen.gov.ar\/wp-content\/uploads\/2024\/02\/Placa-CP-Este.jpg","datePublished":"2025-10-15T14:48:05+00:00","dateModified":"2025-10-15T14:48:12+00:00","description":"Cortes programados en sectores de Centenario el 16\/10\/25 Cortes Programados","breadcrumb":{"@id":"https:\/\/www.epen.gov.ar\/index.php\/2025\/10\/15\/cortes-programados-en-sectores-de-centenario-el-16-10-25\/#breadcrumb"},"inLanguage":"es","potentialAction":[{"@type":"ReadAction","target":["https:\/\/www.epen.gov.ar\/index.php\/2025\/10\/15\/cortes-programados-en-sectores-de-centenario-el-16-10-25\/"]}]},{"@type":"ImageObject","inLanguage":"es","@id":"https:\/\/www.epen.gov.ar\/index.php\/2025\/10\/15\/cortes-programados-en-sectores-de-centenario-el-16-10-25\/#primaryimage","url":"https:\/\/www.epen.gov.ar\/wp-content\/uploads\/2024\/02\/Placa-CP-Este.jpg","contentUrl":"https:\/\/www.epen.gov.ar\/wp-content\/uploads\/2024\/02\/Placa-CP-Este.jpg","width":800,"height":418},{"@type":"BreadcrumbList","@id":"https:\/\/www.epen.gov.ar\/index.php\/2025\/10\/15\/cortes-programados-en-sectores-de-centenario-el-16-10-25\/#breadcrumb","itemListElement":[{"@type":"ListItem","position":1,"name":"Inicio","item":"https:\/\/www.epen.gov.ar\/"},{"@type":"ListItem","position":2,"name":"Cortes programados en sectores de Centenario el 16\/10\/25"}]},{"@type":"WebSite","@id":"https:\/\/www.epen.gov.ar\/#website","url":"https:\/\/www.epen.gov.ar\/","name":"EPEN","description":"Ente Provincial de Energ\u00eda del Neuqu\u00e9n","publisher":{"@id":"https:\/\/www.epen.gov.ar\/#organization"},"potentialAction":[{"@type":"SearchAction","target":{"@type":"EntryPoint","urlTemplate":"https:\/\/www.epen.gov.ar\/?s={search_term_string}"},"query-input":{"@type":"PropertyValueSpecification","valueRequired":true,"valueName":"search_term_string"}}],"inLanguage":"es"},{"@type":"Organization","@id":"https:\/\/www.epen.gov.ar\/#organization","name":"Ente Provincial de Energ\u00eda del Neuqu\u00e9n","url":"https:\/\/www.epen.gov.ar\/","logo":{"@type":"ImageObject","inLanguage":"es","@id":"https:\/\/www.epen.gov.ar\/#\/schema\/logo\/image\/","url":"https:\/\/www.epen.gov.ar\/wp-content\/uploads\/2024\/02\/Logo-EPEN-2.jpg","contentUrl":"https:\/\/www.epen.gov.ar\/wp-content\/uploads\/2024\/02\/Logo-EPEN-2.jpg","width":696,"height":696,"caption":"Ente Provincial de Energ\u00eda del Neuqu\u00e9n"},"image":{"@id":"https:\/\/www.epen.gov.ar\/#\/schema\/logo\/image\/"},"sameAs":["https:\/\/www.facebook.com\/EPEN.Neuquen","https:\/\/x.com\/EPEN_Informa","https:\/\/www.youtube.com\/@epenprensa7384"]},{"@type":"Person","@id":"https:\/\/www.epen.gov.ar\/#\/schema\/person\/ce6cff87c2fc01264becc10fa105ad4f","name":"Prensa EPEN","image":{"@type":"ImageObject","inLanguage":"es","@id":"https:\/\/secure.gravatar.com\/avatar\/f8120b8688012ccf2d7fbcf7a970cfbabf0ab63b09c2dbd72c194bee080070e9?s=96&d=mm&r=g","url":"https:\/\/secure.gravatar.com\/avatar\/f8120b8688012ccf2d7fbcf7a970cfbabf0ab63b09c2dbd72c194bee080070e9?s=96&d=mm&r=g","contentUrl":"https:\/\/secure.gravatar.com\/avatar\/f8120b8688012ccf2d7fbcf7a970cfbabf0ab63b09c2dbd72c194bee080070e9?s=96&d=mm&r=g","caption":"Prensa EPEN"},"url":"https:\/\/www.epen.gov.ar\/index.php\/author\/admin\/"}]}},"_links":{"self":[{"href":"https:\/\/www.epen.gov.ar\/index.php\/wp-json\/wp\/v2\/posts\/182117","targetHints":{"allow":["GET"]}}],"collection":[{"href":"https:\/\/www.epen.gov.ar\/index.php\/wp-json\/wp\/v2\/posts"}],"about":[{"href":"https:\/\/www.epen.gov.ar\/index.php\/wp-json\/wp\/v2\/types\/post"}],"author":[{"embeddable":true,"href":"https:\/\/www.epen.gov.ar\/index.php\/wp-json\/wp\/v2\/users\/1"}],"replies":[{"embeddable":true,"href":"https:\/\/www.epen.gov.ar\/index.php\/wp-json\/wp\/v2\/comments?post=182117"}],"version-history":[{"count":3,"href":"https:\/\/www.epen.gov.ar\/index.php\/wp-json\/wp\/v2\/posts\/182117\/revisions"}],"predecessor-version":[{"id":182144,"href":"https:\/\/www.epen.gov.ar\/index.php\/wp-json\/wp\/v2\/posts\/182117\/revisions\/182144"}],"wp:featuredmedia":[{"embeddable":true,"href":"https:\/\/www.epen.gov.ar\/index.php\/wp-json\/wp\/v2\/media\/131254"}],"wp:attachment":[{"href":"https:\/\/www.epen.gov.ar\/index.php\/wp-json\/wp\/v2\/media?parent=182117"}],"wp:term":[{"taxonomy":"category","embeddable":true,"href":"https:\/\/www.epen.gov.ar\/index.php\/wp-json\/wp\/v2\/categories?post=182117"},{"taxonomy":"post_tag","embeddable":true,"href":"https:\/\/www.epen.gov.ar\/index.php\/wp-json\/wp\/v2\/tags?post=182117"}],"curies":[{"name":"wp","href":"https:\/\/api.w.org\/{rel}","templated":true}]}}