{"id":174746,"date":"2025-07-04T11:27:11","date_gmt":"2025-07-04T14:27:11","guid":{"rendered":"http:\/\/192.168.200.48\/?p=174746"},"modified":"2025-07-04T11:29:07","modified_gmt":"2025-07-04T14:29:07","slug":"174746","status":"publish","type":"post","link":"https:\/\/www.epen.gov.ar\/index.php\/2025\/07\/04\/174746\/","title":{"rendered":"Neuqu\u00e9n y Chile impulsan la integraci\u00f3n energ\u00e9tica binacional"},"content":{"rendered":"<div class=\"fusion-fullwidth fullwidth-box fusion-builder-row-1 has-pattern-background has-mask-background nonhundred-percent-fullwidth non-hundred-percent-height-scrolling\" style=\"--awb-border-radius-top-left:0px;--awb-border-radius-top-right:0px;--awb-border-radius-bottom-right:0px;--awb-border-radius-bottom-left:0px;--awb-padding-left:0px;--awb-background-color:white;--awb-flex-wrap:wrap;\" ><div class=\"fusion-builder-row fusion-row\"><div class=\"fusion-layout-column fusion_builder_column fusion-builder-column-0 fusion_builder_column_2_3 2_3 fusion-two-third fusion-column-first\" style=\"--awb-bg-blend:overlay;--awb-bg-size:cover;--awb-margin-bottom:0px;width:66.666666666667%;width:calc(66.666666666667% - ( ( 1% ) * 0.66666666666667 ) );margin-right: 1%;\" data-scroll-devices=\"small-visibility,medium-visibility,large-visibility\"><div class=\"fusion-column-wrapper fusion-column-has-shadow fusion-flex-column-wrapper-legacy\"><div class=\"fusion-text fusion-text-1\" style=\"--awb-font-size:16px;--awb-text-font-family:&quot;Manrope&quot;;--awb-text-font-style:normal;--awb-text-font-weight:400;\"><div class=\"noticia-categoria categoria flex pb-2\">\n<div class=\"noticia-categoria categoria flex pb-2\"><a class=\"badge-categoria\" href=\"https:\/\/www.neuqueninforma.gob.ar\/infraestructura\/\">Infraestructura<\/a><\/div>\n<h2 class=\"noticia-volanta text-noticia-index-volanta font-noticia-index-volanta text-lg\">Comit\u00e9 de Integraci\u00f3n de los Lagos<\/h2>\n<h1 class=\"noticia-titulo text-noticia-index-titulo font-noticia-index-titulo text-4xl md:text-4xl py-2\">Neuqu\u00e9n y Chile impulsan la integraci\u00f3n energ\u00e9tica binacional<\/h1>\n<div class=\"noticia-copete text-noticia-index-copete font-noticia-index-copete text-lg md:text-lg pb-2\">Representantes del EPEN, del vecino pa\u00eds y del sector privado, evaluaron la factibilidad de diversos proyectos para el aprovechamiento del gas de la provincia. Tambi\u00e9n avanzaron sobre las propuestas para dotar de electricidad los pasos fronterizos.<\/div>\n<div class=\"noticia-fecha fecha text-noticia-index-fecha font-noticia-index-fecha text-base md:text-base pb-2;\">martes 01 de julio de 2025<\/div>\n<div class=\"columnista\">\n<figure class=\"flex items-center\"><figcaption>\n<div class=\"p-2\">\n<div class=\"text-noticia-index-columnista-nombre font-noticia-index-columnista-nombre\">Por Secretar\u00eda de Prensa y Comunicaci\u00f3n<\/div>\n<\/div>\n<\/figcaption><\/figure>\n<\/div>\n<div class=\"noticia-image img-container relative w-full h-&#091;18rem&#093; sm:h-&#091;22rem&#093; md:h-&#091;20rem&#093; lg:h-&#091;24rem&#093; xl:h-&#091;34rem&#093; my-2\"><img decoding=\"async\" class=\"imgdatasrc object-cover h-full w-full object-center imgdatasrcloaded\" src=\"https:\/\/cdn3.neuqueninforma.com.ar\/s3i233\/2025\/07\/neuqueninforma\/images\/02\/17\/35\/2173557_a62d2fb13e53aefc6cfae04ac754e2185ea2f0a1257f0d9c2c243d7d4047aa8f\/md.webp\" sizes=\" (max-width: 200px) 200px, (max-width: 640px) 640px, (max-width: 768px) 768px, 1200px \" srcset=\" https:\/\/cdn3.neuqueninforma.com.ar\/s3i233\/2025\/07\/neuqueninforma\/images\/02\/17\/35\/2173557_a62d2fb13e53aefc6cfae04ac754e2185ea2f0a1257f0d9c2c243d7d4047aa8f\/min.webp 200w, https:\/\/cdn3.neuqueninforma.com.ar\/s3i233\/2025\/07\/neuqueninforma\/images\/02\/17\/35\/2173557_a62d2fb13e53aefc6cfae04ac754e2185ea2f0a1257f0d9c2c243d7d4047aa8f\/xs.webp 640w , https:\/\/cdn3.neuqueninforma.com.ar\/s3i233\/2025\/07\/neuqueninforma\/images\/02\/17\/35\/2173557_a62d2fb13e53aefc6cfae04ac754e2185ea2f0a1257f0d9c2c243d7d4047aa8f\/sm.webp 768w, https:\/\/cdn3.neuqueninforma.com.ar\/s3i233\/2025\/07\/neuqueninforma\/images\/02\/17\/35\/2173557_a62d2fb13e53aefc6cfae04ac754e2185ea2f0a1257f0d9c2c243d7d4047aa8f\/md.webp 1200w \" alt=\"\" data-crop=\"\" \/><\/div>\n<div class=\"noticia-contenido contenido text-lg md:text-lg text-noticia-index-contenido font-noticia-index-contenido text-base \">\n<p>El Ente Provincial de Energ\u00eda del Neuqu\u00e9n (EPEN), organismo dependiente del ministerio de Infraestructura, ha dado un paso significativo hacia la integraci\u00f3n energ\u00e9tica con Chile. Representantes del organismo provincial participaron activamente en el 29\u00b0 Comit\u00e9 de Integraci\u00f3n de Los Lagos, donde se evalu\u00f3 la factibilidad de exportar energ\u00eda el\u00e9ctrica desde Neuqu\u00e9n hacia el pa\u00eds vecino, con foco en el aprovechamiento de los vastos recursos de gas de la provincia para la generaci\u00f3n termoel\u00e9ctrica.<\/p>\n<div class=\"adserver-zonas-noticias bannerLoaded\" data-index=\"0\"><\/div>\n<p>Esta iniciativa se alinea directamente con la agenda propuesta por el gobernador\u00a0<strong>Rolando Figueroa<\/strong>\u00a0durante el Comit\u00e9, quien enfatiz\u00f3 la importancia de desarrollar lazos energ\u00e9ticos s\u00f3lidos con Chile.<\/p>\n<div class=\"adserver-zonas-noticias bannerLoaded\" data-index=\"1\"><\/div>\n<p>El presidente del EPEN,\u00a0<strong>Mario Moya<\/strong>, destac\u00f3 el potencial de esta propuesta:\u00a0<em>\u201cPodemos proyectar la generaci\u00f3n de energ\u00eda el\u00e9ctrica a partir de nuestro gas y construir la infraestructura necesaria para establecer un v\u00ednculo con Chile\u201d.<\/em>\u00a0Moya a\u00f1adi\u00f3 que la idea es avanzar hacia un anteproyecto que contemple tanto la generaci\u00f3n a partir del gas, del cual existe una gran disponibilidad en la regi\u00f3n, como el aprovechamiento de los recursos hidroel\u00e9ctricos existentes, principalmente sobre el r\u00edo Neuqu\u00e9n.<\/p>\n<div class=\"adserver-zonas-noticias\" data-index=\"2\"><\/div>\n<p><strong>An\u00e1lisis de infraestructura y oportunidades<\/strong><\/p>\n<div class=\"adserver-zonas-noticias\" data-index=\"3\"><\/div>\n<p>Durante las mesas t\u00e9cnicas, se abord\u00f3 la situaci\u00f3n actual de las instalaciones energ\u00e9ticas existentes. Moya indic\u00f3 que hay centrales en Chile que han cesado su operaci\u00f3n por falta de gas, as\u00ed como la disponibilidad de gasoductos que podr\u00edan rehabilitarse.\u00a0<em>\u201cLa posibilidad analizada en el encuentro es restablecer el servicio, garantizar la confiabilidad y entregar el fluido, as\u00ed como la oportunidad de reactivar estas obras\u201d<\/em>, explic\u00f3.<\/p>\n<div class=\"adserver-zonas-noticias\" data-index=\"4\"><\/div>\n<p>El inter\u00e9s en este tema fue notable, con la participaci\u00f3n de representantes gubernamentales de Neuqu\u00e9n, entidades privadas chilenas, y actores p\u00fablicos y privados de Argentina. Esta agenda de trabajo continuar\u00e1 en encuentros virtuales durante los pr\u00f3ximos meses.<\/p>\n<div class=\"adserver-zonas-noticias\" data-index=\"5\"><\/div>\n<p><strong>Modernizaci\u00f3n de pasos fronterizos con suministro el\u00e9ctrico permanente<\/strong><\/p>\n<div class=\"adserver-zonas-noticias\" data-index=\"6\"><\/div>\n<p>En otra instancia, dentro de la mesa de la Comisi\u00f3n de Infraestructura, el EPEN present\u00f3 los proyectos en ejecuci\u00f3n para la electrificaci\u00f3n de los pasos fronterizos.\u00a0<strong>Moya<\/strong>\u00a0detall\u00f3 en este sentido el avance en la obra del Paso Mamuil Malal, cuya finalizaci\u00f3n se proyecta para el verano 2025-2026, con el objetivo de abastecer con energ\u00eda el\u00e9ctrica desde la red, eliminando la necesidad de generaci\u00f3n local con combustible di\u00e9sel.<\/p>\n<div class=\"adserver-zonas-noticias\" data-index=\"7\"><\/div>\n<p><em>\u201cEs importante considerar que varios pasos fronterizos actualmente se abastecen con combustibles di\u00e9sel o GLP\u201d<\/em>, se\u00f1al\u00f3\u00a0<strong>Moya<\/strong>. Adem\u00e1s, se presentaron los proyectos para el Paso Samor\u00e9, que contempla una alimentaci\u00f3n subterr\u00e1nea debido a las caracter\u00edsticas del terreno en la zona, y la alimentaci\u00f3n al Paso Pino Hachado, uno de los m\u00e1s importantes. El equipo t\u00e9cnico del EPEN tambi\u00e9n recopil\u00f3 informaci\u00f3n para la elaboraci\u00f3n de anteproyectos para los pasos Pichach\u00e9n y Minas \u00d1uble.<\/p>\n<div class=\"adserver-zonas-noticias\" data-index=\"8\"><\/div>\n<p>La interconexi\u00f3n de estos pasos fronterizos garantizar\u00e1 un suministro el\u00e9ctrico confiable y continuo, lo que se traducir\u00e1 en una disminuci\u00f3n significativa de los costos operativos y una reducci\u00f3n del impacto ambiental.<\/p>\n<div class=\"adserver-zonas-noticias\" data-index=\"9\"><\/div>\n<p><iframe src=\"https:\/\/www.ivoox.com\/player_ej_151516588_6_1.html?c1=81b464\" width=\"100%\" height=\"200\" frameborder=\"0\" scrolling=\"no\" allowfullscreen=\"allowfullscreen\"><\/iframe><\/p>\n<div class=\"adserver-zonas-noticias\" data-index=\"10\"><\/div>\n<p><iframe src=\"https:\/\/www.ivoox.com\/player_ej_151516510_6_1.html?c1=81b464\" width=\"100%\" height=\"200\" frameborder=\"0\" scrolling=\"no\" allowfullscreen=\"allowfullscreen\"><\/iframe><\/p>\n<\/div>\n<\/div>\n<\/div><div class=\"fusion-clearfix\"><\/div><\/div><\/div><div class=\"fusion-layout-column fusion_builder_column fusion-builder-column-1 fusion_builder_column_1_3 1_3 fusion-one-third fusion-column-last\" style=\"--awb-bg-size:cover;width:33.333333333333%;width:calc(33.333333333333% - ( ( 1% ) * 0.33333333333333 ) );\" data-scroll-devices=\"small-visibility,medium-visibility,large-visibility\"><div class=\"fusion-column-wrapper fusion-column-has-shadow fusion-flex-column-wrapper-legacy\"><div class=\"fusion-column-content-centered\"><div class=\"fusion-column-content\"><div class=\"fusion-widget-area awb-widget-area-element fusion-widget-area-1 fusion-content-widget-area\" style=\"--awb-title-size:20px;--awb-title-color:#333333;--awb-padding:0px 0px 0px 0px;\"><style type=\"text\/css\" data-id=\"tweets-widget-2\">#tweets-widget-2 li { border-color:#eaeaea;}<\/style><section id=\"tweets-widget-2\" class=\"widget tweets\" style=\"border-style: solid;border-color: #eaeaea;border-color:transparent;border-width:0px;\">\t\t\t\t\n\t\t<div style=\"overflow:hidden\">\n\t\t\t\t\t\t\t\t\t\t\t<a class=\"twitter-timeline\" data-dnt=\"true\" href=\"https:\/\/twitter.com\/@EPEN_Informa\" data-width=\"500\" data-height=\"300\" width=\"500\" height=\"300\" data-theme=\"light\" data-link-color=\"##25a9bd\" data-border-color=\"#eaeaea\" data-chrome=\"\">Tweets por @EPEN_Informa<\/a>\n\t\t\t\t\t\t\t\n\t\t\t\t\t\t\t\t\t\t\t<script async src=\"\/\/platform.twitter.com\/widgets.js\" charset=\"utf-8\"><\/script>\n\t\t\t\t\t\t\t\n\t\t<\/div>\n\t\t<\/section>\n\t\t<section id=\"recent-posts-3\" class=\"widget widget_recent_entries\" style=\"border-style: solid;border-color:transparent;border-width:0px;\">\n\t\t<div class=\"heading\"><h4 class=\"widget-title\">Entradas recientes<\/h4><\/div>\n\t\t<ul>\n\t\t\t\t\t\t\t\t\t\t\t<li>\n\t\t\t\t\t<a href=\"https:\/\/www.epen.gov.ar\/index.php\/2026\/04\/29\/corte-programado-en-sectores-de-centenario-el-30-04-2026\/\">Corte Programado en sectores de Centenario el 30\/04\/2026<\/a>\n\t\t\t\t\t\t\t\t\t\t\t<span class=\"post-date\">29\/04\/2026<\/span>\n\t\t\t\t\t\t\t\t\t<\/li>\n\t\t\t\t\t\t\t\t\t\t\t<li>\n\t\t\t\t\t<a href=\"https:\/\/www.epen.gov.ar\/index.php\/2026\/04\/28\/el-epen-impulsa-el-desarrollo-de-varvarco-con-nueva-infraestructura-para-17-lotes\/\">El EPEN impulsa el desarrollo de Varvarco con nueva infraestructura para 17 lotes<\/a>\n\t\t\t\t\t\t\t\t\t\t\t<span class=\"post-date\">28\/04\/2026<\/span>\n\t\t\t\t\t\t\t\t\t<\/li>\n\t\t\t\t\t\t\t\t\t\t\t<li>\n\t\t\t\t\t<a href=\"https:\/\/www.epen.gov.ar\/index.php\/2026\/04\/28\/corte-programado-en-sectores-de-zona-nahueve-el-30-04-2026\/\">Corte Programado en sectores de zona Nahueve el 30\/04\/2026<\/a>\n\t\t\t\t\t\t\t\t\t\t\t<span class=\"post-date\">28\/04\/2026<\/span>\n\t\t\t\t\t\t\t\t\t<\/li>\n\t\t\t\t\t\t\t\t\t\t\t<li>\n\t\t\t\t\t<a href=\"https:\/\/www.epen.gov.ar\/index.php\/2026\/04\/24\/corte-programado-en-sectores-de-san-martin-de-los-andes-el-25-04-2026\/\">Corte Programado en sectores de San Mart\u00edn de los Andes el 25\/04\/2026<\/a>\n\t\t\t\t\t\t\t\t\t\t\t<span class=\"post-date\">24\/04\/2026<\/span>\n\t\t\t\t\t\t\t\t\t<\/li>\n\t\t\t\t\t\t\t\t\t\t\t<li>\n\t\t\t\t\t<a href=\"https:\/\/www.epen.gov.ar\/index.php\/2026\/04\/24\/corte-programado-en-sectores-de-centenario-el-25-04-2026\/\">Corte Programado en sectores de Centenario el 25\/04\/2026<\/a>\n\t\t\t\t\t\t\t\t\t\t\t<span class=\"post-date\">24\/04\/2026<\/span>\n\t\t\t\t\t\t\t\t\t<\/li>\n\t\t\t\t\t<\/ul>\n\n\t\t<\/section><div class=\"fusion-additional-widget-content\"><\/div><\/div><div class=\"fusion-image-element in-legacy-container\" style=\"--awb-margin-top:5%;--awb-caption-title-font-family:var(--h2_typography-font-family);--awb-caption-title-font-weight:var(--h2_typography-font-weight);--awb-caption-title-font-style:var(--h2_typography-font-style);--awb-caption-title-size:var(--h2_typography-font-size);--awb-caption-title-transform:var(--h2_typography-text-transform);--awb-caption-title-line-height:var(--h2_typography-line-height);--awb-caption-title-letter-spacing:var(--h2_typography-letter-spacing);\"><span class=\" fusion-imageframe imageframe-none imageframe-1 hover-type-none\"><img decoding=\"async\" width=\"800\" height=\"800\" title=\"GIF-Consumos-Verano\" src=\"https:\/\/www.epen.gov.ar\/wp-content\/uploads\/2025\/01\/GIF-Consumos-Verano-1.gif\" alt class=\"img-responsive wp-image-159933\"\/><\/span><\/div><\/div><\/div><div class=\"fusion-clearfix\"><\/div><\/div><\/div><\/div><\/div>\n","protected":false},"excerpt":{"rendered":"","protected":false},"author":1,"featured_media":174759,"comment_status":"closed","ping_status":"closed","sticky":false,"template":"","format":"standard","meta":{"_exactmetrics_skip_tracking":false,"_exactmetrics_sitenote_active":false,"_exactmetrics_sitenote_note":"","_exactmetrics_sitenote_category":0,"footnotes":""},"categories":[84],"tags":[706,707],"class_list":["post-174746","post","type-post","status-publish","format-standard","has-post-thumbnail","hentry","category-noticias","tag-integracion-energetica","tag-pasos-fronterizos"],"yoast_head":"<!-- This site is optimized with the Yoast SEO plugin v27.2 - https:\/\/yoast.com\/product\/yoast-seo-wordpress\/ -->\n<title>EPEN - Neuqu\u00e9n y Chile impulsan la integraci\u00f3n energ\u00e9tica binacional<\/title>\n<meta name=\"description\" content=\"Neuqu\u00e9n y Chile impulsan la integraci\u00f3n energ\u00e9tica binacional Noticias\" \/>\n<meta name=\"robots\" content=\"index, follow, max-snippet:-1, max-image-preview:large, max-video-preview:-1\" \/>\n<link rel=\"canonical\" href=\"https:\/\/www.epen.gov.ar\/index.php\/2025\/07\/04\/174746\/\" \/>\n<meta property=\"og:locale\" content=\"es_ES\" \/>\n<meta property=\"og:type\" content=\"article\" \/>\n<meta property=\"og:title\" content=\"EPEN - Neuqu\u00e9n y Chile impulsan la integraci\u00f3n energ\u00e9tica binacional\" \/>\n<meta property=\"og:description\" content=\"Neuqu\u00e9n y Chile impulsan la integraci\u00f3n energ\u00e9tica binacional Noticias\" \/>\n<meta property=\"og:url\" content=\"https:\/\/www.epen.gov.ar\/index.php\/2025\/07\/04\/174746\/\" \/>\n<meta property=\"og:site_name\" content=\"EPEN\" \/>\n<meta property=\"article:publisher\" content=\"https:\/\/www.facebook.com\/EPEN.Neuquen\" \/>\n<meta property=\"article:published_time\" content=\"2025-07-04T14:27:11+00:00\" \/>\n<meta property=\"article:modified_time\" content=\"2025-07-04T14:29:07+00:00\" \/>\n<meta property=\"og:image\" content=\"https:\/\/www.epen.gov.ar\/wp-content\/uploads\/2025\/07\/MOya-nota-prensa-gob-pasos-fornterizos.jpeg\" \/>\n\t<meta property=\"og:image:width\" content=\"1039\" \/>\n\t<meta property=\"og:image:height\" content=\"693\" \/>\n\t<meta property=\"og:image:type\" content=\"image\/jpeg\" \/>\n<meta name=\"author\" content=\"Prensa EPEN\" \/>\n<meta name=\"twitter:card\" content=\"summary_large_image\" \/>\n<meta name=\"twitter:creator\" content=\"@EPEN_Informa\" \/>\n<meta name=\"twitter:site\" content=\"@EPEN_Informa\" \/>\n<meta name=\"twitter:label1\" content=\"Escrito por\" \/>\n\t<meta name=\"twitter:data1\" content=\"Prensa EPEN\" \/>\n\t<meta name=\"twitter:label2\" content=\"Tiempo de lectura\" \/>\n\t<meta name=\"twitter:data2\" content=\"4 minutos\" \/>\n<script type=\"application\/ld+json\" class=\"yoast-schema-graph\">{\"@context\":\"https:\/\/schema.org\",\"@graph\":[{\"@type\":\"Article\",\"@id\":\"https:\/\/www.epen.gov.ar\/index.php\/2025\/07\/04\/174746\/#article\",\"isPartOf\":{\"@id\":\"https:\/\/www.epen.gov.ar\/index.php\/2025\/07\/04\/174746\/\"},\"author\":{\"name\":\"Prensa EPEN\",\"@id\":\"https:\/\/www.epen.gov.ar\/#\/schema\/person\/ce6cff87c2fc01264becc10fa105ad4f\"},\"headline\":\"Neuqu\u00e9n y Chile impulsan la integraci\u00f3n energ\u00e9tica binacional\",\"datePublished\":\"2025-07-04T14:27:11+00:00\",\"dateModified\":\"2025-07-04T14:29:07+00:00\",\"mainEntityOfPage\":{\"@id\":\"https:\/\/www.epen.gov.ar\/index.php\/2025\/07\/04\/174746\/\"},\"wordCount\":2160,\"publisher\":{\"@id\":\"https:\/\/www.epen.gov.ar\/#organization\"},\"image\":{\"@id\":\"https:\/\/www.epen.gov.ar\/index.php\/2025\/07\/04\/174746\/#primaryimage\"},\"thumbnailUrl\":\"https:\/\/www.epen.gov.ar\/wp-content\/uploads\/2025\/07\/MOya-nota-prensa-gob-pasos-fornterizos.jpeg\",\"keywords\":[\"Integraci\u00f3n energ\u00e9tica\",\"Pasos fronterizos\"],\"articleSection\":[\"Noticias\"],\"inLanguage\":\"es\"},{\"@type\":\"WebPage\",\"@id\":\"https:\/\/www.epen.gov.ar\/index.php\/2025\/07\/04\/174746\/\",\"url\":\"https:\/\/www.epen.gov.ar\/index.php\/2025\/07\/04\/174746\/\",\"name\":\"EPEN - Neuqu\u00e9n y Chile impulsan la integraci\u00f3n energ\u00e9tica binacional\",\"isPartOf\":{\"@id\":\"https:\/\/www.epen.gov.ar\/#website\"},\"primaryImageOfPage\":{\"@id\":\"https:\/\/www.epen.gov.ar\/index.php\/2025\/07\/04\/174746\/#primaryimage\"},\"image\":{\"@id\":\"https:\/\/www.epen.gov.ar\/index.php\/2025\/07\/04\/174746\/#primaryimage\"},\"thumbnailUrl\":\"https:\/\/www.epen.gov.ar\/wp-content\/uploads\/2025\/07\/MOya-nota-prensa-gob-pasos-fornterizos.jpeg\",\"datePublished\":\"2025-07-04T14:27:11+00:00\",\"dateModified\":\"2025-07-04T14:29:07+00:00\",\"description\":\"Neuqu\u00e9n y Chile impulsan la integraci\u00f3n energ\u00e9tica binacional Noticias\",\"breadcrumb\":{\"@id\":\"https:\/\/www.epen.gov.ar\/index.php\/2025\/07\/04\/174746\/#breadcrumb\"},\"inLanguage\":\"es\",\"potentialAction\":[{\"@type\":\"ReadAction\",\"target\":[\"https:\/\/www.epen.gov.ar\/index.php\/2025\/07\/04\/174746\/\"]}]},{\"@type\":\"ImageObject\",\"inLanguage\":\"es\",\"@id\":\"https:\/\/www.epen.gov.ar\/index.php\/2025\/07\/04\/174746\/#primaryimage\",\"url\":\"https:\/\/www.epen.gov.ar\/wp-content\/uploads\/2025\/07\/MOya-nota-prensa-gob-pasos-fornterizos.jpeg\",\"contentUrl\":\"https:\/\/www.epen.gov.ar\/wp-content\/uploads\/2025\/07\/MOya-nota-prensa-gob-pasos-fornterizos.jpeg\",\"width\":1039,\"height\":693},{\"@type\":\"BreadcrumbList\",\"@id\":\"https:\/\/www.epen.gov.ar\/index.php\/2025\/07\/04\/174746\/#breadcrumb\",\"itemListElement\":[{\"@type\":\"ListItem\",\"position\":1,\"name\":\"Inicio\",\"item\":\"https:\/\/www.epen.gov.ar\/\"},{\"@type\":\"ListItem\",\"position\":2,\"name\":\"Neuqu\u00e9n y Chile impulsan la integraci\u00f3n energ\u00e9tica binacional\"}]},{\"@type\":\"WebSite\",\"@id\":\"https:\/\/www.epen.gov.ar\/#website\",\"url\":\"https:\/\/www.epen.gov.ar\/\",\"name\":\"EPEN\",\"description\":\"Ente Provincial de Energ\u00eda del Neuqu\u00e9n\",\"publisher\":{\"@id\":\"https:\/\/www.epen.gov.ar\/#organization\"},\"potentialAction\":[{\"@type\":\"SearchAction\",\"target\":{\"@type\":\"EntryPoint\",\"urlTemplate\":\"https:\/\/www.epen.gov.ar\/?s={search_term_string}\"},\"query-input\":{\"@type\":\"PropertyValueSpecification\",\"valueRequired\":true,\"valueName\":\"search_term_string\"}}],\"inLanguage\":\"es\"},{\"@type\":\"Organization\",\"@id\":\"https:\/\/www.epen.gov.ar\/#organization\",\"name\":\"Ente Provincial de Energ\u00eda del Neuqu\u00e9n\",\"url\":\"https:\/\/www.epen.gov.ar\/\",\"logo\":{\"@type\":\"ImageObject\",\"inLanguage\":\"es\",\"@id\":\"https:\/\/www.epen.gov.ar\/#\/schema\/logo\/image\/\",\"url\":\"https:\/\/www.epen.gov.ar\/wp-content\/uploads\/2024\/02\/Logo-EPEN-2.jpg\",\"contentUrl\":\"https:\/\/www.epen.gov.ar\/wp-content\/uploads\/2024\/02\/Logo-EPEN-2.jpg\",\"width\":696,\"height\":696,\"caption\":\"Ente Provincial de Energ\u00eda del Neuqu\u00e9n\"},\"image\":{\"@id\":\"https:\/\/www.epen.gov.ar\/#\/schema\/logo\/image\/\"},\"sameAs\":[\"https:\/\/www.facebook.com\/EPEN.Neuquen\",\"https:\/\/x.com\/EPEN_Informa\",\"https:\/\/www.youtube.com\/@epenprensa7384\"]},{\"@type\":\"Person\",\"@id\":\"https:\/\/www.epen.gov.ar\/#\/schema\/person\/ce6cff87c2fc01264becc10fa105ad4f\",\"name\":\"Prensa EPEN\",\"image\":{\"@type\":\"ImageObject\",\"inLanguage\":\"es\",\"@id\":\"https:\/\/secure.gravatar.com\/avatar\/f8120b8688012ccf2d7fbcf7a970cfbabf0ab63b09c2dbd72c194bee080070e9?s=96&d=mm&r=g\",\"url\":\"https:\/\/secure.gravatar.com\/avatar\/f8120b8688012ccf2d7fbcf7a970cfbabf0ab63b09c2dbd72c194bee080070e9?s=96&d=mm&r=g\",\"contentUrl\":\"https:\/\/secure.gravatar.com\/avatar\/f8120b8688012ccf2d7fbcf7a970cfbabf0ab63b09c2dbd72c194bee080070e9?s=96&d=mm&r=g\",\"caption\":\"Prensa EPEN\"},\"url\":\"https:\/\/www.epen.gov.ar\/index.php\/author\/admin\/\"}]}<\/script>\n<!-- \/ Yoast SEO plugin. -->","yoast_head_json":{"title":"EPEN - Neuqu\u00e9n y Chile impulsan la integraci\u00f3n energ\u00e9tica binacional","description":"Neuqu\u00e9n y Chile impulsan la integraci\u00f3n energ\u00e9tica binacional Noticias","robots":{"index":"index","follow":"follow","max-snippet":"max-snippet:-1","max-image-preview":"max-image-preview:large","max-video-preview":"max-video-preview:-1"},"canonical":"https:\/\/www.epen.gov.ar\/index.php\/2025\/07\/04\/174746\/","og_locale":"es_ES","og_type":"article","og_title":"EPEN - Neuqu\u00e9n y Chile impulsan la integraci\u00f3n energ\u00e9tica binacional","og_description":"Neuqu\u00e9n y Chile impulsan la integraci\u00f3n energ\u00e9tica binacional Noticias","og_url":"https:\/\/www.epen.gov.ar\/index.php\/2025\/07\/04\/174746\/","og_site_name":"EPEN","article_publisher":"https:\/\/www.facebook.com\/EPEN.Neuquen","article_published_time":"2025-07-04T14:27:11+00:00","article_modified_time":"2025-07-04T14:29:07+00:00","og_image":[{"width":1039,"height":693,"url":"https:\/\/www.epen.gov.ar\/wp-content\/uploads\/2025\/07\/MOya-nota-prensa-gob-pasos-fornterizos.jpeg","type":"image\/jpeg"}],"author":"Prensa EPEN","twitter_card":"summary_large_image","twitter_creator":"@EPEN_Informa","twitter_site":"@EPEN_Informa","twitter_misc":{"Escrito por":"Prensa EPEN","Tiempo de lectura":"4 minutos"},"schema":{"@context":"https:\/\/schema.org","@graph":[{"@type":"Article","@id":"https:\/\/www.epen.gov.ar\/index.php\/2025\/07\/04\/174746\/#article","isPartOf":{"@id":"https:\/\/www.epen.gov.ar\/index.php\/2025\/07\/04\/174746\/"},"author":{"name":"Prensa EPEN","@id":"https:\/\/www.epen.gov.ar\/#\/schema\/person\/ce6cff87c2fc01264becc10fa105ad4f"},"headline":"Neuqu\u00e9n y Chile impulsan la integraci\u00f3n energ\u00e9tica binacional","datePublished":"2025-07-04T14:27:11+00:00","dateModified":"2025-07-04T14:29:07+00:00","mainEntityOfPage":{"@id":"https:\/\/www.epen.gov.ar\/index.php\/2025\/07\/04\/174746\/"},"wordCount":2160,"publisher":{"@id":"https:\/\/www.epen.gov.ar\/#organization"},"image":{"@id":"https:\/\/www.epen.gov.ar\/index.php\/2025\/07\/04\/174746\/#primaryimage"},"thumbnailUrl":"https:\/\/www.epen.gov.ar\/wp-content\/uploads\/2025\/07\/MOya-nota-prensa-gob-pasos-fornterizos.jpeg","keywords":["Integraci\u00f3n energ\u00e9tica","Pasos fronterizos"],"articleSection":["Noticias"],"inLanguage":"es"},{"@type":"WebPage","@id":"https:\/\/www.epen.gov.ar\/index.php\/2025\/07\/04\/174746\/","url":"https:\/\/www.epen.gov.ar\/index.php\/2025\/07\/04\/174746\/","name":"EPEN - Neuqu\u00e9n y Chile impulsan la integraci\u00f3n energ\u00e9tica binacional","isPartOf":{"@id":"https:\/\/www.epen.gov.ar\/#website"},"primaryImageOfPage":{"@id":"https:\/\/www.epen.gov.ar\/index.php\/2025\/07\/04\/174746\/#primaryimage"},"image":{"@id":"https:\/\/www.epen.gov.ar\/index.php\/2025\/07\/04\/174746\/#primaryimage"},"thumbnailUrl":"https:\/\/www.epen.gov.ar\/wp-content\/uploads\/2025\/07\/MOya-nota-prensa-gob-pasos-fornterizos.jpeg","datePublished":"2025-07-04T14:27:11+00:00","dateModified":"2025-07-04T14:29:07+00:00","description":"Neuqu\u00e9n y Chile impulsan la integraci\u00f3n energ\u00e9tica binacional Noticias","breadcrumb":{"@id":"https:\/\/www.epen.gov.ar\/index.php\/2025\/07\/04\/174746\/#breadcrumb"},"inLanguage":"es","potentialAction":[{"@type":"ReadAction","target":["https:\/\/www.epen.gov.ar\/index.php\/2025\/07\/04\/174746\/"]}]},{"@type":"ImageObject","inLanguage":"es","@id":"https:\/\/www.epen.gov.ar\/index.php\/2025\/07\/04\/174746\/#primaryimage","url":"https:\/\/www.epen.gov.ar\/wp-content\/uploads\/2025\/07\/MOya-nota-prensa-gob-pasos-fornterizos.jpeg","contentUrl":"https:\/\/www.epen.gov.ar\/wp-content\/uploads\/2025\/07\/MOya-nota-prensa-gob-pasos-fornterizos.jpeg","width":1039,"height":693},{"@type":"BreadcrumbList","@id":"https:\/\/www.epen.gov.ar\/index.php\/2025\/07\/04\/174746\/#breadcrumb","itemListElement":[{"@type":"ListItem","position":1,"name":"Inicio","item":"https:\/\/www.epen.gov.ar\/"},{"@type":"ListItem","position":2,"name":"Neuqu\u00e9n y Chile impulsan la integraci\u00f3n energ\u00e9tica binacional"}]},{"@type":"WebSite","@id":"https:\/\/www.epen.gov.ar\/#website","url":"https:\/\/www.epen.gov.ar\/","name":"EPEN","description":"Ente Provincial de Energ\u00eda del Neuqu\u00e9n","publisher":{"@id":"https:\/\/www.epen.gov.ar\/#organization"},"potentialAction":[{"@type":"SearchAction","target":{"@type":"EntryPoint","urlTemplate":"https:\/\/www.epen.gov.ar\/?s={search_term_string}"},"query-input":{"@type":"PropertyValueSpecification","valueRequired":true,"valueName":"search_term_string"}}],"inLanguage":"es"},{"@type":"Organization","@id":"https:\/\/www.epen.gov.ar\/#organization","name":"Ente Provincial de Energ\u00eda del Neuqu\u00e9n","url":"https:\/\/www.epen.gov.ar\/","logo":{"@type":"ImageObject","inLanguage":"es","@id":"https:\/\/www.epen.gov.ar\/#\/schema\/logo\/image\/","url":"https:\/\/www.epen.gov.ar\/wp-content\/uploads\/2024\/02\/Logo-EPEN-2.jpg","contentUrl":"https:\/\/www.epen.gov.ar\/wp-content\/uploads\/2024\/02\/Logo-EPEN-2.jpg","width":696,"height":696,"caption":"Ente Provincial de Energ\u00eda del Neuqu\u00e9n"},"image":{"@id":"https:\/\/www.epen.gov.ar\/#\/schema\/logo\/image\/"},"sameAs":["https:\/\/www.facebook.com\/EPEN.Neuquen","https:\/\/x.com\/EPEN_Informa","https:\/\/www.youtube.com\/@epenprensa7384"]},{"@type":"Person","@id":"https:\/\/www.epen.gov.ar\/#\/schema\/person\/ce6cff87c2fc01264becc10fa105ad4f","name":"Prensa EPEN","image":{"@type":"ImageObject","inLanguage":"es","@id":"https:\/\/secure.gravatar.com\/avatar\/f8120b8688012ccf2d7fbcf7a970cfbabf0ab63b09c2dbd72c194bee080070e9?s=96&d=mm&r=g","url":"https:\/\/secure.gravatar.com\/avatar\/f8120b8688012ccf2d7fbcf7a970cfbabf0ab63b09c2dbd72c194bee080070e9?s=96&d=mm&r=g","contentUrl":"https:\/\/secure.gravatar.com\/avatar\/f8120b8688012ccf2d7fbcf7a970cfbabf0ab63b09c2dbd72c194bee080070e9?s=96&d=mm&r=g","caption":"Prensa EPEN"},"url":"https:\/\/www.epen.gov.ar\/index.php\/author\/admin\/"}]}},"_links":{"self":[{"href":"https:\/\/www.epen.gov.ar\/index.php\/wp-json\/wp\/v2\/posts\/174746","targetHints":{"allow":["GET"]}}],"collection":[{"href":"https:\/\/www.epen.gov.ar\/index.php\/wp-json\/wp\/v2\/posts"}],"about":[{"href":"https:\/\/www.epen.gov.ar\/index.php\/wp-json\/wp\/v2\/types\/post"}],"author":[{"embeddable":true,"href":"https:\/\/www.epen.gov.ar\/index.php\/wp-json\/wp\/v2\/users\/1"}],"replies":[{"embeddable":true,"href":"https:\/\/www.epen.gov.ar\/index.php\/wp-json\/wp\/v2\/comments?post=174746"}],"version-history":[{"count":6,"href":"https:\/\/www.epen.gov.ar\/index.php\/wp-json\/wp\/v2\/posts\/174746\/revisions"}],"predecessor-version":[{"id":174885,"href":"https:\/\/www.epen.gov.ar\/index.php\/wp-json\/wp\/v2\/posts\/174746\/revisions\/174885"}],"wp:featuredmedia":[{"embeddable":true,"href":"https:\/\/www.epen.gov.ar\/index.php\/wp-json\/wp\/v2\/media\/174759"}],"wp:attachment":[{"href":"https:\/\/www.epen.gov.ar\/index.php\/wp-json\/wp\/v2\/media?parent=174746"}],"wp:term":[{"taxonomy":"category","embeddable":true,"href":"https:\/\/www.epen.gov.ar\/index.php\/wp-json\/wp\/v2\/categories?post=174746"},{"taxonomy":"post_tag","embeddable":true,"href":"https:\/\/www.epen.gov.ar\/index.php\/wp-json\/wp\/v2\/tags?post=174746"}],"curies":[{"name":"wp","href":"https:\/\/api.w.org\/{rel}","templated":true}]}}