{"id":167495,"date":"2025-04-29T19:42:49","date_gmt":"2025-04-29T22:42:49","guid":{"rendered":"http:\/\/192.168.200.48\/?p=167495"},"modified":"2025-05-13T12:56:44","modified_gmt":"2025-05-13T15:56:44","slug":"se-licito-la-obra-de-readecuacion-de-la-estacion-transformadora-de-centenario","status":"publish","type":"post","link":"https:\/\/www.epen.gov.ar\/index.php\/2025\/04\/29\/se-licito-la-obra-de-readecuacion-de-la-estacion-transformadora-de-centenario\/","title":{"rendered":"Se licit\u00f3 la obra de readecuaci\u00f3n de la Estaci\u00f3n Transformadora de Centenario"},"content":{"rendered":"<div class=\"fusion-fullwidth fullwidth-box fusion-builder-row-1 fusion-flex-container hundred-percent-fullwidth non-hundred-percent-height-scrolling\" style=\"--awb-border-radius-top-left:0px;--awb-border-radius-top-right:0px;--awb-border-radius-bottom-right:0px;--awb-border-radius-bottom-left:0px;--awb-flex-wrap:wrap;\" ><div class=\"fusion-builder-row fusion-row fusion-flex-align-items-flex-start fusion-flex-content-wrap\" style=\"width:104% !important;max-width:104% !important;margin-left: calc(-4% \/ 2 );margin-right: calc(-4% \/ 2 );\"><div class=\"fusion-layout-column fusion_builder_column fusion-builder-column-0 fusion_builder_column_2_3 2_3 fusion-flex-column\" style=\"--awb-bg-size:cover;--awb-width-large:66.666666666667%;--awb-margin-top-large:0px;--awb-spacing-right-large:0%;--awb-margin-bottom-large:20px;--awb-spacing-left-large:2.88%;--awb-width-medium:100%;--awb-spacing-right-medium:1.92%;--awb-spacing-left-medium:1.92%;--awb-width-small:100%;--awb-spacing-right-small:1.92%;--awb-spacing-left-small:1.92%;\"><div class=\"fusion-column-wrapper fusion-column-has-shadow fusion-flex-justify-content-flex-start fusion-content-layout-column\"><div class=\"fusion-text fusion-text-1\"><p><em>Se presentaron tres oferentes para ejecutar la obra que cuenta con un presupuesto oficial de m\u00e1s de 11 mil millones de pesos, adem\u00e1s de unos 8 mil millones de pesos destinados a equipamiento.<\/em><\/p>\n<p>Este martes se llev\u00f3 a cabo la apertura de sobres con las ofertas para ejecutar la obra de readecuaci\u00f3n de la Estaci\u00f3n Transformadora de Centenario, clave para el desarrollo de esa localidad y Vista Alegre. Se presentaron tres oferentes: Rovella Carranza SA; Ingenia Grupo Consultor SA e IPE Energ\u00eda SA.<\/p>\n<p>El presupuesto oficial asciende a 11.250 millones de pesos a valores de octubre de 2024, y se le suma la compra de equipamiento especifico que consiste en dos nuevos transformadores y equipos interruptores, por lo que la inversi\u00f3n total asciende a 19.800 millones de pesos.<\/p>\n<p>La obra se torn\u00f3 necesaria tras un incendio que afect\u00f3 las instalaciones de la estaci\u00f3n transformadora en 2023 y dej\u00f3 sin electricidad a Centenario y localidades aleda\u00f1as por m\u00e1s de 60 horas.<\/p>\n<p>Esta readecuaci\u00f3n permitir\u00e1 duplicar la potencia final para obtener mayor disponibilidad y desarrollo tanto hacia Vista Alegre como para transferir hacia Centenario y distribuir al parque industrial de esa zona.<\/p>\n<p>En la apertura del acto el ministro de Econom\u00eda, Producci\u00f3n e Industria,\u00a0<strong>Guillermo Koenig<\/strong>, afirm\u00f3 que esta inversi\u00f3n refleja el modelo de neuquinidad que defiende a empresas p\u00fablicas como el EPEN, que son esenciales para acceder a servicios en \u00e1reas donde los privados no invierten.<\/p>\n<p>Indic\u00f3 que, gracias al desarrollo de Vaca Muerta, la provincia entre 2030 y 2031 va a estar exportando m\u00e1s de 30.000 millones de d\u00f3lares y subray\u00f3 la importancia de la ley de Invierta Neuqu\u00e9n en ese esquema y asegur\u00f3 que junto con la ley Emplea Neuqu\u00e9n se deber\u00e1 dise\u00f1ar el futuro de la provincia.<\/p>\n<p>\u201c<em>Lo tenemos que armar un poco entre todos, tenemos que ir pensando el nuevo modelo cuando ya nuestra roca no sea lo suficientemente productiva o los precios de los commodities no sean atractivos para desarrollar la actividad econ\u00f3mica. Mientras, estamos en una ventana de tiempos que la tenemos que aprovechar y ser inteligentes<\/em>\u201d, se\u00f1al\u00f3.<\/p>\n<p>\u201c<em>El panorama va a ser muy bueno, pero tenemos que ser muy prudentes en lo que gastamos y traducir todo en obras. Ese es un poco el modelo de lo que estamos haciendo, con obras que sean transparentes, que sean a trav\u00e9s de una licitaci\u00f3n, que haya una compulsa, que el acto sea p\u00fablico y que gane la mejor propuesta<\/em>\u201d, finaliz\u00f3.<\/p>\n<p>Por su parte, el presidente del EPEN,\u00a0<strong>Mario Moya<\/strong>, destac\u00f3 que tras el incendio de 2023. El personal del organismo logr\u00f3 restablecer el servicio en menos de 72 horas con instalaciones provisorias, y con esta obra no s\u00f3lo se apunta a restablecer el servicio sino tambi\u00e9n a \u201c<em>tener mayor confiabilidad y mayores salidas<\/em>\u201d, indic\u00f3.<\/p>\n<p>\u201c<em>Esto nos va a permitir un desarrollo dentro de nuestro sistema de distribuci\u00f3n que alcanza no solamente a Centenario, sino tambi\u00e9n a Vista Alegre y los parques industriales que se encuentran en la zona, como parte tambi\u00e9n del parque industrial de Neuqu\u00e9n<\/em>\u201d, detall\u00f3, y agradeci\u00f3 el esfuerzo de los trabajadores del EPEN y el apoyo del gobierno provincial.<\/p>\n<p>En tanto, el intendente de Vista Alegre,\u00a0<strong>Jos\u00e9 Assad<\/strong>, manifest\u00f3 su satisfacci\u00f3n y su agradecimiento al gobierno provincial por estar \u201c<em>siempre acompa\u00f1ando las pol\u00edticas p\u00fablicas, las pol\u00edticas de desarrollo y, sobre todo, defendiendo esta neuquinidad<\/em>\u201d, e indic\u00f3 que el EPEN \u201c<em>es una empresa totalmente de ra\u00edz neuquina y hay que seguir defendi\u00e9ndola, sosteni\u00e9ndola, y sobre todo ponerle valor: el valor de su gente, de los trabajadores<\/em>\u201d.<\/p>\n<p>En el acto estuvieron presentes el delegado de la Regi\u00f3n Confluencia,\u00a0<strong>Jorge Jamut<\/strong>; y de Vaca Muerta,\u00a0<strong>Milton Morales<\/strong>, el secretario de Transporte de la municipalidad de Centenario,\u00a0<strong>Benito Torres<\/strong>, el director por los trabajadores del EPEN,\u00a0<strong>Mario Chiappe<\/strong>, y la directora por el Poder Ejecutivo,\u00a0<strong>Agustina Barahona<\/strong>, junto a todo el directorio.<\/p>\n<p><strong>Plan de obras<\/strong><\/p>\n<p>El plan de obras incluye la reparaci\u00f3n del edificio afectado por el incendio; el montaje de nuevos equipos, incluyendo celdas e interruptores de media tensi\u00f3n; la sustituci\u00f3n de dos transformadores, cuya fabricaci\u00f3n ya est\u00e1 en proceso; la normalizaci\u00f3n de las redes de distribuci\u00f3n, mejorando el servicio hacia Centenario y Vista Alegre; la readecuaci\u00f3n de las conexiones externas, optimizando el sistema de distribuci\u00f3n y el fortalecimiento de la seguridad con cierre perimetral para evitar vandalismo y accesos no autorizados.<\/p>\n<p>Uno de los puntos clave del proyecto es que cada alimentador tendr\u00e1 una salida independiente, lo que permitir\u00e1 programar cortes sectorizados para el mantenimiento sin afectar a toda la zona.<\/p>\n<p><strong>Impacto en la regi\u00f3n<\/strong><\/p>\n<p>Con esta readecuaci\u00f3n, la Estaci\u00f3n Transformadora duplicar\u00e1 su potencia final, lo que mejorar\u00e1 la disponibilidad de energ\u00eda en Centenario, Vista Alegre y el Parque Industrial, zonas que han experimentado un crecimiento sostenido en los \u00faltimos a\u00f1os.<\/p>\n<p>Adem\u00e1s, al modernizar la infraestructura y reforzar la seguridad, se busca evitar futuros incidentes que afecten el suministro el\u00e9ctrico y garantizar la estabilidad del servicio para los usuarios industriales y residenciales.<\/p>\n<\/div><div class=\"fusion-slider-sc\"><div class=\"fusion-flexslider-loading flexslider flexslider-hover-type-none\" data-slideshow_autoplay=\"1\" data-slideshow_smooth_height=\"0\" data-slideshow_speed=\"7000\" style=\"max-width:100%;height:100%;\"><ul class=\"slides\"><li class=\"image\"><span class=\"fusion-image-hover-element hover-type-none\"><img decoding=\"async\" src=\"https:\/\/www.epen.gov.ar\/wp-content\/uploads\/2025\/04\/Licitacion-Publica-ET-Centenario-3.jpeg\" width=\"1600\" height=\"1068\" class=\"wp-image-167508\" srcset=\"https:\/\/www.epen.gov.ar\/wp-content\/uploads\/2025\/04\/Licitacion-Publica-ET-Centenario-3-200x134.jpeg 200w, https:\/\/www.epen.gov.ar\/wp-content\/uploads\/2025\/04\/Licitacion-Publica-ET-Centenario-3-400x267.jpeg 400w, https:\/\/www.epen.gov.ar\/wp-content\/uploads\/2025\/04\/Licitacion-Publica-ET-Centenario-3-600x401.jpeg 600w, https:\/\/www.epen.gov.ar\/wp-content\/uploads\/2025\/04\/Licitacion-Publica-ET-Centenario-3-800x534.jpeg 800w, https:\/\/www.epen.gov.ar\/wp-content\/uploads\/2025\/04\/Licitacion-Publica-ET-Centenario-3-1200x801.jpeg 1200w, https:\/\/www.epen.gov.ar\/wp-content\/uploads\/2025\/04\/Licitacion-Publica-ET-Centenario-3.jpeg 1600w\" sizes=\"(max-width: 1024px) 100vw, (max-width: 640px) 100vw, 1200px\" \/><\/span><\/li><li class=\"image\"><span class=\"fusion-image-hover-element hover-type-none\"><img decoding=\"async\" src=\"https:\/\/www.epen.gov.ar\/wp-content\/uploads\/2025\/04\/Licitacion-Publica-ET-Centenario-4.jpeg\" width=\"1600\" height=\"1068\" class=\"wp-image-167509\" srcset=\"https:\/\/www.epen.gov.ar\/wp-content\/uploads\/2025\/04\/Licitacion-Publica-ET-Centenario-4-200x134.jpeg 200w, https:\/\/www.epen.gov.ar\/wp-content\/uploads\/2025\/04\/Licitacion-Publica-ET-Centenario-4-400x267.jpeg 400w, https:\/\/www.epen.gov.ar\/wp-content\/uploads\/2025\/04\/Licitacion-Publica-ET-Centenario-4-600x401.jpeg 600w, https:\/\/www.epen.gov.ar\/wp-content\/uploads\/2025\/04\/Licitacion-Publica-ET-Centenario-4-800x534.jpeg 800w, https:\/\/www.epen.gov.ar\/wp-content\/uploads\/2025\/04\/Licitacion-Publica-ET-Centenario-4-1200x801.jpeg 1200w, https:\/\/www.epen.gov.ar\/wp-content\/uploads\/2025\/04\/Licitacion-Publica-ET-Centenario-4.jpeg 1600w\" sizes=\"(max-width: 1024px) 100vw, (max-width: 640px) 100vw, 1200px\" \/><\/span><\/li><li class=\"image\"><span class=\"fusion-image-hover-element hover-type-none\"><img decoding=\"async\" src=\"https:\/\/www.epen.gov.ar\/wp-content\/uploads\/2025\/04\/Licitacion-Publica-ET-Centenario-1.jpeg\" width=\"1600\" height=\"1068\" class=\"wp-image-167510\" srcset=\"https:\/\/www.epen.gov.ar\/wp-content\/uploads\/2025\/04\/Licitacion-Publica-ET-Centenario-1-200x134.jpeg 200w, https:\/\/www.epen.gov.ar\/wp-content\/uploads\/2025\/04\/Licitacion-Publica-ET-Centenario-1-400x267.jpeg 400w, https:\/\/www.epen.gov.ar\/wp-content\/uploads\/2025\/04\/Licitacion-Publica-ET-Centenario-1-600x401.jpeg 600w, https:\/\/www.epen.gov.ar\/wp-content\/uploads\/2025\/04\/Licitacion-Publica-ET-Centenario-1-800x534.jpeg 800w, https:\/\/www.epen.gov.ar\/wp-content\/uploads\/2025\/04\/Licitacion-Publica-ET-Centenario-1-1200x801.jpeg 1200w, https:\/\/www.epen.gov.ar\/wp-content\/uploads\/2025\/04\/Licitacion-Publica-ET-Centenario-1.jpeg 1600w\" sizes=\"(max-width: 1024px) 100vw, (max-width: 640px) 100vw, 1200px\" \/><\/span><\/li><li class=\"image\"><span class=\"fusion-image-hover-element hover-type-none\"><img decoding=\"async\" src=\"https:\/\/www.epen.gov.ar\/wp-content\/uploads\/2025\/04\/Licitacion-Publica-ET-Centenario-2.jpeg\" width=\"1600\" height=\"1068\" class=\"wp-image-167511\" srcset=\"https:\/\/www.epen.gov.ar\/wp-content\/uploads\/2025\/04\/Licitacion-Publica-ET-Centenario-2-200x134.jpeg 200w, https:\/\/www.epen.gov.ar\/wp-content\/uploads\/2025\/04\/Licitacion-Publica-ET-Centenario-2-400x267.jpeg 400w, https:\/\/www.epen.gov.ar\/wp-content\/uploads\/2025\/04\/Licitacion-Publica-ET-Centenario-2-600x401.jpeg 600w, https:\/\/www.epen.gov.ar\/wp-content\/uploads\/2025\/04\/Licitacion-Publica-ET-Centenario-2-800x534.jpeg 800w, https:\/\/www.epen.gov.ar\/wp-content\/uploads\/2025\/04\/Licitacion-Publica-ET-Centenario-2-1200x801.jpeg 1200w, https:\/\/www.epen.gov.ar\/wp-content\/uploads\/2025\/04\/Licitacion-Publica-ET-Centenario-2.jpeg 1600w\" sizes=\"(max-width: 1024px) 100vw, (max-width: 640px) 100vw, 1200px\" \/><\/span><\/li><\/ul><\/div><\/div><\/div><\/div><div class=\"fusion-layout-column fusion_builder_column fusion-builder-column-1 fusion_builder_column_1_3 1_3 fusion-flex-column fusion-flex-align-self-flex-start\" style=\"--awb-bg-size:cover;--awb-width-large:33.333333333333%;--awb-margin-top-large:0px;--awb-spacing-right-large:5.76%;--awb-margin-bottom-large:0px;--awb-spacing-left-large:5.76%;--awb-width-medium:100%;--awb-order-medium:0;--awb-spacing-right-medium:1.92%;--awb-spacing-left-medium:1.92%;--awb-width-small:100%;--awb-order-small:0;--awb-spacing-right-small:1.92%;--awb-spacing-left-small:1.92%;\" data-scroll-devices=\"small-visibility,medium-visibility,large-visibility\"><div class=\"fusion-column-wrapper fusion-column-has-shadow fusion-flex-justify-content-flex-start fusion-content-layout-column\"><div class=\"fusion-widget-area awb-widget-area-element fusion-widget-area-1 fusion-content-widget-area\" style=\"--awb-title-size:20px;--awb-title-color:#333333;--awb-padding:0px 0px 0px 0px;\"><style type=\"text\/css\" data-id=\"tweets-widget-2\">#tweets-widget-2 li { border-color:#eaeaea;}<\/style><section id=\"tweets-widget-2\" class=\"widget tweets\" style=\"border-style: solid;border-color: #eaeaea;border-color:transparent;border-width:0px;\">\t\t\t\t\n\t\t<div style=\"overflow:hidden\">\n\t\t\t\t\t\t\t\t\t\t\t<a class=\"twitter-timeline\" data-dnt=\"true\" href=\"https:\/\/twitter.com\/@EPEN_Informa\" data-width=\"500\" data-height=\"300\" width=\"500\" height=\"300\" data-theme=\"light\" data-link-color=\"##25a9bd\" data-border-color=\"#eaeaea\" data-chrome=\"\">Tweets por @EPEN_Informa<\/a>\n\t\t\t\t\t\t\t\n\t\t\t\t\t\t\t\t\t\t\t<script async src=\"\/\/platform.twitter.com\/widgets.js\" charset=\"utf-8\"><\/script>\n\t\t\t\t\t\t\t\n\t\t<\/div>\n\t\t<\/section>\n\t\t<section id=\"recent-posts-3\" class=\"widget widget_recent_entries\" style=\"border-style: solid;border-color:transparent;border-width:0px;\">\n\t\t<div class=\"heading\"><h4 class=\"widget-title\">Entradas recientes<\/h4><\/div>\n\t\t<ul>\n\t\t\t\t\t\t\t\t\t\t\t<li>\n\t\t\t\t\t<a href=\"https:\/\/www.epen.gov.ar\/index.php\/2026\/04\/29\/corte-programado-en-sectores-de-centenario-el-30-04-2026\/\">Corte Programado en sectores de Centenario el 30\/04\/2026<\/a>\n\t\t\t\t\t\t\t\t\t\t\t<span class=\"post-date\">29\/04\/2026<\/span>\n\t\t\t\t\t\t\t\t\t<\/li>\n\t\t\t\t\t\t\t\t\t\t\t<li>\n\t\t\t\t\t<a href=\"https:\/\/www.epen.gov.ar\/index.php\/2026\/04\/28\/el-epen-impulsa-el-desarrollo-de-varvarco-con-nueva-infraestructura-para-17-lotes\/\">El EPEN impulsa el desarrollo de Varvarco con nueva infraestructura para 17 lotes<\/a>\n\t\t\t\t\t\t\t\t\t\t\t<span class=\"post-date\">28\/04\/2026<\/span>\n\t\t\t\t\t\t\t\t\t<\/li>\n\t\t\t\t\t\t\t\t\t\t\t<li>\n\t\t\t\t\t<a href=\"https:\/\/www.epen.gov.ar\/index.php\/2026\/04\/28\/corte-programado-en-sectores-de-zona-nahueve-el-30-04-2026\/\">Corte Programado en sectores de zona Nahueve el 30\/04\/2026<\/a>\n\t\t\t\t\t\t\t\t\t\t\t<span class=\"post-date\">28\/04\/2026<\/span>\n\t\t\t\t\t\t\t\t\t<\/li>\n\t\t\t\t\t\t\t\t\t\t\t<li>\n\t\t\t\t\t<a href=\"https:\/\/www.epen.gov.ar\/index.php\/2026\/04\/24\/corte-programado-en-sectores-de-san-martin-de-los-andes-el-25-04-2026\/\">Corte Programado en sectores de San Mart\u00edn de los Andes el 25\/04\/2026<\/a>\n\t\t\t\t\t\t\t\t\t\t\t<span class=\"post-date\">24\/04\/2026<\/span>\n\t\t\t\t\t\t\t\t\t<\/li>\n\t\t\t\t\t\t\t\t\t\t\t<li>\n\t\t\t\t\t<a href=\"https:\/\/www.epen.gov.ar\/index.php\/2026\/04\/24\/corte-programado-en-sectores-de-centenario-el-25-04-2026\/\">Corte Programado en sectores de Centenario el 25\/04\/2026<\/a>\n\t\t\t\t\t\t\t\t\t\t\t<span class=\"post-date\">24\/04\/2026<\/span>\n\t\t\t\t\t\t\t\t\t<\/li>\n\t\t\t\t\t<\/ul>\n\n\t\t<\/section><div class=\"fusion-additional-widget-content\"><\/div><\/div><div class=\"fusion-image-element \" style=\"--awb-margin-top:5%;--awb-caption-title-font-family:var(--h2_typography-font-family);--awb-caption-title-font-weight:var(--h2_typography-font-weight);--awb-caption-title-font-style:var(--h2_typography-font-style);--awb-caption-title-size:var(--h2_typography-font-size);--awb-caption-title-transform:var(--h2_typography-text-transform);--awb-caption-title-line-height:var(--h2_typography-line-height);--awb-caption-title-letter-spacing:var(--h2_typography-letter-spacing);\"><span class=\" fusion-imageframe imageframe-none imageframe-1 hover-type-none\"><img decoding=\"async\" width=\"800\" height=\"800\" title=\"GIF-Consumos-Verano\" src=\"https:\/\/www.epen.gov.ar\/wp-content\/uploads\/2025\/01\/GIF-Consumos-Verano-1.gif\" alt class=\"img-responsive wp-image-159933\"\/><\/span><\/div><\/div><\/div><\/div><\/div>\n","protected":false},"excerpt":{"rendered":"","protected":false},"author":1,"featured_media":167509,"comment_status":"closed","ping_status":"closed","sticky":false,"template":"","format":"standard","meta":{"_exactmetrics_skip_tracking":false,"_exactmetrics_sitenote_active":false,"_exactmetrics_sitenote_note":"","_exactmetrics_sitenote_category":0,"footnotes":""},"categories":[84],"tags":[175,557,698,282,697],"class_list":["post-167495","post","type-post","status-publish","format-standard","has-post-thumbnail","hentry","category-noticias","tag-epen","tag-et-centenario","tag-gobierno","tag-licitacion-publica","tag-sobres"],"yoast_head":"<!-- This site is optimized with the Yoast SEO plugin v27.2 - https:\/\/yoast.com\/product\/yoast-seo-wordpress\/ -->\n<title>EPEN - Se licit\u00f3 la obra de readecuaci\u00f3n de la Estaci\u00f3n Transformadora de Centenario<\/title>\n<meta name=\"description\" content=\"Se licit\u00f3 la obra de readecuaci\u00f3n de la Estaci\u00f3n Transformadora de Centenario Noticias\" \/>\n<meta name=\"robots\" content=\"index, follow, max-snippet:-1, max-image-preview:large, max-video-preview:-1\" \/>\n<link rel=\"canonical\" href=\"https:\/\/www.epen.gov.ar\/index.php\/2025\/04\/29\/se-licito-la-obra-de-readecuacion-de-la-estacion-transformadora-de-centenario\/\" \/>\n<meta property=\"og:locale\" content=\"es_ES\" \/>\n<meta property=\"og:type\" content=\"article\" \/>\n<meta property=\"og:title\" content=\"EPEN - Se licit\u00f3 la obra de readecuaci\u00f3n de la Estaci\u00f3n Transformadora de Centenario\" \/>\n<meta property=\"og:description\" content=\"Se licit\u00f3 la obra de readecuaci\u00f3n de la Estaci\u00f3n Transformadora de Centenario Noticias\" \/>\n<meta property=\"og:url\" content=\"https:\/\/www.epen.gov.ar\/index.php\/2025\/04\/29\/se-licito-la-obra-de-readecuacion-de-la-estacion-transformadora-de-centenario\/\" \/>\n<meta property=\"og:site_name\" content=\"EPEN\" \/>\n<meta property=\"article:publisher\" content=\"https:\/\/www.facebook.com\/EPEN.Neuquen\" \/>\n<meta property=\"article:published_time\" content=\"2025-04-29T22:42:49+00:00\" \/>\n<meta property=\"article:modified_time\" content=\"2025-05-13T15:56:44+00:00\" \/>\n<meta property=\"og:image\" content=\"https:\/\/www.epen.gov.ar\/wp-content\/uploads\/2025\/04\/Licitacion-Publica-ET-Centenario-4.jpeg\" \/>\n\t<meta property=\"og:image:width\" content=\"1600\" \/>\n\t<meta property=\"og:image:height\" content=\"1068\" \/>\n\t<meta property=\"og:image:type\" content=\"image\/jpeg\" \/>\n<meta name=\"author\" content=\"Prensa EPEN\" \/>\n<meta name=\"twitter:card\" content=\"summary_large_image\" \/>\n<meta name=\"twitter:creator\" content=\"@EPEN_Informa\" \/>\n<meta name=\"twitter:site\" content=\"@EPEN_Informa\" \/>\n<meta name=\"twitter:label1\" content=\"Escrito por\" \/>\n\t<meta name=\"twitter:data1\" content=\"Prensa EPEN\" \/>\n\t<meta name=\"twitter:label2\" content=\"Tiempo de lectura\" \/>\n\t<meta name=\"twitter:data2\" content=\"6 minutos\" \/>\n<script type=\"application\/ld+json\" class=\"yoast-schema-graph\">{\"@context\":\"https:\/\/schema.org\",\"@graph\":[{\"@type\":\"Article\",\"@id\":\"https:\/\/www.epen.gov.ar\/index.php\/2025\/04\/29\/se-licito-la-obra-de-readecuacion-de-la-estacion-transformadora-de-centenario\/#article\",\"isPartOf\":{\"@id\":\"https:\/\/www.epen.gov.ar\/index.php\/2025\/04\/29\/se-licito-la-obra-de-readecuacion-de-la-estacion-transformadora-de-centenario\/\"},\"author\":{\"name\":\"Prensa EPEN\",\"@id\":\"https:\/\/www.epen.gov.ar\/#\/schema\/person\/ce6cff87c2fc01264becc10fa105ad4f\"},\"headline\":\"Se licit\u00f3 la obra de readecuaci\u00f3n de la Estaci\u00f3n Transformadora de Centenario\",\"datePublished\":\"2025-04-29T22:42:49+00:00\",\"dateModified\":\"2025-05-13T15:56:44+00:00\",\"mainEntityOfPage\":{\"@id\":\"https:\/\/www.epen.gov.ar\/index.php\/2025\/04\/29\/se-licito-la-obra-de-readecuacion-de-la-estacion-transformadora-de-centenario\/\"},\"wordCount\":1603,\"publisher\":{\"@id\":\"https:\/\/www.epen.gov.ar\/#organization\"},\"image\":{\"@id\":\"https:\/\/www.epen.gov.ar\/index.php\/2025\/04\/29\/se-licito-la-obra-de-readecuacion-de-la-estacion-transformadora-de-centenario\/#primaryimage\"},\"thumbnailUrl\":\"https:\/\/www.epen.gov.ar\/wp-content\/uploads\/2025\/04\/Licitacion-Publica-ET-Centenario-4.jpeg\",\"keywords\":[\"EPEN\",\"ET Centenario\",\"gobierno\",\"Licitaci\u00f3n P\u00fablica\",\"sobres\"],\"articleSection\":[\"Noticias\"],\"inLanguage\":\"es\"},{\"@type\":\"WebPage\",\"@id\":\"https:\/\/www.epen.gov.ar\/index.php\/2025\/04\/29\/se-licito-la-obra-de-readecuacion-de-la-estacion-transformadora-de-centenario\/\",\"url\":\"https:\/\/www.epen.gov.ar\/index.php\/2025\/04\/29\/se-licito-la-obra-de-readecuacion-de-la-estacion-transformadora-de-centenario\/\",\"name\":\"EPEN - Se licit\u00f3 la obra de readecuaci\u00f3n de la Estaci\u00f3n Transformadora de Centenario\",\"isPartOf\":{\"@id\":\"https:\/\/www.epen.gov.ar\/#website\"},\"primaryImageOfPage\":{\"@id\":\"https:\/\/www.epen.gov.ar\/index.php\/2025\/04\/29\/se-licito-la-obra-de-readecuacion-de-la-estacion-transformadora-de-centenario\/#primaryimage\"},\"image\":{\"@id\":\"https:\/\/www.epen.gov.ar\/index.php\/2025\/04\/29\/se-licito-la-obra-de-readecuacion-de-la-estacion-transformadora-de-centenario\/#primaryimage\"},\"thumbnailUrl\":\"https:\/\/www.epen.gov.ar\/wp-content\/uploads\/2025\/04\/Licitacion-Publica-ET-Centenario-4.jpeg\",\"datePublished\":\"2025-04-29T22:42:49+00:00\",\"dateModified\":\"2025-05-13T15:56:44+00:00\",\"description\":\"Se licit\u00f3 la obra de readecuaci\u00f3n de la Estaci\u00f3n Transformadora de Centenario Noticias\",\"breadcrumb\":{\"@id\":\"https:\/\/www.epen.gov.ar\/index.php\/2025\/04\/29\/se-licito-la-obra-de-readecuacion-de-la-estacion-transformadora-de-centenario\/#breadcrumb\"},\"inLanguage\":\"es\",\"potentialAction\":[{\"@type\":\"ReadAction\",\"target\":[\"https:\/\/www.epen.gov.ar\/index.php\/2025\/04\/29\/se-licito-la-obra-de-readecuacion-de-la-estacion-transformadora-de-centenario\/\"]}]},{\"@type\":\"ImageObject\",\"inLanguage\":\"es\",\"@id\":\"https:\/\/www.epen.gov.ar\/index.php\/2025\/04\/29\/se-licito-la-obra-de-readecuacion-de-la-estacion-transformadora-de-centenario\/#primaryimage\",\"url\":\"https:\/\/www.epen.gov.ar\/wp-content\/uploads\/2025\/04\/Licitacion-Publica-ET-Centenario-4.jpeg\",\"contentUrl\":\"https:\/\/www.epen.gov.ar\/wp-content\/uploads\/2025\/04\/Licitacion-Publica-ET-Centenario-4.jpeg\",\"width\":1600,\"height\":1068},{\"@type\":\"BreadcrumbList\",\"@id\":\"https:\/\/www.epen.gov.ar\/index.php\/2025\/04\/29\/se-licito-la-obra-de-readecuacion-de-la-estacion-transformadora-de-centenario\/#breadcrumb\",\"itemListElement\":[{\"@type\":\"ListItem\",\"position\":1,\"name\":\"Inicio\",\"item\":\"https:\/\/www.epen.gov.ar\/\"},{\"@type\":\"ListItem\",\"position\":2,\"name\":\"Se licit\u00f3 la obra de readecuaci\u00f3n de la Estaci\u00f3n Transformadora de Centenario\"}]},{\"@type\":\"WebSite\",\"@id\":\"https:\/\/www.epen.gov.ar\/#website\",\"url\":\"https:\/\/www.epen.gov.ar\/\",\"name\":\"EPEN\",\"description\":\"Ente Provincial de Energ\u00eda del Neuqu\u00e9n\",\"publisher\":{\"@id\":\"https:\/\/www.epen.gov.ar\/#organization\"},\"potentialAction\":[{\"@type\":\"SearchAction\",\"target\":{\"@type\":\"EntryPoint\",\"urlTemplate\":\"https:\/\/www.epen.gov.ar\/?s={search_term_string}\"},\"query-input\":{\"@type\":\"PropertyValueSpecification\",\"valueRequired\":true,\"valueName\":\"search_term_string\"}}],\"inLanguage\":\"es\"},{\"@type\":\"Organization\",\"@id\":\"https:\/\/www.epen.gov.ar\/#organization\",\"name\":\"Ente Provincial de Energ\u00eda del Neuqu\u00e9n\",\"url\":\"https:\/\/www.epen.gov.ar\/\",\"logo\":{\"@type\":\"ImageObject\",\"inLanguage\":\"es\",\"@id\":\"https:\/\/www.epen.gov.ar\/#\/schema\/logo\/image\/\",\"url\":\"https:\/\/www.epen.gov.ar\/wp-content\/uploads\/2024\/02\/Logo-EPEN-2.jpg\",\"contentUrl\":\"https:\/\/www.epen.gov.ar\/wp-content\/uploads\/2024\/02\/Logo-EPEN-2.jpg\",\"width\":696,\"height\":696,\"caption\":\"Ente Provincial de Energ\u00eda del Neuqu\u00e9n\"},\"image\":{\"@id\":\"https:\/\/www.epen.gov.ar\/#\/schema\/logo\/image\/\"},\"sameAs\":[\"https:\/\/www.facebook.com\/EPEN.Neuquen\",\"https:\/\/x.com\/EPEN_Informa\",\"https:\/\/www.youtube.com\/@epenprensa7384\"]},{\"@type\":\"Person\",\"@id\":\"https:\/\/www.epen.gov.ar\/#\/schema\/person\/ce6cff87c2fc01264becc10fa105ad4f\",\"name\":\"Prensa EPEN\",\"image\":{\"@type\":\"ImageObject\",\"inLanguage\":\"es\",\"@id\":\"https:\/\/secure.gravatar.com\/avatar\/f8120b8688012ccf2d7fbcf7a970cfbabf0ab63b09c2dbd72c194bee080070e9?s=96&d=mm&r=g\",\"url\":\"https:\/\/secure.gravatar.com\/avatar\/f8120b8688012ccf2d7fbcf7a970cfbabf0ab63b09c2dbd72c194bee080070e9?s=96&d=mm&r=g\",\"contentUrl\":\"https:\/\/secure.gravatar.com\/avatar\/f8120b8688012ccf2d7fbcf7a970cfbabf0ab63b09c2dbd72c194bee080070e9?s=96&d=mm&r=g\",\"caption\":\"Prensa EPEN\"},\"url\":\"https:\/\/www.epen.gov.ar\/index.php\/author\/admin\/\"}]}<\/script>\n<!-- \/ Yoast SEO plugin. -->","yoast_head_json":{"title":"EPEN - Se licit\u00f3 la obra de readecuaci\u00f3n de la Estaci\u00f3n Transformadora de Centenario","description":"Se licit\u00f3 la obra de readecuaci\u00f3n de la Estaci\u00f3n Transformadora de Centenario Noticias","robots":{"index":"index","follow":"follow","max-snippet":"max-snippet:-1","max-image-preview":"max-image-preview:large","max-video-preview":"max-video-preview:-1"},"canonical":"https:\/\/www.epen.gov.ar\/index.php\/2025\/04\/29\/se-licito-la-obra-de-readecuacion-de-la-estacion-transformadora-de-centenario\/","og_locale":"es_ES","og_type":"article","og_title":"EPEN - Se licit\u00f3 la obra de readecuaci\u00f3n de la Estaci\u00f3n Transformadora de Centenario","og_description":"Se licit\u00f3 la obra de readecuaci\u00f3n de la Estaci\u00f3n Transformadora de Centenario Noticias","og_url":"https:\/\/www.epen.gov.ar\/index.php\/2025\/04\/29\/se-licito-la-obra-de-readecuacion-de-la-estacion-transformadora-de-centenario\/","og_site_name":"EPEN","article_publisher":"https:\/\/www.facebook.com\/EPEN.Neuquen","article_published_time":"2025-04-29T22:42:49+00:00","article_modified_time":"2025-05-13T15:56:44+00:00","og_image":[{"width":1600,"height":1068,"url":"https:\/\/www.epen.gov.ar\/wp-content\/uploads\/2025\/04\/Licitacion-Publica-ET-Centenario-4.jpeg","type":"image\/jpeg"}],"author":"Prensa EPEN","twitter_card":"summary_large_image","twitter_creator":"@EPEN_Informa","twitter_site":"@EPEN_Informa","twitter_misc":{"Escrito por":"Prensa EPEN","Tiempo de lectura":"6 minutos"},"schema":{"@context":"https:\/\/schema.org","@graph":[{"@type":"Article","@id":"https:\/\/www.epen.gov.ar\/index.php\/2025\/04\/29\/se-licito-la-obra-de-readecuacion-de-la-estacion-transformadora-de-centenario\/#article","isPartOf":{"@id":"https:\/\/www.epen.gov.ar\/index.php\/2025\/04\/29\/se-licito-la-obra-de-readecuacion-de-la-estacion-transformadora-de-centenario\/"},"author":{"name":"Prensa EPEN","@id":"https:\/\/www.epen.gov.ar\/#\/schema\/person\/ce6cff87c2fc01264becc10fa105ad4f"},"headline":"Se licit\u00f3 la obra de readecuaci\u00f3n de la Estaci\u00f3n Transformadora de Centenario","datePublished":"2025-04-29T22:42:49+00:00","dateModified":"2025-05-13T15:56:44+00:00","mainEntityOfPage":{"@id":"https:\/\/www.epen.gov.ar\/index.php\/2025\/04\/29\/se-licito-la-obra-de-readecuacion-de-la-estacion-transformadora-de-centenario\/"},"wordCount":1603,"publisher":{"@id":"https:\/\/www.epen.gov.ar\/#organization"},"image":{"@id":"https:\/\/www.epen.gov.ar\/index.php\/2025\/04\/29\/se-licito-la-obra-de-readecuacion-de-la-estacion-transformadora-de-centenario\/#primaryimage"},"thumbnailUrl":"https:\/\/www.epen.gov.ar\/wp-content\/uploads\/2025\/04\/Licitacion-Publica-ET-Centenario-4.jpeg","keywords":["EPEN","ET Centenario","gobierno","Licitaci\u00f3n P\u00fablica","sobres"],"articleSection":["Noticias"],"inLanguage":"es"},{"@type":"WebPage","@id":"https:\/\/www.epen.gov.ar\/index.php\/2025\/04\/29\/se-licito-la-obra-de-readecuacion-de-la-estacion-transformadora-de-centenario\/","url":"https:\/\/www.epen.gov.ar\/index.php\/2025\/04\/29\/se-licito-la-obra-de-readecuacion-de-la-estacion-transformadora-de-centenario\/","name":"EPEN - Se licit\u00f3 la obra de readecuaci\u00f3n de la Estaci\u00f3n Transformadora de Centenario","isPartOf":{"@id":"https:\/\/www.epen.gov.ar\/#website"},"primaryImageOfPage":{"@id":"https:\/\/www.epen.gov.ar\/index.php\/2025\/04\/29\/se-licito-la-obra-de-readecuacion-de-la-estacion-transformadora-de-centenario\/#primaryimage"},"image":{"@id":"https:\/\/www.epen.gov.ar\/index.php\/2025\/04\/29\/se-licito-la-obra-de-readecuacion-de-la-estacion-transformadora-de-centenario\/#primaryimage"},"thumbnailUrl":"https:\/\/www.epen.gov.ar\/wp-content\/uploads\/2025\/04\/Licitacion-Publica-ET-Centenario-4.jpeg","datePublished":"2025-04-29T22:42:49+00:00","dateModified":"2025-05-13T15:56:44+00:00","description":"Se licit\u00f3 la obra de readecuaci\u00f3n de la Estaci\u00f3n Transformadora de Centenario Noticias","breadcrumb":{"@id":"https:\/\/www.epen.gov.ar\/index.php\/2025\/04\/29\/se-licito-la-obra-de-readecuacion-de-la-estacion-transformadora-de-centenario\/#breadcrumb"},"inLanguage":"es","potentialAction":[{"@type":"ReadAction","target":["https:\/\/www.epen.gov.ar\/index.php\/2025\/04\/29\/se-licito-la-obra-de-readecuacion-de-la-estacion-transformadora-de-centenario\/"]}]},{"@type":"ImageObject","inLanguage":"es","@id":"https:\/\/www.epen.gov.ar\/index.php\/2025\/04\/29\/se-licito-la-obra-de-readecuacion-de-la-estacion-transformadora-de-centenario\/#primaryimage","url":"https:\/\/www.epen.gov.ar\/wp-content\/uploads\/2025\/04\/Licitacion-Publica-ET-Centenario-4.jpeg","contentUrl":"https:\/\/www.epen.gov.ar\/wp-content\/uploads\/2025\/04\/Licitacion-Publica-ET-Centenario-4.jpeg","width":1600,"height":1068},{"@type":"BreadcrumbList","@id":"https:\/\/www.epen.gov.ar\/index.php\/2025\/04\/29\/se-licito-la-obra-de-readecuacion-de-la-estacion-transformadora-de-centenario\/#breadcrumb","itemListElement":[{"@type":"ListItem","position":1,"name":"Inicio","item":"https:\/\/www.epen.gov.ar\/"},{"@type":"ListItem","position":2,"name":"Se licit\u00f3 la obra de readecuaci\u00f3n de la Estaci\u00f3n Transformadora de Centenario"}]},{"@type":"WebSite","@id":"https:\/\/www.epen.gov.ar\/#website","url":"https:\/\/www.epen.gov.ar\/","name":"EPEN","description":"Ente Provincial de Energ\u00eda del Neuqu\u00e9n","publisher":{"@id":"https:\/\/www.epen.gov.ar\/#organization"},"potentialAction":[{"@type":"SearchAction","target":{"@type":"EntryPoint","urlTemplate":"https:\/\/www.epen.gov.ar\/?s={search_term_string}"},"query-input":{"@type":"PropertyValueSpecification","valueRequired":true,"valueName":"search_term_string"}}],"inLanguage":"es"},{"@type":"Organization","@id":"https:\/\/www.epen.gov.ar\/#organization","name":"Ente Provincial de Energ\u00eda del Neuqu\u00e9n","url":"https:\/\/www.epen.gov.ar\/","logo":{"@type":"ImageObject","inLanguage":"es","@id":"https:\/\/www.epen.gov.ar\/#\/schema\/logo\/image\/","url":"https:\/\/www.epen.gov.ar\/wp-content\/uploads\/2024\/02\/Logo-EPEN-2.jpg","contentUrl":"https:\/\/www.epen.gov.ar\/wp-content\/uploads\/2024\/02\/Logo-EPEN-2.jpg","width":696,"height":696,"caption":"Ente Provincial de Energ\u00eda del Neuqu\u00e9n"},"image":{"@id":"https:\/\/www.epen.gov.ar\/#\/schema\/logo\/image\/"},"sameAs":["https:\/\/www.facebook.com\/EPEN.Neuquen","https:\/\/x.com\/EPEN_Informa","https:\/\/www.youtube.com\/@epenprensa7384"]},{"@type":"Person","@id":"https:\/\/www.epen.gov.ar\/#\/schema\/person\/ce6cff87c2fc01264becc10fa105ad4f","name":"Prensa EPEN","image":{"@type":"ImageObject","inLanguage":"es","@id":"https:\/\/secure.gravatar.com\/avatar\/f8120b8688012ccf2d7fbcf7a970cfbabf0ab63b09c2dbd72c194bee080070e9?s=96&d=mm&r=g","url":"https:\/\/secure.gravatar.com\/avatar\/f8120b8688012ccf2d7fbcf7a970cfbabf0ab63b09c2dbd72c194bee080070e9?s=96&d=mm&r=g","contentUrl":"https:\/\/secure.gravatar.com\/avatar\/f8120b8688012ccf2d7fbcf7a970cfbabf0ab63b09c2dbd72c194bee080070e9?s=96&d=mm&r=g","caption":"Prensa EPEN"},"url":"https:\/\/www.epen.gov.ar\/index.php\/author\/admin\/"}]}},"_links":{"self":[{"href":"https:\/\/www.epen.gov.ar\/index.php\/wp-json\/wp\/v2\/posts\/167495","targetHints":{"allow":["GET"]}}],"collection":[{"href":"https:\/\/www.epen.gov.ar\/index.php\/wp-json\/wp\/v2\/posts"}],"about":[{"href":"https:\/\/www.epen.gov.ar\/index.php\/wp-json\/wp\/v2\/types\/post"}],"author":[{"embeddable":true,"href":"https:\/\/www.epen.gov.ar\/index.php\/wp-json\/wp\/v2\/users\/1"}],"replies":[{"embeddable":true,"href":"https:\/\/www.epen.gov.ar\/index.php\/wp-json\/wp\/v2\/comments?post=167495"}],"version-history":[{"count":3,"href":"https:\/\/www.epen.gov.ar\/index.php\/wp-json\/wp\/v2\/posts\/167495\/revisions"}],"predecessor-version":[{"id":168627,"href":"https:\/\/www.epen.gov.ar\/index.php\/wp-json\/wp\/v2\/posts\/167495\/revisions\/168627"}],"wp:featuredmedia":[{"embeddable":true,"href":"https:\/\/www.epen.gov.ar\/index.php\/wp-json\/wp\/v2\/media\/167509"}],"wp:attachment":[{"href":"https:\/\/www.epen.gov.ar\/index.php\/wp-json\/wp\/v2\/media?parent=167495"}],"wp:term":[{"taxonomy":"category","embeddable":true,"href":"https:\/\/www.epen.gov.ar\/index.php\/wp-json\/wp\/v2\/categories?post=167495"},{"taxonomy":"post_tag","embeddable":true,"href":"https:\/\/www.epen.gov.ar\/index.php\/wp-json\/wp\/v2\/tags?post=167495"}],"curies":[{"name":"wp","href":"https:\/\/api.w.org\/{rel}","templated":true}]}}