{"id":15744,"date":"2020-09-19T18:59:16","date_gmt":"2020-09-19T21:59:16","guid":{"rendered":"http:\/\/192.168.200.48\/?p=15744"},"modified":"2020-09-19T19:03:24","modified_gmt":"2020-09-19T22:03:24","slug":"se-suspende-la-atencion-al-publico-en-la-oficina-de-chos-malal","status":"publish","type":"post","link":"https:\/\/www.epen.gov.ar\/index.php\/2020\/09\/19\/se-suspende-la-atencion-al-publico-en-la-oficina-de-chos-malal\/","title":{"rendered":"Se suspende la atenci\u00f3n al p\u00fablico en la oficina de Chos Malal"},"content":{"rendered":"<div class=\"fusion-fullwidth fullwidth-box fusion-builder-row-1 nonhundred-percent-fullwidth non-hundred-percent-height-scrolling\" style=\"--awb-border-radius-top-left:0px;--awb-border-radius-top-right:0px;--awb-border-radius-bottom-right:0px;--awb-border-radius-bottom-left:0px;--awb-flex-wrap:wrap;\" ><div class=\"fusion-builder-row fusion-row\"><div class=\"fusion-layout-column fusion_builder_column fusion-builder-column-0 fusion_builder_column_2_3 2_3 fusion-two-third fusion-column-first\" style=\"--awb-bg-size:cover;width:66.666666666667%;width:calc(66.666666666667% - ( ( 4% ) * 0.66666666666667 ) );margin-right: 4%;\"><div class=\"fusion-column-wrapper fusion-column-has-shadow fusion-flex-column-wrapper-legacy\"><div class=\"fusion-text fusion-text-1\"><p style=\"text-align: justify;\"><em><strong>Ante la situaci\u00f3n epidemiol\u00f3gica relacionada a la localidad del norte neuquino, las oficinas del EPEN suspender\u00e1n su actividad la semana entrante; se garantizar\u00e1 la atenci\u00f3n de emergencias y reclamos y venta de energ\u00eda rural por sistema prepago.<\/strong><\/em><\/p>\n<p style=\"text-align: justify;\">El Ente Provincial de Energ\u00eda del Neuqu\u00e9n (EPEN), dependiente de la secretar\u00eda General y Servicios P\u00fablicos, informa que durante la pr\u00f3xima semana se suspender\u00e1 la atenci\u00f3n al p\u00fablico presencial en las oficinas del organismo en la localidad de Chos Malal, en virtud de las medidas adoptadas por el comit\u00e9 de salud local y a los efectos de acompa\u00f1ar y colaborar con la reducci\u00f3n de la circulaci\u00f3n de personas. La medida podr\u00eda extenderse, y depender\u00e1 de la evoluci\u00f3n de la situaci\u00f3n y decisiones que se tomen al respecto.<\/p>\n<p style=\"text-align: justify;\">Se informa asimismo que continuar\u00e1 la ejecuci\u00f3n de tareas operativas esenciales, solo a los fines de atender emergencias y reclamos, de acuerdo a los protocolos de salud y seguridad pertinentes.<\/p>\n<p style=\"text-align: justify;\">En tanto, si bien las oficinas permanecer\u00e1n cerradas hasta el viernes 25 de septiembre inclusive, en el horario de <strong>9 a 13:30<\/strong> se podr\u00e1 realizar la compra de energ\u00eda para el caso de sistemas prepagos de zona rural. En este sentido, recordamos que la atenci\u00f3n al cliente ser\u00e1 s\u00f3lo virtual \u2013tanto por mensajer\u00eda de <strong>WhatsApp al 2948 45-4052 y al 2948 45-2593<\/strong> o a trav\u00e9s del sitio web <strong>www.epen.gov.ar<\/strong><\/p>\n<\/div><div class=\"fusion-clearfix\"><\/div><\/div><\/div><div class=\"fusion-layout-column fusion_builder_column fusion-builder-column-1 fusion_builder_column_1_3 1_3 fusion-one-third fusion-column-last\" style=\"--awb-bg-size:cover;width:33.333333333333%;width:calc(33.333333333333% - ( ( 4% ) * 0.33333333333333 ) );\"><div class=\"fusion-column-wrapper fusion-column-has-shadow fusion-flex-column-wrapper-legacy\"><div class=\"fusion-widget-area awb-widget-area-element fusion-widget-area-1 fusion-content-widget-area\" style=\"--awb-title-size:20px;--awb-title-color:#333333;--awb-padding:0px 0px 0px 0px;\"><style type=\"text\/css\" data-id=\"tweets-widget-2\">#tweets-widget-2 li { border-color:#eaeaea;}<\/style><section id=\"tweets-widget-2\" class=\"widget tweets\" style=\"border-style: solid;border-color: #eaeaea;border-color:transparent;border-width:0px;\">\t\t\t\t\n\t\t<div style=\"overflow:hidden\">\n\t\t\t\t\t\t\t\t\t\t\t<a class=\"twitter-timeline\" data-dnt=\"true\" href=\"https:\/\/twitter.com\/@EPEN_Informa\" data-width=\"500\" data-height=\"300\" width=\"500\" height=\"300\" data-theme=\"light\" data-link-color=\"##25a9bd\" data-border-color=\"#eaeaea\" data-chrome=\"\">Tweets por @EPEN_Informa<\/a>\n\t\t\t\t\t\t\t\n\t\t\t\t\t\t\t\t\t\t\t<script async src=\"\/\/platform.twitter.com\/widgets.js\" charset=\"utf-8\"><\/script>\n\t\t\t\t\t\t\t\n\t\t<\/div>\n\t\t<\/section>\n\t\t<section id=\"recent-posts-3\" class=\"widget widget_recent_entries\" style=\"border-style: solid;border-color:transparent;border-width:0px;\">\n\t\t<div class=\"heading\"><h4 class=\"widget-title\">Entradas recientes<\/h4><\/div>\n\t\t<ul>\n\t\t\t\t\t\t\t\t\t\t\t<li>\n\t\t\t\t\t<a href=\"https:\/\/www.epen.gov.ar\/index.php\/2026\/04\/30\/corte-programado-en-sectores-de-rincon-de-los-sauces-el-02-05-2026\/\">Corte Programado en sectores de Rinc\u00f3n de los Sauces el 02\/05\/2026<\/a>\n\t\t\t\t\t\t\t\t\t\t\t<span class=\"post-date\">30\/04\/2026<\/span>\n\t\t\t\t\t\t\t\t\t<\/li>\n\t\t\t\t\t\t\t\t\t\t\t<li>\n\t\t\t\t\t<a href=\"https:\/\/www.epen.gov.ar\/index.php\/2026\/04\/30\/licitacion-publica-n-14-2026-contratacion-de-servicios-de-desarrollo-y-mantenimiento-de-sistemas-informaticos\/\">LICITACI\u00d3N P\u00daBLICA N\u00b0 14\/2026 CONTRATACI\u00d3N DE SERVICIOS DE DESARROLLO Y MANTENIMIENTO DE SISTEMAS INFORM\u00c1TICOS<\/a>\n\t\t\t\t\t\t\t\t\t\t\t<span class=\"post-date\">30\/04\/2026<\/span>\n\t\t\t\t\t\t\t\t\t<\/li>\n\t\t\t\t\t\t\t\t\t\t\t<li>\n\t\t\t\t\t<a href=\"https:\/\/www.epen.gov.ar\/index.php\/2026\/04\/29\/corte-programado-en-sectores-de-centenario-el-30-04-2026\/\">Corte Programado en sectores de Centenario el 30\/04\/2026<\/a>\n\t\t\t\t\t\t\t\t\t\t\t<span class=\"post-date\">29\/04\/2026<\/span>\n\t\t\t\t\t\t\t\t\t<\/li>\n\t\t\t\t\t\t\t\t\t\t\t<li>\n\t\t\t\t\t<a href=\"https:\/\/www.epen.gov.ar\/index.php\/2026\/04\/28\/el-epen-impulsa-el-desarrollo-de-varvarco-con-nueva-infraestructura-para-17-lotes\/\">El EPEN impulsa el desarrollo de Varvarco con nueva infraestructura para 17 lotes<\/a>\n\t\t\t\t\t\t\t\t\t\t\t<span class=\"post-date\">28\/04\/2026<\/span>\n\t\t\t\t\t\t\t\t\t<\/li>\n\t\t\t\t\t\t\t\t\t\t\t<li>\n\t\t\t\t\t<a href=\"https:\/\/www.epen.gov.ar\/index.php\/2026\/04\/28\/corte-programado-en-sectores-de-zona-nahueve-el-30-04-2026\/\">Corte Programado en sectores de zona Nahueve el 30\/04\/2026<\/a>\n\t\t\t\t\t\t\t\t\t\t\t<span class=\"post-date\">28\/04\/2026<\/span>\n\t\t\t\t\t\t\t\t\t<\/li>\n\t\t\t\t\t<\/ul>\n\n\t\t<\/section><div class=\"fusion-additional-widget-content\"><\/div><\/div><div class=\"fusion-clearfix\"><\/div><\/div><\/div><\/div><\/div>\n","protected":false},"excerpt":{"rendered":"","protected":false},"author":1,"featured_media":15756,"comment_status":"open","ping_status":"open","sticky":false,"template":"","format":"standard","meta":{"_exactmetrics_skip_tracking":false,"_exactmetrics_sitenote_active":false,"_exactmetrics_sitenote_note":"","_exactmetrics_sitenote_category":0,"footnotes":""},"categories":[84],"tags":[],"class_list":["post-15744","post","type-post","status-publish","format-standard","has-post-thumbnail","hentry","category-noticias"],"yoast_head":"<!-- This site is optimized with the Yoast SEO plugin v27.2 - https:\/\/yoast.com\/product\/yoast-seo-wordpress\/ -->\n<title>EPEN - Se suspende la atenci\u00f3n al p\u00fablico en la oficina de Chos Malal<\/title>\n<meta name=\"description\" content=\"Se suspende la atenci\u00f3n al p\u00fablico en la oficina de Chos Malal\" \/>\n<meta name=\"robots\" content=\"index, follow, max-snippet:-1, max-image-preview:large, max-video-preview:-1\" \/>\n<link rel=\"canonical\" href=\"https:\/\/www.epen.gov.ar\/index.php\/2020\/09\/19\/se-suspende-la-atencion-al-publico-en-la-oficina-de-chos-malal\/\" \/>\n<meta property=\"og:locale\" content=\"es_ES\" \/>\n<meta property=\"og:type\" content=\"article\" \/>\n<meta property=\"og:title\" content=\"EPEN - Se suspende la atenci\u00f3n al p\u00fablico en la oficina de Chos Malal\" \/>\n<meta property=\"og:description\" content=\"Se suspende la atenci\u00f3n al p\u00fablico en la oficina de Chos Malal\" \/>\n<meta property=\"og:url\" content=\"https:\/\/www.epen.gov.ar\/index.php\/2020\/09\/19\/se-suspende-la-atencion-al-publico-en-la-oficina-de-chos-malal\/\" \/>\n<meta property=\"og:site_name\" content=\"EPEN\" \/>\n<meta property=\"article:publisher\" content=\"https:\/\/www.facebook.com\/EPEN.Neuquen\" \/>\n<meta property=\"article:published_time\" content=\"2020-09-19T21:59:16+00:00\" \/>\n<meta property=\"article:modified_time\" content=\"2020-09-19T22:03:24+00:00\" \/>\n<meta property=\"og:image\" content=\"https:\/\/www.epen.gov.ar\/wp-content\/uploads\/2020\/09\/WhatsApp-Image-2020-09-19-at-18.47.26.jpeg\" \/>\n\t<meta property=\"og:image:width\" content=\"1024\" \/>\n\t<meta property=\"og:image:height\" content=\"524\" \/>\n\t<meta property=\"og:image:type\" content=\"image\/jpeg\" \/>\n<meta name=\"author\" content=\"Prensa EPEN\" \/>\n<meta name=\"twitter:card\" content=\"summary_large_image\" \/>\n<meta name=\"twitter:creator\" content=\"@EPEN_Informa\" \/>\n<meta name=\"twitter:site\" content=\"@EPEN_Informa\" \/>\n<meta name=\"twitter:label1\" content=\"Escrito por\" \/>\n\t<meta name=\"twitter:data1\" content=\"Prensa EPEN\" \/>\n\t<meta name=\"twitter:label2\" content=\"Tiempo de lectura\" \/>\n\t<meta name=\"twitter:data2\" content=\"3 minutos\" \/>\n<script type=\"application\/ld+json\" class=\"yoast-schema-graph\">{\"@context\":\"https:\/\/schema.org\",\"@graph\":[{\"@type\":\"Article\",\"@id\":\"https:\/\/www.epen.gov.ar\/index.php\/2020\/09\/19\/se-suspende-la-atencion-al-publico-en-la-oficina-de-chos-malal\/#article\",\"isPartOf\":{\"@id\":\"https:\/\/www.epen.gov.ar\/index.php\/2020\/09\/19\/se-suspende-la-atencion-al-publico-en-la-oficina-de-chos-malal\/\"},\"author\":{\"name\":\"Prensa EPEN\",\"@id\":\"https:\/\/www.epen.gov.ar\/#\/schema\/person\/ce6cff87c2fc01264becc10fa105ad4f\"},\"headline\":\"Se suspende la atenci\u00f3n al p\u00fablico en la oficina de Chos Malal\",\"datePublished\":\"2020-09-19T21:59:16+00:00\",\"dateModified\":\"2020-09-19T22:03:24+00:00\",\"mainEntityOfPage\":{\"@id\":\"https:\/\/www.epen.gov.ar\/index.php\/2020\/09\/19\/se-suspende-la-atencion-al-publico-en-la-oficina-de-chos-malal\/\"},\"wordCount\":677,\"commentCount\":0,\"publisher\":{\"@id\":\"https:\/\/www.epen.gov.ar\/#organization\"},\"image\":{\"@id\":\"https:\/\/www.epen.gov.ar\/index.php\/2020\/09\/19\/se-suspende-la-atencion-al-publico-en-la-oficina-de-chos-malal\/#primaryimage\"},\"thumbnailUrl\":\"https:\/\/www.epen.gov.ar\/wp-content\/uploads\/2020\/09\/WhatsApp-Image-2020-09-19-at-18.47.26.jpeg\",\"articleSection\":[\"Noticias\"],\"inLanguage\":\"es\",\"potentialAction\":[{\"@type\":\"CommentAction\",\"name\":\"Comment\",\"target\":[\"https:\/\/www.epen.gov.ar\/index.php\/2020\/09\/19\/se-suspende-la-atencion-al-publico-en-la-oficina-de-chos-malal\/#respond\"]}]},{\"@type\":\"WebPage\",\"@id\":\"https:\/\/www.epen.gov.ar\/index.php\/2020\/09\/19\/se-suspende-la-atencion-al-publico-en-la-oficina-de-chos-malal\/\",\"url\":\"https:\/\/www.epen.gov.ar\/index.php\/2020\/09\/19\/se-suspende-la-atencion-al-publico-en-la-oficina-de-chos-malal\/\",\"name\":\"EPEN - Se suspende la atenci\u00f3n al p\u00fablico en la oficina de Chos Malal\",\"isPartOf\":{\"@id\":\"https:\/\/www.epen.gov.ar\/#website\"},\"primaryImageOfPage\":{\"@id\":\"https:\/\/www.epen.gov.ar\/index.php\/2020\/09\/19\/se-suspende-la-atencion-al-publico-en-la-oficina-de-chos-malal\/#primaryimage\"},\"image\":{\"@id\":\"https:\/\/www.epen.gov.ar\/index.php\/2020\/09\/19\/se-suspende-la-atencion-al-publico-en-la-oficina-de-chos-malal\/#primaryimage\"},\"thumbnailUrl\":\"https:\/\/www.epen.gov.ar\/wp-content\/uploads\/2020\/09\/WhatsApp-Image-2020-09-19-at-18.47.26.jpeg\",\"datePublished\":\"2020-09-19T21:59:16+00:00\",\"dateModified\":\"2020-09-19T22:03:24+00:00\",\"description\":\"Se suspende la atenci\u00f3n al p\u00fablico en la oficina de Chos Malal\",\"breadcrumb\":{\"@id\":\"https:\/\/www.epen.gov.ar\/index.php\/2020\/09\/19\/se-suspende-la-atencion-al-publico-en-la-oficina-de-chos-malal\/#breadcrumb\"},\"inLanguage\":\"es\",\"potentialAction\":[{\"@type\":\"ReadAction\",\"target\":[\"https:\/\/www.epen.gov.ar\/index.php\/2020\/09\/19\/se-suspende-la-atencion-al-publico-en-la-oficina-de-chos-malal\/\"]}]},{\"@type\":\"ImageObject\",\"inLanguage\":\"es\",\"@id\":\"https:\/\/www.epen.gov.ar\/index.php\/2020\/09\/19\/se-suspende-la-atencion-al-publico-en-la-oficina-de-chos-malal\/#primaryimage\",\"url\":\"https:\/\/www.epen.gov.ar\/wp-content\/uploads\/2020\/09\/WhatsApp-Image-2020-09-19-at-18.47.26.jpeg\",\"contentUrl\":\"https:\/\/www.epen.gov.ar\/wp-content\/uploads\/2020\/09\/WhatsApp-Image-2020-09-19-at-18.47.26.jpeg\",\"width\":1024,\"height\":524},{\"@type\":\"BreadcrumbList\",\"@id\":\"https:\/\/www.epen.gov.ar\/index.php\/2020\/09\/19\/se-suspende-la-atencion-al-publico-en-la-oficina-de-chos-malal\/#breadcrumb\",\"itemListElement\":[{\"@type\":\"ListItem\",\"position\":1,\"name\":\"Inicio\",\"item\":\"https:\/\/www.epen.gov.ar\/\"},{\"@type\":\"ListItem\",\"position\":2,\"name\":\"Se suspende la atenci\u00f3n al p\u00fablico en la oficina de Chos Malal\"}]},{\"@type\":\"WebSite\",\"@id\":\"https:\/\/www.epen.gov.ar\/#website\",\"url\":\"https:\/\/www.epen.gov.ar\/\",\"name\":\"EPEN\",\"description\":\"Ente Provincial de Energ\u00eda del Neuqu\u00e9n\",\"publisher\":{\"@id\":\"https:\/\/www.epen.gov.ar\/#organization\"},\"potentialAction\":[{\"@type\":\"SearchAction\",\"target\":{\"@type\":\"EntryPoint\",\"urlTemplate\":\"https:\/\/www.epen.gov.ar\/?s={search_term_string}\"},\"query-input\":{\"@type\":\"PropertyValueSpecification\",\"valueRequired\":true,\"valueName\":\"search_term_string\"}}],\"inLanguage\":\"es\"},{\"@type\":\"Organization\",\"@id\":\"https:\/\/www.epen.gov.ar\/#organization\",\"name\":\"Ente Provincial de Energ\u00eda del Neuqu\u00e9n\",\"url\":\"https:\/\/www.epen.gov.ar\/\",\"logo\":{\"@type\":\"ImageObject\",\"inLanguage\":\"es\",\"@id\":\"https:\/\/www.epen.gov.ar\/#\/schema\/logo\/image\/\",\"url\":\"https:\/\/www.epen.gov.ar\/wp-content\/uploads\/2024\/02\/Logo-EPEN-2.jpg\",\"contentUrl\":\"https:\/\/www.epen.gov.ar\/wp-content\/uploads\/2024\/02\/Logo-EPEN-2.jpg\",\"width\":696,\"height\":696,\"caption\":\"Ente Provincial de Energ\u00eda del Neuqu\u00e9n\"},\"image\":{\"@id\":\"https:\/\/www.epen.gov.ar\/#\/schema\/logo\/image\/\"},\"sameAs\":[\"https:\/\/www.facebook.com\/EPEN.Neuquen\",\"https:\/\/x.com\/EPEN_Informa\",\"https:\/\/www.youtube.com\/@epenprensa7384\"]},{\"@type\":\"Person\",\"@id\":\"https:\/\/www.epen.gov.ar\/#\/schema\/person\/ce6cff87c2fc01264becc10fa105ad4f\",\"name\":\"Prensa EPEN\",\"image\":{\"@type\":\"ImageObject\",\"inLanguage\":\"es\",\"@id\":\"https:\/\/secure.gravatar.com\/avatar\/f8120b8688012ccf2d7fbcf7a970cfbabf0ab63b09c2dbd72c194bee080070e9?s=96&d=mm&r=g\",\"url\":\"https:\/\/secure.gravatar.com\/avatar\/f8120b8688012ccf2d7fbcf7a970cfbabf0ab63b09c2dbd72c194bee080070e9?s=96&d=mm&r=g\",\"contentUrl\":\"https:\/\/secure.gravatar.com\/avatar\/f8120b8688012ccf2d7fbcf7a970cfbabf0ab63b09c2dbd72c194bee080070e9?s=96&d=mm&r=g\",\"caption\":\"Prensa EPEN\"},\"url\":\"https:\/\/www.epen.gov.ar\/index.php\/author\/admin\/\"}]}<\/script>\n<!-- \/ Yoast SEO plugin. -->","yoast_head_json":{"title":"EPEN - Se suspende la atenci\u00f3n al p\u00fablico en la oficina de Chos Malal","description":"Se suspende la atenci\u00f3n al p\u00fablico en la oficina de Chos Malal","robots":{"index":"index","follow":"follow","max-snippet":"max-snippet:-1","max-image-preview":"max-image-preview:large","max-video-preview":"max-video-preview:-1"},"canonical":"https:\/\/www.epen.gov.ar\/index.php\/2020\/09\/19\/se-suspende-la-atencion-al-publico-en-la-oficina-de-chos-malal\/","og_locale":"es_ES","og_type":"article","og_title":"EPEN - Se suspende la atenci\u00f3n al p\u00fablico en la oficina de Chos Malal","og_description":"Se suspende la atenci\u00f3n al p\u00fablico en la oficina de Chos Malal","og_url":"https:\/\/www.epen.gov.ar\/index.php\/2020\/09\/19\/se-suspende-la-atencion-al-publico-en-la-oficina-de-chos-malal\/","og_site_name":"EPEN","article_publisher":"https:\/\/www.facebook.com\/EPEN.Neuquen","article_published_time":"2020-09-19T21:59:16+00:00","article_modified_time":"2020-09-19T22:03:24+00:00","og_image":[{"width":1024,"height":524,"url":"https:\/\/www.epen.gov.ar\/wp-content\/uploads\/2020\/09\/WhatsApp-Image-2020-09-19-at-18.47.26.jpeg","type":"image\/jpeg"}],"author":"Prensa EPEN","twitter_card":"summary_large_image","twitter_creator":"@EPEN_Informa","twitter_site":"@EPEN_Informa","twitter_misc":{"Escrito por":"Prensa EPEN","Tiempo de lectura":"3 minutos"},"schema":{"@context":"https:\/\/schema.org","@graph":[{"@type":"Article","@id":"https:\/\/www.epen.gov.ar\/index.php\/2020\/09\/19\/se-suspende-la-atencion-al-publico-en-la-oficina-de-chos-malal\/#article","isPartOf":{"@id":"https:\/\/www.epen.gov.ar\/index.php\/2020\/09\/19\/se-suspende-la-atencion-al-publico-en-la-oficina-de-chos-malal\/"},"author":{"name":"Prensa EPEN","@id":"https:\/\/www.epen.gov.ar\/#\/schema\/person\/ce6cff87c2fc01264becc10fa105ad4f"},"headline":"Se suspende la atenci\u00f3n al p\u00fablico en la oficina de Chos Malal","datePublished":"2020-09-19T21:59:16+00:00","dateModified":"2020-09-19T22:03:24+00:00","mainEntityOfPage":{"@id":"https:\/\/www.epen.gov.ar\/index.php\/2020\/09\/19\/se-suspende-la-atencion-al-publico-en-la-oficina-de-chos-malal\/"},"wordCount":677,"commentCount":0,"publisher":{"@id":"https:\/\/www.epen.gov.ar\/#organization"},"image":{"@id":"https:\/\/www.epen.gov.ar\/index.php\/2020\/09\/19\/se-suspende-la-atencion-al-publico-en-la-oficina-de-chos-malal\/#primaryimage"},"thumbnailUrl":"https:\/\/www.epen.gov.ar\/wp-content\/uploads\/2020\/09\/WhatsApp-Image-2020-09-19-at-18.47.26.jpeg","articleSection":["Noticias"],"inLanguage":"es","potentialAction":[{"@type":"CommentAction","name":"Comment","target":["https:\/\/www.epen.gov.ar\/index.php\/2020\/09\/19\/se-suspende-la-atencion-al-publico-en-la-oficina-de-chos-malal\/#respond"]}]},{"@type":"WebPage","@id":"https:\/\/www.epen.gov.ar\/index.php\/2020\/09\/19\/se-suspende-la-atencion-al-publico-en-la-oficina-de-chos-malal\/","url":"https:\/\/www.epen.gov.ar\/index.php\/2020\/09\/19\/se-suspende-la-atencion-al-publico-en-la-oficina-de-chos-malal\/","name":"EPEN - Se suspende la atenci\u00f3n al p\u00fablico en la oficina de Chos Malal","isPartOf":{"@id":"https:\/\/www.epen.gov.ar\/#website"},"primaryImageOfPage":{"@id":"https:\/\/www.epen.gov.ar\/index.php\/2020\/09\/19\/se-suspende-la-atencion-al-publico-en-la-oficina-de-chos-malal\/#primaryimage"},"image":{"@id":"https:\/\/www.epen.gov.ar\/index.php\/2020\/09\/19\/se-suspende-la-atencion-al-publico-en-la-oficina-de-chos-malal\/#primaryimage"},"thumbnailUrl":"https:\/\/www.epen.gov.ar\/wp-content\/uploads\/2020\/09\/WhatsApp-Image-2020-09-19-at-18.47.26.jpeg","datePublished":"2020-09-19T21:59:16+00:00","dateModified":"2020-09-19T22:03:24+00:00","description":"Se suspende la atenci\u00f3n al p\u00fablico en la oficina de Chos Malal","breadcrumb":{"@id":"https:\/\/www.epen.gov.ar\/index.php\/2020\/09\/19\/se-suspende-la-atencion-al-publico-en-la-oficina-de-chos-malal\/#breadcrumb"},"inLanguage":"es","potentialAction":[{"@type":"ReadAction","target":["https:\/\/www.epen.gov.ar\/index.php\/2020\/09\/19\/se-suspende-la-atencion-al-publico-en-la-oficina-de-chos-malal\/"]}]},{"@type":"ImageObject","inLanguage":"es","@id":"https:\/\/www.epen.gov.ar\/index.php\/2020\/09\/19\/se-suspende-la-atencion-al-publico-en-la-oficina-de-chos-malal\/#primaryimage","url":"https:\/\/www.epen.gov.ar\/wp-content\/uploads\/2020\/09\/WhatsApp-Image-2020-09-19-at-18.47.26.jpeg","contentUrl":"https:\/\/www.epen.gov.ar\/wp-content\/uploads\/2020\/09\/WhatsApp-Image-2020-09-19-at-18.47.26.jpeg","width":1024,"height":524},{"@type":"BreadcrumbList","@id":"https:\/\/www.epen.gov.ar\/index.php\/2020\/09\/19\/se-suspende-la-atencion-al-publico-en-la-oficina-de-chos-malal\/#breadcrumb","itemListElement":[{"@type":"ListItem","position":1,"name":"Inicio","item":"https:\/\/www.epen.gov.ar\/"},{"@type":"ListItem","position":2,"name":"Se suspende la atenci\u00f3n al p\u00fablico en la oficina de Chos Malal"}]},{"@type":"WebSite","@id":"https:\/\/www.epen.gov.ar\/#website","url":"https:\/\/www.epen.gov.ar\/","name":"EPEN","description":"Ente Provincial de Energ\u00eda del Neuqu\u00e9n","publisher":{"@id":"https:\/\/www.epen.gov.ar\/#organization"},"potentialAction":[{"@type":"SearchAction","target":{"@type":"EntryPoint","urlTemplate":"https:\/\/www.epen.gov.ar\/?s={search_term_string}"},"query-input":{"@type":"PropertyValueSpecification","valueRequired":true,"valueName":"search_term_string"}}],"inLanguage":"es"},{"@type":"Organization","@id":"https:\/\/www.epen.gov.ar\/#organization","name":"Ente Provincial de Energ\u00eda del Neuqu\u00e9n","url":"https:\/\/www.epen.gov.ar\/","logo":{"@type":"ImageObject","inLanguage":"es","@id":"https:\/\/www.epen.gov.ar\/#\/schema\/logo\/image\/","url":"https:\/\/www.epen.gov.ar\/wp-content\/uploads\/2024\/02\/Logo-EPEN-2.jpg","contentUrl":"https:\/\/www.epen.gov.ar\/wp-content\/uploads\/2024\/02\/Logo-EPEN-2.jpg","width":696,"height":696,"caption":"Ente Provincial de Energ\u00eda del Neuqu\u00e9n"},"image":{"@id":"https:\/\/www.epen.gov.ar\/#\/schema\/logo\/image\/"},"sameAs":["https:\/\/www.facebook.com\/EPEN.Neuquen","https:\/\/x.com\/EPEN_Informa","https:\/\/www.youtube.com\/@epenprensa7384"]},{"@type":"Person","@id":"https:\/\/www.epen.gov.ar\/#\/schema\/person\/ce6cff87c2fc01264becc10fa105ad4f","name":"Prensa EPEN","image":{"@type":"ImageObject","inLanguage":"es","@id":"https:\/\/secure.gravatar.com\/avatar\/f8120b8688012ccf2d7fbcf7a970cfbabf0ab63b09c2dbd72c194bee080070e9?s=96&d=mm&r=g","url":"https:\/\/secure.gravatar.com\/avatar\/f8120b8688012ccf2d7fbcf7a970cfbabf0ab63b09c2dbd72c194bee080070e9?s=96&d=mm&r=g","contentUrl":"https:\/\/secure.gravatar.com\/avatar\/f8120b8688012ccf2d7fbcf7a970cfbabf0ab63b09c2dbd72c194bee080070e9?s=96&d=mm&r=g","caption":"Prensa EPEN"},"url":"https:\/\/www.epen.gov.ar\/index.php\/author\/admin\/"}]}},"_links":{"self":[{"href":"https:\/\/www.epen.gov.ar\/index.php\/wp-json\/wp\/v2\/posts\/15744","targetHints":{"allow":["GET"]}}],"collection":[{"href":"https:\/\/www.epen.gov.ar\/index.php\/wp-json\/wp\/v2\/posts"}],"about":[{"href":"https:\/\/www.epen.gov.ar\/index.php\/wp-json\/wp\/v2\/types\/post"}],"author":[{"embeddable":true,"href":"https:\/\/www.epen.gov.ar\/index.php\/wp-json\/wp\/v2\/users\/1"}],"replies":[{"embeddable":true,"href":"https:\/\/www.epen.gov.ar\/index.php\/wp-json\/wp\/v2\/comments?post=15744"}],"version-history":[{"count":4,"href":"https:\/\/www.epen.gov.ar\/index.php\/wp-json\/wp\/v2\/posts\/15744\/revisions"}],"predecessor-version":[{"id":68369,"href":"https:\/\/www.epen.gov.ar\/index.php\/wp-json\/wp\/v2\/posts\/15744\/revisions\/68369"}],"wp:featuredmedia":[{"embeddable":true,"href":"https:\/\/www.epen.gov.ar\/index.php\/wp-json\/wp\/v2\/media\/15756"}],"wp:attachment":[{"href":"https:\/\/www.epen.gov.ar\/index.php\/wp-json\/wp\/v2\/media?parent=15744"}],"wp:term":[{"taxonomy":"category","embeddable":true,"href":"https:\/\/www.epen.gov.ar\/index.php\/wp-json\/wp\/v2\/categories?post=15744"},{"taxonomy":"post_tag","embeddable":true,"href":"https:\/\/www.epen.gov.ar\/index.php\/wp-json\/wp\/v2\/tags?post=15744"}],"curies":[{"name":"wp","href":"https:\/\/api.w.org\/{rel}","templated":true}]}}