{"id":15681,"date":"2020-09-17T19:41:48","date_gmt":"2020-09-17T22:41:48","guid":{"rendered":"http:\/\/192.168.200.48\/?p=15681"},"modified":"2020-09-17T19:41:48","modified_gmt":"2020-09-17T22:41:48","slug":"continuan-los-trabajos-en-el-sur-y-el-oeste","status":"publish","type":"post","link":"https:\/\/www.epen.gov.ar\/index.php\/2020\/09\/17\/continuan-los-trabajos-en-el-sur-y-el-oeste\/","title":{"rendered":"Contin\u00faan los trabajos en el sur y el oeste"},"content":{"rendered":"<div class=\"fusion-fullwidth fullwidth-box fusion-builder-row-1 nonhundred-percent-fullwidth non-hundred-percent-height-scrolling\" style=\"--awb-border-radius-top-left:0px;--awb-border-radius-top-right:0px;--awb-border-radius-bottom-right:0px;--awb-border-radius-bottom-left:0px;--awb-flex-wrap:wrap;\" ><div class=\"fusion-builder-row fusion-row\"><div class=\"fusion-layout-column fusion_builder_column fusion-builder-column-0 fusion_builder_column_2_3 2_3 fusion-two-third fusion-column-first\" style=\"--awb-bg-size:cover;width:66.666666666667%;width:calc(66.666666666667% - ( ( 4% ) * 0.66666666666667 ) );margin-right: 4%;\"><div class=\"fusion-column-wrapper fusion-column-has-shadow fusion-flex-column-wrapper-legacy\"><div class=\"fusion-text fusion-text-1\"><p style=\"font-weight: 400; text-align: justify;\"><strong><em>Se estima que hacia las 22 hrs finalizar\u00e1n las tareas en la LMT 33 kV que abastece a Alumin\u00e9.<\/em><\/strong><\/p>\n<p style=\"font-weight: 400; text-align: justify;\">El Ente Provincial de Energ\u00eda del Neuqu\u00e9n (EPEN) informa que a\u00fan se trabaja en distintos puntos de la zona del oeste y sur provincial debido a los fuertes vientos que durante la madrugada y a lo largo de la presente jornada produjeron inconvenientes en la red el\u00e9ctrica.<\/p>\n<p style=\"font-weight: 400; text-align: justify;\">De esta manera en la zona sur, en\u00a0<strong>Jun\u00edn\u00a0<\/strong>de los Andes, desde las 17:30 aproximadamente se realizan tareas para restablecer el servicio por la ca\u00edda de un pino de gran porte sobre la l\u00ednea que lleva la energ\u00eda hacia la localidad. Junto a la cuadrilla de Jun\u00edn y otra de San Mart\u00edn, se repara la misma y se estima que los trabajos finalizar\u00e1n hacia las 21 horas. Adem\u00e1s, hay inconvenientes en Santo Tom\u00e1s y se contin\u00faa trabajando para restablecer.<\/p>\n<p style=\"font-weight: 400; text-align: justify;\">En el caso de\u00a0<strong>Alumin\u00e9<\/strong>, ya que Villa Pehuenia y Moquehue se abastecen con grupos generadores, se trabaja sobre la l\u00ednea que sale de Zapala y llega hasta Alumine y Pehuenia, que se encuentra fuera de servicio por la ca\u00edda de 6 estructuras. Cuatro ya fueron reparadas, y se inform\u00f3 hace instantes que una de las 2 gr\u00faas se averi\u00f3, por el esfuerzo frente a los fuertes vientos, por lo que las tareas se extender\u00e1n hasta las 22 horas aproximadamente; los vientos en la zona \u00a0fueron de 120 km con r\u00e1fagas de hasta 140 km, a algunas estructuras las quebr\u00f3 y dobl\u00f3 partes de acero de las mismas. Una m\u00e1quina retroexcavadora con orugas realiz\u00f3 los pozos para instalar los postes nuevos y las riendas.<\/p>\n<p style=\"font-weight: 400; text-align: justify;\">Durante la reparaci\u00f3n se ejecutaron\u00a0los protocolos de seguridad de rigor, ya que el viento en horas del mediod\u00eda fue muy intenso. El trabajo del operario que manejaba la oruga si pudo avanzar, por ser en recinto cerrado, mientras el personal prosigui\u00f3 con tareas en suelo, para la reparaci\u00f3n de casi 600 metros de l\u00edneas que cayeron.<\/p>\n<p style=\"font-weight: 400; text-align: justify;\">Por otra parte, en\u00a0<strong>Mariano Moreno\u00a0<\/strong>el personal contin\u00faa trabajando, y si bien hubo dificultades relacionadas al acceso de los veh\u00edculos por el estado del terreno, se avanz\u00f3 en la reparaci\u00f3n de once estructuras y tendido de l\u00edneas. Las ultimas cinco restantes se reparan en estos momentos, concentrando el trabajo en esa zona para poder finalizar alrededor -se estima- de las 20 hrs.<\/p>\n<p style=\"font-weight: 400; text-align: justify;\">Para ma\u00f1ana viernes quedar\u00e1n algunos trabajos relacionados a la ca\u00edda de \u00e1rboles, como el caso del Barrio Regimiento, y algunos inconvenientes en bajadas domiciliarias.<\/p>\n<p style=\"font-weight: 400; text-align: justify;\">En\u00a0<strong>Loncopu\u00e9,<\/strong>\u00a0zona rural de Huarenchenque, se continuaba con la reparaci\u00f3n de una columna de retenci\u00f3n y cinco postes que deb\u00edan reemplazarse. Se estima finalizar alrededor de las 20.<\/p>\n<p style=\"font-weight: 400; text-align: justify;\">En Las Lajas, con algunos problemas menores y mas puntuales relacionados a la ca\u00edda de ramas sobre l\u00edneas y conductores. Esta ma\u00f1ana hubo un corte general que afect\u00f3 tambi\u00e9n a Loncopu\u00e9 pero fue solucionado.<\/p>\n<\/div><div class=\"fusion-clearfix\"><\/div><\/div><\/div><div class=\"fusion-layout-column fusion_builder_column fusion-builder-column-1 fusion_builder_column_1_3 1_3 fusion-one-third fusion-column-last\" style=\"--awb-bg-size:cover;width:33.333333333333%;width:calc(33.333333333333% - ( ( 4% ) * 0.33333333333333 ) );\"><div class=\"fusion-column-wrapper fusion-column-has-shadow fusion-flex-column-wrapper-legacy\"><div class=\"fusion-widget-area awb-widget-area-element fusion-widget-area-1 fusion-content-widget-area\" style=\"--awb-title-size:20px;--awb-title-color:#333333;--awb-padding:0px 0px 0px 0px;\"><style type=\"text\/css\" data-id=\"tweets-widget-2\">#tweets-widget-2 li { border-color:#eaeaea;}<\/style><section id=\"tweets-widget-2\" class=\"widget tweets\" style=\"border-style: solid;border-color: #eaeaea;border-color:transparent;border-width:0px;\">\t\t\t\t\n\t\t<div style=\"overflow:hidden\">\n\t\t\t\t\t\t\t\t\t\t\t<a class=\"twitter-timeline\" data-dnt=\"true\" href=\"https:\/\/twitter.com\/@EPEN_Informa\" data-width=\"500\" data-height=\"300\" width=\"500\" height=\"300\" data-theme=\"light\" data-link-color=\"##25a9bd\" data-border-color=\"#eaeaea\" data-chrome=\"\">Tweets por @EPEN_Informa<\/a>\n\t\t\t\t\t\t\t\n\t\t\t\t\t\t\t\t\t\t\t<script async src=\"\/\/platform.twitter.com\/widgets.js\" charset=\"utf-8\"><\/script>\n\t\t\t\t\t\t\t\n\t\t<\/div>\n\t\t<\/section>\n\t\t<section id=\"recent-posts-3\" class=\"widget widget_recent_entries\" style=\"border-style: solid;border-color:transparent;border-width:0px;\">\n\t\t<div class=\"heading\"><h4 class=\"widget-title\">Entradas recientes<\/h4><\/div>\n\t\t<ul>\n\t\t\t\t\t\t\t\t\t\t\t<li>\n\t\t\t\t\t<a href=\"https:\/\/www.epen.gov.ar\/index.php\/2026\/04\/30\/licitacion-publica-n-14-2026-contratacion-de-servicios-de-desarrollo-y-mantenimiento-de-sistemas-informaticos\/\">LICITACI\u00d3N P\u00daBLICA N\u00b0 14\/2026 CONTRATACI\u00d3N DE SERVICIOS DE DESARROLLO Y MANTENIMIENTO DE SISTEMAS INFORM\u00c1TICOS<\/a>\n\t\t\t\t\t\t\t\t\t\t\t<span class=\"post-date\">30\/04\/2026<\/span>\n\t\t\t\t\t\t\t\t\t<\/li>\n\t\t\t\t\t\t\t\t\t\t\t<li>\n\t\t\t\t\t<a href=\"https:\/\/www.epen.gov.ar\/index.php\/2026\/04\/29\/corte-programado-en-sectores-de-centenario-el-30-04-2026\/\">Corte Programado en sectores de Centenario el 30\/04\/2026<\/a>\n\t\t\t\t\t\t\t\t\t\t\t<span class=\"post-date\">29\/04\/2026<\/span>\n\t\t\t\t\t\t\t\t\t<\/li>\n\t\t\t\t\t\t\t\t\t\t\t<li>\n\t\t\t\t\t<a href=\"https:\/\/www.epen.gov.ar\/index.php\/2026\/04\/28\/el-epen-impulsa-el-desarrollo-de-varvarco-con-nueva-infraestructura-para-17-lotes\/\">El EPEN impulsa el desarrollo de Varvarco con nueva infraestructura para 17 lotes<\/a>\n\t\t\t\t\t\t\t\t\t\t\t<span class=\"post-date\">28\/04\/2026<\/span>\n\t\t\t\t\t\t\t\t\t<\/li>\n\t\t\t\t\t\t\t\t\t\t\t<li>\n\t\t\t\t\t<a href=\"https:\/\/www.epen.gov.ar\/index.php\/2026\/04\/28\/corte-programado-en-sectores-de-zona-nahueve-el-30-04-2026\/\">Corte Programado en sectores de zona Nahueve el 30\/04\/2026<\/a>\n\t\t\t\t\t\t\t\t\t\t\t<span class=\"post-date\">28\/04\/2026<\/span>\n\t\t\t\t\t\t\t\t\t<\/li>\n\t\t\t\t\t\t\t\t\t\t\t<li>\n\t\t\t\t\t<a href=\"https:\/\/www.epen.gov.ar\/index.php\/2026\/04\/24\/corte-programado-en-sectores-de-san-martin-de-los-andes-el-25-04-2026\/\">Corte Programado en sectores de San Mart\u00edn de los Andes el 25\/04\/2026<\/a>\n\t\t\t\t\t\t\t\t\t\t\t<span class=\"post-date\">24\/04\/2026<\/span>\n\t\t\t\t\t\t\t\t\t<\/li>\n\t\t\t\t\t<\/ul>\n\n\t\t<\/section><div class=\"fusion-additional-widget-content\"><\/div><\/div><div class=\"fusion-clearfix\"><\/div><\/div><\/div><\/div><\/div>\n","protected":false},"excerpt":{"rendered":"","protected":false},"author":1,"featured_media":15693,"comment_status":"open","ping_status":"open","sticky":false,"template":"","format":"standard","meta":{"_exactmetrics_skip_tracking":false,"_exactmetrics_sitenote_active":false,"_exactmetrics_sitenote_note":"","_exactmetrics_sitenote_category":0,"footnotes":""},"categories":[84],"tags":[],"class_list":["post-15681","post","type-post","status-publish","format-standard","has-post-thumbnail","hentry","category-noticias"],"yoast_head":"<!-- This site is optimized with the Yoast SEO plugin v27.2 - https:\/\/yoast.com\/product\/yoast-seo-wordpress\/ -->\n<title>EPEN - Contin\u00faan los trabajos en el sur y el oeste<\/title>\n<meta name=\"description\" content=\"Contin\u00faan los trabajos en el sur y el oeste\" \/>\n<meta name=\"robots\" content=\"index, follow, max-snippet:-1, max-image-preview:large, max-video-preview:-1\" \/>\n<link rel=\"canonical\" href=\"https:\/\/www.epen.gov.ar\/index.php\/2020\/09\/17\/continuan-los-trabajos-en-el-sur-y-el-oeste\/\" \/>\n<meta property=\"og:locale\" content=\"es_ES\" \/>\n<meta property=\"og:type\" content=\"article\" \/>\n<meta property=\"og:title\" content=\"EPEN - Contin\u00faan los trabajos en el sur y el oeste\" \/>\n<meta property=\"og:description\" content=\"Contin\u00faan los trabajos en el sur y el oeste\" \/>\n<meta property=\"og:url\" content=\"https:\/\/www.epen.gov.ar\/index.php\/2020\/09\/17\/continuan-los-trabajos-en-el-sur-y-el-oeste\/\" \/>\n<meta property=\"og:site_name\" content=\"EPEN\" \/>\n<meta property=\"article:publisher\" content=\"https:\/\/www.facebook.com\/EPEN.Neuquen\" \/>\n<meta property=\"article:published_time\" content=\"2020-09-17T22:41:48+00:00\" \/>\n<meta property=\"og:image\" content=\"https:\/\/www.epen.gov.ar\/wp-content\/uploads\/2020\/09\/epen-linea-33-kV-scaled-e1600382464738.jpg\" \/>\n\t<meta property=\"og:image:width\" content=\"2560\" \/>\n\t<meta property=\"og:image:height\" content=\"1043\" \/>\n\t<meta property=\"og:image:type\" content=\"image\/jpeg\" \/>\n<meta name=\"author\" content=\"Prensa EPEN\" \/>\n<meta name=\"twitter:card\" content=\"summary_large_image\" \/>\n<meta name=\"twitter:creator\" content=\"@EPEN_Informa\" \/>\n<meta name=\"twitter:site\" content=\"@EPEN_Informa\" \/>\n<meta name=\"twitter:label1\" content=\"Escrito por\" \/>\n\t<meta name=\"twitter:data1\" content=\"Prensa EPEN\" \/>\n\t<meta name=\"twitter:label2\" content=\"Tiempo de lectura\" \/>\n\t<meta name=\"twitter:data2\" content=\"5 minutos\" \/>\n<script type=\"application\/ld+json\" class=\"yoast-schema-graph\">{\"@context\":\"https:\/\/schema.org\",\"@graph\":[{\"@type\":\"Article\",\"@id\":\"https:\/\/www.epen.gov.ar\/index.php\/2020\/09\/17\/continuan-los-trabajos-en-el-sur-y-el-oeste\/#article\",\"isPartOf\":{\"@id\":\"https:\/\/www.epen.gov.ar\/index.php\/2020\/09\/17\/continuan-los-trabajos-en-el-sur-y-el-oeste\/\"},\"author\":{\"name\":\"Prensa EPEN\",\"@id\":\"https:\/\/www.epen.gov.ar\/#\/schema\/person\/ce6cff87c2fc01264becc10fa105ad4f\"},\"headline\":\"Contin\u00faan los trabajos en el sur y el oeste\",\"datePublished\":\"2020-09-17T22:41:48+00:00\",\"mainEntityOfPage\":{\"@id\":\"https:\/\/www.epen.gov.ar\/index.php\/2020\/09\/17\/continuan-los-trabajos-en-el-sur-y-el-oeste\/\"},\"wordCount\":927,\"commentCount\":0,\"publisher\":{\"@id\":\"https:\/\/www.epen.gov.ar\/#organization\"},\"image\":{\"@id\":\"https:\/\/www.epen.gov.ar\/index.php\/2020\/09\/17\/continuan-los-trabajos-en-el-sur-y-el-oeste\/#primaryimage\"},\"thumbnailUrl\":\"https:\/\/www.epen.gov.ar\/wp-content\/uploads\/2020\/09\/epen-linea-33-kV-scaled-e1600382464738.jpg\",\"articleSection\":[\"Noticias\"],\"inLanguage\":\"es\",\"potentialAction\":[{\"@type\":\"CommentAction\",\"name\":\"Comment\",\"target\":[\"https:\/\/www.epen.gov.ar\/index.php\/2020\/09\/17\/continuan-los-trabajos-en-el-sur-y-el-oeste\/#respond\"]}]},{\"@type\":\"WebPage\",\"@id\":\"https:\/\/www.epen.gov.ar\/index.php\/2020\/09\/17\/continuan-los-trabajos-en-el-sur-y-el-oeste\/\",\"url\":\"https:\/\/www.epen.gov.ar\/index.php\/2020\/09\/17\/continuan-los-trabajos-en-el-sur-y-el-oeste\/\",\"name\":\"EPEN - Contin\u00faan los trabajos en el sur y el oeste\",\"isPartOf\":{\"@id\":\"https:\/\/www.epen.gov.ar\/#website\"},\"primaryImageOfPage\":{\"@id\":\"https:\/\/www.epen.gov.ar\/index.php\/2020\/09\/17\/continuan-los-trabajos-en-el-sur-y-el-oeste\/#primaryimage\"},\"image\":{\"@id\":\"https:\/\/www.epen.gov.ar\/index.php\/2020\/09\/17\/continuan-los-trabajos-en-el-sur-y-el-oeste\/#primaryimage\"},\"thumbnailUrl\":\"https:\/\/www.epen.gov.ar\/wp-content\/uploads\/2020\/09\/epen-linea-33-kV-scaled-e1600382464738.jpg\",\"datePublished\":\"2020-09-17T22:41:48+00:00\",\"description\":\"Contin\u00faan los trabajos en el sur y el oeste\",\"breadcrumb\":{\"@id\":\"https:\/\/www.epen.gov.ar\/index.php\/2020\/09\/17\/continuan-los-trabajos-en-el-sur-y-el-oeste\/#breadcrumb\"},\"inLanguage\":\"es\",\"potentialAction\":[{\"@type\":\"ReadAction\",\"target\":[\"https:\/\/www.epen.gov.ar\/index.php\/2020\/09\/17\/continuan-los-trabajos-en-el-sur-y-el-oeste\/\"]}]},{\"@type\":\"ImageObject\",\"inLanguage\":\"es\",\"@id\":\"https:\/\/www.epen.gov.ar\/index.php\/2020\/09\/17\/continuan-los-trabajos-en-el-sur-y-el-oeste\/#primaryimage\",\"url\":\"https:\/\/www.epen.gov.ar\/wp-content\/uploads\/2020\/09\/epen-linea-33-kV-scaled-e1600382464738.jpg\",\"contentUrl\":\"https:\/\/www.epen.gov.ar\/wp-content\/uploads\/2020\/09\/epen-linea-33-kV-scaled-e1600382464738.jpg\",\"width\":2560,\"height\":1043},{\"@type\":\"BreadcrumbList\",\"@id\":\"https:\/\/www.epen.gov.ar\/index.php\/2020\/09\/17\/continuan-los-trabajos-en-el-sur-y-el-oeste\/#breadcrumb\",\"itemListElement\":[{\"@type\":\"ListItem\",\"position\":1,\"name\":\"Inicio\",\"item\":\"https:\/\/www.epen.gov.ar\/\"},{\"@type\":\"ListItem\",\"position\":2,\"name\":\"Contin\u00faan los trabajos en el sur y el oeste\"}]},{\"@type\":\"WebSite\",\"@id\":\"https:\/\/www.epen.gov.ar\/#website\",\"url\":\"https:\/\/www.epen.gov.ar\/\",\"name\":\"EPEN\",\"description\":\"Ente Provincial de Energ\u00eda del Neuqu\u00e9n\",\"publisher\":{\"@id\":\"https:\/\/www.epen.gov.ar\/#organization\"},\"potentialAction\":[{\"@type\":\"SearchAction\",\"target\":{\"@type\":\"EntryPoint\",\"urlTemplate\":\"https:\/\/www.epen.gov.ar\/?s={search_term_string}\"},\"query-input\":{\"@type\":\"PropertyValueSpecification\",\"valueRequired\":true,\"valueName\":\"search_term_string\"}}],\"inLanguage\":\"es\"},{\"@type\":\"Organization\",\"@id\":\"https:\/\/www.epen.gov.ar\/#organization\",\"name\":\"Ente Provincial de Energ\u00eda del Neuqu\u00e9n\",\"url\":\"https:\/\/www.epen.gov.ar\/\",\"logo\":{\"@type\":\"ImageObject\",\"inLanguage\":\"es\",\"@id\":\"https:\/\/www.epen.gov.ar\/#\/schema\/logo\/image\/\",\"url\":\"https:\/\/www.epen.gov.ar\/wp-content\/uploads\/2024\/02\/Logo-EPEN-2.jpg\",\"contentUrl\":\"https:\/\/www.epen.gov.ar\/wp-content\/uploads\/2024\/02\/Logo-EPEN-2.jpg\",\"width\":696,\"height\":696,\"caption\":\"Ente Provincial de Energ\u00eda del Neuqu\u00e9n\"},\"image\":{\"@id\":\"https:\/\/www.epen.gov.ar\/#\/schema\/logo\/image\/\"},\"sameAs\":[\"https:\/\/www.facebook.com\/EPEN.Neuquen\",\"https:\/\/x.com\/EPEN_Informa\",\"https:\/\/www.youtube.com\/@epenprensa7384\"]},{\"@type\":\"Person\",\"@id\":\"https:\/\/www.epen.gov.ar\/#\/schema\/person\/ce6cff87c2fc01264becc10fa105ad4f\",\"name\":\"Prensa EPEN\",\"image\":{\"@type\":\"ImageObject\",\"inLanguage\":\"es\",\"@id\":\"https:\/\/secure.gravatar.com\/avatar\/f8120b8688012ccf2d7fbcf7a970cfbabf0ab63b09c2dbd72c194bee080070e9?s=96&d=mm&r=g\",\"url\":\"https:\/\/secure.gravatar.com\/avatar\/f8120b8688012ccf2d7fbcf7a970cfbabf0ab63b09c2dbd72c194bee080070e9?s=96&d=mm&r=g\",\"contentUrl\":\"https:\/\/secure.gravatar.com\/avatar\/f8120b8688012ccf2d7fbcf7a970cfbabf0ab63b09c2dbd72c194bee080070e9?s=96&d=mm&r=g\",\"caption\":\"Prensa EPEN\"},\"url\":\"https:\/\/www.epen.gov.ar\/index.php\/author\/admin\/\"}]}<\/script>\n<!-- \/ Yoast SEO plugin. -->","yoast_head_json":{"title":"EPEN - Contin\u00faan los trabajos en el sur y el oeste","description":"Contin\u00faan los trabajos en el sur y el oeste","robots":{"index":"index","follow":"follow","max-snippet":"max-snippet:-1","max-image-preview":"max-image-preview:large","max-video-preview":"max-video-preview:-1"},"canonical":"https:\/\/www.epen.gov.ar\/index.php\/2020\/09\/17\/continuan-los-trabajos-en-el-sur-y-el-oeste\/","og_locale":"es_ES","og_type":"article","og_title":"EPEN - Contin\u00faan los trabajos en el sur y el oeste","og_description":"Contin\u00faan los trabajos en el sur y el oeste","og_url":"https:\/\/www.epen.gov.ar\/index.php\/2020\/09\/17\/continuan-los-trabajos-en-el-sur-y-el-oeste\/","og_site_name":"EPEN","article_publisher":"https:\/\/www.facebook.com\/EPEN.Neuquen","article_published_time":"2020-09-17T22:41:48+00:00","og_image":[{"width":2560,"height":1043,"url":"https:\/\/www.epen.gov.ar\/wp-content\/uploads\/2020\/09\/epen-linea-33-kV-scaled-e1600382464738.jpg","type":"image\/jpeg"}],"author":"Prensa EPEN","twitter_card":"summary_large_image","twitter_creator":"@EPEN_Informa","twitter_site":"@EPEN_Informa","twitter_misc":{"Escrito por":"Prensa EPEN","Tiempo de lectura":"5 minutos"},"schema":{"@context":"https:\/\/schema.org","@graph":[{"@type":"Article","@id":"https:\/\/www.epen.gov.ar\/index.php\/2020\/09\/17\/continuan-los-trabajos-en-el-sur-y-el-oeste\/#article","isPartOf":{"@id":"https:\/\/www.epen.gov.ar\/index.php\/2020\/09\/17\/continuan-los-trabajos-en-el-sur-y-el-oeste\/"},"author":{"name":"Prensa EPEN","@id":"https:\/\/www.epen.gov.ar\/#\/schema\/person\/ce6cff87c2fc01264becc10fa105ad4f"},"headline":"Contin\u00faan los trabajos en el sur y el oeste","datePublished":"2020-09-17T22:41:48+00:00","mainEntityOfPage":{"@id":"https:\/\/www.epen.gov.ar\/index.php\/2020\/09\/17\/continuan-los-trabajos-en-el-sur-y-el-oeste\/"},"wordCount":927,"commentCount":0,"publisher":{"@id":"https:\/\/www.epen.gov.ar\/#organization"},"image":{"@id":"https:\/\/www.epen.gov.ar\/index.php\/2020\/09\/17\/continuan-los-trabajos-en-el-sur-y-el-oeste\/#primaryimage"},"thumbnailUrl":"https:\/\/www.epen.gov.ar\/wp-content\/uploads\/2020\/09\/epen-linea-33-kV-scaled-e1600382464738.jpg","articleSection":["Noticias"],"inLanguage":"es","potentialAction":[{"@type":"CommentAction","name":"Comment","target":["https:\/\/www.epen.gov.ar\/index.php\/2020\/09\/17\/continuan-los-trabajos-en-el-sur-y-el-oeste\/#respond"]}]},{"@type":"WebPage","@id":"https:\/\/www.epen.gov.ar\/index.php\/2020\/09\/17\/continuan-los-trabajos-en-el-sur-y-el-oeste\/","url":"https:\/\/www.epen.gov.ar\/index.php\/2020\/09\/17\/continuan-los-trabajos-en-el-sur-y-el-oeste\/","name":"EPEN - Contin\u00faan los trabajos en el sur y el oeste","isPartOf":{"@id":"https:\/\/www.epen.gov.ar\/#website"},"primaryImageOfPage":{"@id":"https:\/\/www.epen.gov.ar\/index.php\/2020\/09\/17\/continuan-los-trabajos-en-el-sur-y-el-oeste\/#primaryimage"},"image":{"@id":"https:\/\/www.epen.gov.ar\/index.php\/2020\/09\/17\/continuan-los-trabajos-en-el-sur-y-el-oeste\/#primaryimage"},"thumbnailUrl":"https:\/\/www.epen.gov.ar\/wp-content\/uploads\/2020\/09\/epen-linea-33-kV-scaled-e1600382464738.jpg","datePublished":"2020-09-17T22:41:48+00:00","description":"Contin\u00faan los trabajos en el sur y el oeste","breadcrumb":{"@id":"https:\/\/www.epen.gov.ar\/index.php\/2020\/09\/17\/continuan-los-trabajos-en-el-sur-y-el-oeste\/#breadcrumb"},"inLanguage":"es","potentialAction":[{"@type":"ReadAction","target":["https:\/\/www.epen.gov.ar\/index.php\/2020\/09\/17\/continuan-los-trabajos-en-el-sur-y-el-oeste\/"]}]},{"@type":"ImageObject","inLanguage":"es","@id":"https:\/\/www.epen.gov.ar\/index.php\/2020\/09\/17\/continuan-los-trabajos-en-el-sur-y-el-oeste\/#primaryimage","url":"https:\/\/www.epen.gov.ar\/wp-content\/uploads\/2020\/09\/epen-linea-33-kV-scaled-e1600382464738.jpg","contentUrl":"https:\/\/www.epen.gov.ar\/wp-content\/uploads\/2020\/09\/epen-linea-33-kV-scaled-e1600382464738.jpg","width":2560,"height":1043},{"@type":"BreadcrumbList","@id":"https:\/\/www.epen.gov.ar\/index.php\/2020\/09\/17\/continuan-los-trabajos-en-el-sur-y-el-oeste\/#breadcrumb","itemListElement":[{"@type":"ListItem","position":1,"name":"Inicio","item":"https:\/\/www.epen.gov.ar\/"},{"@type":"ListItem","position":2,"name":"Contin\u00faan los trabajos en el sur y el oeste"}]},{"@type":"WebSite","@id":"https:\/\/www.epen.gov.ar\/#website","url":"https:\/\/www.epen.gov.ar\/","name":"EPEN","description":"Ente Provincial de Energ\u00eda del Neuqu\u00e9n","publisher":{"@id":"https:\/\/www.epen.gov.ar\/#organization"},"potentialAction":[{"@type":"SearchAction","target":{"@type":"EntryPoint","urlTemplate":"https:\/\/www.epen.gov.ar\/?s={search_term_string}"},"query-input":{"@type":"PropertyValueSpecification","valueRequired":true,"valueName":"search_term_string"}}],"inLanguage":"es"},{"@type":"Organization","@id":"https:\/\/www.epen.gov.ar\/#organization","name":"Ente Provincial de Energ\u00eda del Neuqu\u00e9n","url":"https:\/\/www.epen.gov.ar\/","logo":{"@type":"ImageObject","inLanguage":"es","@id":"https:\/\/www.epen.gov.ar\/#\/schema\/logo\/image\/","url":"https:\/\/www.epen.gov.ar\/wp-content\/uploads\/2024\/02\/Logo-EPEN-2.jpg","contentUrl":"https:\/\/www.epen.gov.ar\/wp-content\/uploads\/2024\/02\/Logo-EPEN-2.jpg","width":696,"height":696,"caption":"Ente Provincial de Energ\u00eda del Neuqu\u00e9n"},"image":{"@id":"https:\/\/www.epen.gov.ar\/#\/schema\/logo\/image\/"},"sameAs":["https:\/\/www.facebook.com\/EPEN.Neuquen","https:\/\/x.com\/EPEN_Informa","https:\/\/www.youtube.com\/@epenprensa7384"]},{"@type":"Person","@id":"https:\/\/www.epen.gov.ar\/#\/schema\/person\/ce6cff87c2fc01264becc10fa105ad4f","name":"Prensa EPEN","image":{"@type":"ImageObject","inLanguage":"es","@id":"https:\/\/secure.gravatar.com\/avatar\/f8120b8688012ccf2d7fbcf7a970cfbabf0ab63b09c2dbd72c194bee080070e9?s=96&d=mm&r=g","url":"https:\/\/secure.gravatar.com\/avatar\/f8120b8688012ccf2d7fbcf7a970cfbabf0ab63b09c2dbd72c194bee080070e9?s=96&d=mm&r=g","contentUrl":"https:\/\/secure.gravatar.com\/avatar\/f8120b8688012ccf2d7fbcf7a970cfbabf0ab63b09c2dbd72c194bee080070e9?s=96&d=mm&r=g","caption":"Prensa EPEN"},"url":"https:\/\/www.epen.gov.ar\/index.php\/author\/admin\/"}]}},"_links":{"self":[{"href":"https:\/\/www.epen.gov.ar\/index.php\/wp-json\/wp\/v2\/posts\/15681","targetHints":{"allow":["GET"]}}],"collection":[{"href":"https:\/\/www.epen.gov.ar\/index.php\/wp-json\/wp\/v2\/posts"}],"about":[{"href":"https:\/\/www.epen.gov.ar\/index.php\/wp-json\/wp\/v2\/types\/post"}],"author":[{"embeddable":true,"href":"https:\/\/www.epen.gov.ar\/index.php\/wp-json\/wp\/v2\/users\/1"}],"replies":[{"embeddable":true,"href":"https:\/\/www.epen.gov.ar\/index.php\/wp-json\/wp\/v2\/comments?post=15681"}],"version-history":[{"count":2,"href":"https:\/\/www.epen.gov.ar\/index.php\/wp-json\/wp\/v2\/posts\/15681\/revisions"}],"predecessor-version":[{"id":15706,"href":"https:\/\/www.epen.gov.ar\/index.php\/wp-json\/wp\/v2\/posts\/15681\/revisions\/15706"}],"wp:featuredmedia":[{"embeddable":true,"href":"https:\/\/www.epen.gov.ar\/index.php\/wp-json\/wp\/v2\/media\/15693"}],"wp:attachment":[{"href":"https:\/\/www.epen.gov.ar\/index.php\/wp-json\/wp\/v2\/media?parent=15681"}],"wp:term":[{"taxonomy":"category","embeddable":true,"href":"https:\/\/www.epen.gov.ar\/index.php\/wp-json\/wp\/v2\/categories?post=15681"},{"taxonomy":"post_tag","embeddable":true,"href":"https:\/\/www.epen.gov.ar\/index.php\/wp-json\/wp\/v2\/tags?post=15681"}],"curies":[{"name":"wp","href":"https:\/\/api.w.org\/{rel}","templated":true}]}}