{"id":15552,"date":"2020-09-10T09:59:52","date_gmt":"2020-09-10T12:59:52","guid":{"rendered":"http:\/\/192.168.200.48\/?p=15552"},"modified":"2020-09-10T09:59:52","modified_gmt":"2020-09-10T12:59:52","slug":"informan-a-beneficiarios-sobre-obras-de-electrificacion-rural","status":"publish","type":"post","link":"https:\/\/www.epen.gov.ar\/index.php\/2020\/09\/10\/informan-a-beneficiarios-sobre-obras-de-electrificacion-rural\/","title":{"rendered":"Informan a beneficiarios sobre obras de electrificaci\u00f3n rural"},"content":{"rendered":"<div class=\"fusion-fullwidth fullwidth-box fusion-builder-row-1 nonhundred-percent-fullwidth non-hundred-percent-height-scrolling\" style=\"--awb-border-radius-top-left:0px;--awb-border-radius-top-right:0px;--awb-border-radius-bottom-right:0px;--awb-border-radius-bottom-left:0px;--awb-flex-wrap:wrap;\" ><div class=\"fusion-builder-row fusion-row\"><div class=\"fusion-layout-column fusion_builder_column fusion-builder-column-0 fusion_builder_column_2_3 2_3 fusion-two-third fusion-column-first\" style=\"--awb-bg-size:cover;width:66.666666666667%;width:calc(66.666666666667% - ( ( 4% ) * 0.66666666666667 ) );margin-right: 4%;\"><div class=\"fusion-column-wrapper fusion-column-has-shadow fusion-flex-column-wrapper-legacy\"><div class=\"fusion-text fusion-text-1\"><p class=\"bajada\" style=\"text-align: justify;\"><em>Las obras para llevar energ\u00eda el\u00e9ctrica por red a la zona sur, dar\u00e1n inicio de forma inminente y se realiza una campa\u00f1a de difusi\u00f3n.<\/em><\/p>\n<p>A trav\u00e9s del Ministerio de Producci\u00f3n e Industria, en conjunto con el EPEN y la UPEFE, el gobierno provincial avanzar\u00e1 con una gran obra de electrificaci\u00f3n rural en la zona sur de la provincia que beneficiar\u00e1 a m\u00e1s de 6500 familias en localidades y parajes de los departamentos de Huiliches, Catan Lil y Coll\u00f3n Cura.<\/p>\n<p>El proyecto tiene por objetivo dotar a la regi\u00f3n de energ\u00eda el\u00e9ctrica por red y reforzar el suministro a las zonas rurales, logrando que su uso contribuya no s\u00f3lo a incrementar la productividad de los sistemas agropecuarios sino tambi\u00e9n a incorporar nuevas tecnolog\u00edas. Adem\u00e1s, impactar\u00e1 de forma beneficiosa para el medio ambiente ya que se propone reemplazar la generaci\u00f3n t\u00e9rmica de energ\u00eda -la cual utiliza motores a gas oil-interconectando a la localidad de Las Coloradas al sistema el\u00e9ctrico provincial.<\/p>\n<p>Es financiado por el BID, a trav\u00e9s del\u00a0 Programa de Servicios Agr\u00edcolas (PROSAP) \u2013 perteneciente al Ministerio de Agricultura, Ganader\u00eda y Pesca de la Naci\u00f3n- y coordinado en la provincia por el Ministerio de Producci\u00f3n e Industria. El monto de inversi\u00f3n es del orden de los 18 millones de d\u00f3lares, afrontado un 75% por parte del Banco y 25% por parte de la provincia del Neuqu\u00e9n.<\/p>\n<p>El programa no s\u00f3lo abarca la infraestructura (obras de electrificaci\u00f3n) sino tambi\u00e9n un componente que apunta al fortalecimiento institucional y otro a la capacitaci\u00f3n y asistencia t\u00e9cnica a productores, con la realizaci\u00f3n de talleres y acompa\u00f1amiento t\u00e9cnico en el territorio, cuyo objetivo es optimizar los beneficios de la incorporaci\u00f3n del servicio el\u00e9ctrico por red y propiciar su materializaci\u00f3n en mejoras en la producci\u00f3n, la econom\u00eda local y la calidad de vida de la poblaci\u00f3n alcanzada.<\/p>\n<p>\u00abHa sido una muy importante decisi\u00f3n del Gobernador Omar Guti\u00e9rrez, acompa\u00f1ada luego por la Legislatura que permiti\u00f3 a la Provincia tomar financiamiento de largo plazo para continuar mejorando la calidad de vida de las familias rurales y generando m\u00e1s y mejores posibilidades para el desarrollo productivo y social en nuestro interior rural\u00bb, expres\u00f3 el Ministro de\u00a0Producci\u00f3n e Industria, Facundo L\u00f3pez Raggi.<\/p>\n<p>El programa -cuyas obras constituyen una cuarta fase en Neuqu\u00e9n- involucra directamente a 593 entidades agropecuarias productivas, a los usuarios actuales de Jun\u00edn de los Andes y Las Coloradas, a miembros de las comunidades Cayulef y Namuncur\u00e1, 3 escuelas, 2 puestos sanitarios y dos entidades religiosas.<\/p>\n<p>Los detalles, alcances y beneficios del programa y las obras a ejecutar ser\u00e1n informados a trav\u00e9s de los organismos intervinientes a todas las comunidades alcanzadas gracias a la tecnolog\u00eda que -en tiempos de pandemia- ayuda a realizar reuniones virtuales y ofrecer material de consulta, como parte de un programa que busca contribuir al desarrollo socio-productivo de las \u00e1reas rurales, bajo un esquema de sustentabilidad econ\u00f3mica, ambiental y social.<\/p>\n<\/div><div class=\"fusion-clearfix\"><\/div><\/div><\/div><div class=\"fusion-layout-column fusion_builder_column fusion-builder-column-1 fusion_builder_column_1_3 1_3 fusion-one-third fusion-column-last\" style=\"--awb-bg-size:cover;width:33.333333333333%;width:calc(33.333333333333% - ( ( 4% ) * 0.33333333333333 ) );\"><div class=\"fusion-column-wrapper fusion-column-has-shadow fusion-flex-column-wrapper-legacy\"><div class=\"fusion-widget-area awb-widget-area-element fusion-widget-area-1 fusion-content-widget-area\" style=\"--awb-title-size:20px;--awb-title-color:#333333;--awb-padding:0px 0px 0px 0px;\"><style type=\"text\/css\" data-id=\"tweets-widget-2\">#tweets-widget-2 li { border-color:#eaeaea;}<\/style><section id=\"tweets-widget-2\" class=\"widget tweets\" style=\"border-style: solid;border-color: #eaeaea;border-color:transparent;border-width:0px;\">\t\t\t\t\n\t\t<div style=\"overflow:hidden\">\n\t\t\t\t\t\t\t\t\t\t\t<a class=\"twitter-timeline\" data-dnt=\"true\" href=\"https:\/\/twitter.com\/@EPEN_Informa\" data-width=\"500\" data-height=\"300\" width=\"500\" height=\"300\" data-theme=\"light\" data-link-color=\"##25a9bd\" data-border-color=\"#eaeaea\" data-chrome=\"\">Tweets por @EPEN_Informa<\/a>\n\t\t\t\t\t\t\t\n\t\t\t\t\t\t\t\t\t\t\t<script async src=\"\/\/platform.twitter.com\/widgets.js\" charset=\"utf-8\"><\/script>\n\t\t\t\t\t\t\t\n\t\t<\/div>\n\t\t<\/section>\n\t\t<section id=\"recent-posts-3\" class=\"widget widget_recent_entries\" style=\"border-style: solid;border-color:transparent;border-width:0px;\">\n\t\t<div class=\"heading\"><h4 class=\"widget-title\">Entradas recientes<\/h4><\/div>\n\t\t<ul>\n\t\t\t\t\t\t\t\t\t\t\t<li>\n\t\t\t\t\t<a href=\"https:\/\/www.epen.gov.ar\/index.php\/2026\/04\/29\/corte-programado-en-sectores-de-centenario-el-30-04-2026\/\">Corte Programado en sectores de Centenario el 30\/04\/2026<\/a>\n\t\t\t\t\t\t\t\t\t\t\t<span class=\"post-date\">29\/04\/2026<\/span>\n\t\t\t\t\t\t\t\t\t<\/li>\n\t\t\t\t\t\t\t\t\t\t\t<li>\n\t\t\t\t\t<a href=\"https:\/\/www.epen.gov.ar\/index.php\/2026\/04\/28\/el-epen-impulsa-el-desarrollo-de-varvarco-con-nueva-infraestructura-para-17-lotes\/\">El EPEN impulsa el desarrollo de Varvarco con nueva infraestructura para 17 lotes<\/a>\n\t\t\t\t\t\t\t\t\t\t\t<span class=\"post-date\">28\/04\/2026<\/span>\n\t\t\t\t\t\t\t\t\t<\/li>\n\t\t\t\t\t\t\t\t\t\t\t<li>\n\t\t\t\t\t<a href=\"https:\/\/www.epen.gov.ar\/index.php\/2026\/04\/28\/corte-programado-en-sectores-de-zona-nahueve-el-30-04-2026\/\">Corte Programado en sectores de zona Nahueve el 30\/04\/2026<\/a>\n\t\t\t\t\t\t\t\t\t\t\t<span class=\"post-date\">28\/04\/2026<\/span>\n\t\t\t\t\t\t\t\t\t<\/li>\n\t\t\t\t\t\t\t\t\t\t\t<li>\n\t\t\t\t\t<a href=\"https:\/\/www.epen.gov.ar\/index.php\/2026\/04\/24\/corte-programado-en-sectores-de-san-martin-de-los-andes-el-25-04-2026\/\">Corte Programado en sectores de San Mart\u00edn de los Andes el 25\/04\/2026<\/a>\n\t\t\t\t\t\t\t\t\t\t\t<span class=\"post-date\">24\/04\/2026<\/span>\n\t\t\t\t\t\t\t\t\t<\/li>\n\t\t\t\t\t\t\t\t\t\t\t<li>\n\t\t\t\t\t<a href=\"https:\/\/www.epen.gov.ar\/index.php\/2026\/04\/24\/corte-programado-en-sectores-de-centenario-el-25-04-2026\/\">Corte Programado en sectores de Centenario el 25\/04\/2026<\/a>\n\t\t\t\t\t\t\t\t\t\t\t<span class=\"post-date\">24\/04\/2026<\/span>\n\t\t\t\t\t\t\t\t\t<\/li>\n\t\t\t\t\t<\/ul>\n\n\t\t<\/section><div class=\"fusion-additional-widget-content\"><\/div><\/div><div class=\"fusion-clearfix\"><\/div><\/div><\/div><\/div><\/div>\n","protected":false},"excerpt":{"rendered":"","protected":false},"author":1,"featured_media":3429,"comment_status":"open","ping_status":"open","sticky":false,"template":"","format":"standard","meta":{"_exactmetrics_skip_tracking":false,"_exactmetrics_sitenote_active":false,"_exactmetrics_sitenote_note":"","_exactmetrics_sitenote_category":0,"footnotes":""},"categories":[84],"tags":[183,186,185,184,182],"class_list":["post-15552","post","type-post","status-publish","format-standard","has-post-thumbnail","hentry","category-noticias","tag-bid","tag-electrificacion-rural","tag-junin-de-los-andes","tag-las-coloradas","tag-prosap"],"yoast_head":"<!-- This site is optimized with the Yoast SEO plugin v27.2 - https:\/\/yoast.com\/product\/yoast-seo-wordpress\/ -->\n<title>EPEN - Informan a beneficiarios sobre obras de electrificaci\u00f3n rural<\/title>\n<meta name=\"description\" content=\"Informan a beneficiarios sobre obras de electrificaci\u00f3n rural\" \/>\n<meta name=\"robots\" content=\"index, follow, max-snippet:-1, max-image-preview:large, max-video-preview:-1\" \/>\n<link rel=\"canonical\" href=\"https:\/\/www.epen.gov.ar\/index.php\/2020\/09\/10\/informan-a-beneficiarios-sobre-obras-de-electrificacion-rural\/\" \/>\n<meta property=\"og:locale\" content=\"es_ES\" \/>\n<meta property=\"og:type\" content=\"article\" \/>\n<meta property=\"og:title\" content=\"EPEN - Informan a beneficiarios sobre obras de electrificaci\u00f3n rural\" \/>\n<meta property=\"og:description\" content=\"Informan a beneficiarios sobre obras de electrificaci\u00f3n rural\" \/>\n<meta property=\"og:url\" content=\"https:\/\/www.epen.gov.ar\/index.php\/2020\/09\/10\/informan-a-beneficiarios-sobre-obras-de-electrificacion-rural\/\" \/>\n<meta property=\"og:site_name\" content=\"EPEN\" \/>\n<meta property=\"article:publisher\" content=\"https:\/\/www.facebook.com\/EPEN.Neuquen\" \/>\n<meta property=\"article:published_time\" content=\"2020-09-10T12:59:52+00:00\" \/>\n<meta property=\"og:image\" content=\"https:\/\/www.epen.gov.ar\/wp-content\/uploads\/2019\/05\/SET-Las-Ovejas-1.jpg\" \/>\n\t<meta property=\"og:image:width\" content=\"4608\" \/>\n\t<meta property=\"og:image:height\" content=\"3072\" \/>\n\t<meta property=\"og:image:type\" content=\"image\/jpeg\" \/>\n<meta name=\"author\" content=\"Prensa EPEN\" \/>\n<meta name=\"twitter:card\" content=\"summary_large_image\" \/>\n<meta name=\"twitter:creator\" content=\"@EPEN_Informa\" \/>\n<meta name=\"twitter:site\" content=\"@EPEN_Informa\" \/>\n<meta name=\"twitter:label1\" content=\"Escrito por\" \/>\n\t<meta name=\"twitter:data1\" content=\"Prensa EPEN\" \/>\n\t<meta name=\"twitter:label2\" content=\"Tiempo de lectura\" \/>\n\t<meta name=\"twitter:data2\" content=\"5 minutos\" \/>\n<script type=\"application\/ld+json\" class=\"yoast-schema-graph\">{\"@context\":\"https:\/\/schema.org\",\"@graph\":[{\"@type\":\"Article\",\"@id\":\"https:\/\/www.epen.gov.ar\/index.php\/2020\/09\/10\/informan-a-beneficiarios-sobre-obras-de-electrificacion-rural\/#article\",\"isPartOf\":{\"@id\":\"https:\/\/www.epen.gov.ar\/index.php\/2020\/09\/10\/informan-a-beneficiarios-sobre-obras-de-electrificacion-rural\/\"},\"author\":{\"name\":\"Prensa EPEN\",\"@id\":\"https:\/\/www.epen.gov.ar\/#\/schema\/person\/ce6cff87c2fc01264becc10fa105ad4f\"},\"headline\":\"Informan a beneficiarios sobre obras de electrificaci\u00f3n rural\",\"datePublished\":\"2020-09-10T12:59:52+00:00\",\"mainEntityOfPage\":{\"@id\":\"https:\/\/www.epen.gov.ar\/index.php\/2020\/09\/10\/informan-a-beneficiarios-sobre-obras-de-electrificacion-rural\/\"},\"wordCount\":944,\"commentCount\":0,\"publisher\":{\"@id\":\"https:\/\/www.epen.gov.ar\/#organization\"},\"image\":{\"@id\":\"https:\/\/www.epen.gov.ar\/index.php\/2020\/09\/10\/informan-a-beneficiarios-sobre-obras-de-electrificacion-rural\/#primaryimage\"},\"thumbnailUrl\":\"https:\/\/www.epen.gov.ar\/wp-content\/uploads\/2019\/05\/SET-Las-Ovejas-1.jpg\",\"keywords\":[\"BID\",\"Electrificaci\u00f3n Rural\",\"Jun\u00edn de los Andes\",\"Las Coloradas\",\"Prosap\"],\"articleSection\":[\"Noticias\"],\"inLanguage\":\"es\",\"potentialAction\":[{\"@type\":\"CommentAction\",\"name\":\"Comment\",\"target\":[\"https:\/\/www.epen.gov.ar\/index.php\/2020\/09\/10\/informan-a-beneficiarios-sobre-obras-de-electrificacion-rural\/#respond\"]}]},{\"@type\":\"WebPage\",\"@id\":\"https:\/\/www.epen.gov.ar\/index.php\/2020\/09\/10\/informan-a-beneficiarios-sobre-obras-de-electrificacion-rural\/\",\"url\":\"https:\/\/www.epen.gov.ar\/index.php\/2020\/09\/10\/informan-a-beneficiarios-sobre-obras-de-electrificacion-rural\/\",\"name\":\"EPEN - Informan a beneficiarios sobre obras de electrificaci\u00f3n rural\",\"isPartOf\":{\"@id\":\"https:\/\/www.epen.gov.ar\/#website\"},\"primaryImageOfPage\":{\"@id\":\"https:\/\/www.epen.gov.ar\/index.php\/2020\/09\/10\/informan-a-beneficiarios-sobre-obras-de-electrificacion-rural\/#primaryimage\"},\"image\":{\"@id\":\"https:\/\/www.epen.gov.ar\/index.php\/2020\/09\/10\/informan-a-beneficiarios-sobre-obras-de-electrificacion-rural\/#primaryimage\"},\"thumbnailUrl\":\"https:\/\/www.epen.gov.ar\/wp-content\/uploads\/2019\/05\/SET-Las-Ovejas-1.jpg\",\"datePublished\":\"2020-09-10T12:59:52+00:00\",\"description\":\"Informan a beneficiarios sobre obras de electrificaci\u00f3n rural\",\"breadcrumb\":{\"@id\":\"https:\/\/www.epen.gov.ar\/index.php\/2020\/09\/10\/informan-a-beneficiarios-sobre-obras-de-electrificacion-rural\/#breadcrumb\"},\"inLanguage\":\"es\",\"potentialAction\":[{\"@type\":\"ReadAction\",\"target\":[\"https:\/\/www.epen.gov.ar\/index.php\/2020\/09\/10\/informan-a-beneficiarios-sobre-obras-de-electrificacion-rural\/\"]}]},{\"@type\":\"ImageObject\",\"inLanguage\":\"es\",\"@id\":\"https:\/\/www.epen.gov.ar\/index.php\/2020\/09\/10\/informan-a-beneficiarios-sobre-obras-de-electrificacion-rural\/#primaryimage\",\"url\":\"https:\/\/www.epen.gov.ar\/wp-content\/uploads\/2019\/05\/SET-Las-Ovejas-1.jpg\",\"contentUrl\":\"https:\/\/www.epen.gov.ar\/wp-content\/uploads\/2019\/05\/SET-Las-Ovejas-1.jpg\",\"width\":4608,\"height\":3072},{\"@type\":\"BreadcrumbList\",\"@id\":\"https:\/\/www.epen.gov.ar\/index.php\/2020\/09\/10\/informan-a-beneficiarios-sobre-obras-de-electrificacion-rural\/#breadcrumb\",\"itemListElement\":[{\"@type\":\"ListItem\",\"position\":1,\"name\":\"Inicio\",\"item\":\"https:\/\/www.epen.gov.ar\/\"},{\"@type\":\"ListItem\",\"position\":2,\"name\":\"Informan a beneficiarios sobre obras de electrificaci\u00f3n rural\"}]},{\"@type\":\"WebSite\",\"@id\":\"https:\/\/www.epen.gov.ar\/#website\",\"url\":\"https:\/\/www.epen.gov.ar\/\",\"name\":\"EPEN\",\"description\":\"Ente Provincial de Energ\u00eda del Neuqu\u00e9n\",\"publisher\":{\"@id\":\"https:\/\/www.epen.gov.ar\/#organization\"},\"potentialAction\":[{\"@type\":\"SearchAction\",\"target\":{\"@type\":\"EntryPoint\",\"urlTemplate\":\"https:\/\/www.epen.gov.ar\/?s={search_term_string}\"},\"query-input\":{\"@type\":\"PropertyValueSpecification\",\"valueRequired\":true,\"valueName\":\"search_term_string\"}}],\"inLanguage\":\"es\"},{\"@type\":\"Organization\",\"@id\":\"https:\/\/www.epen.gov.ar\/#organization\",\"name\":\"Ente Provincial de Energ\u00eda del Neuqu\u00e9n\",\"url\":\"https:\/\/www.epen.gov.ar\/\",\"logo\":{\"@type\":\"ImageObject\",\"inLanguage\":\"es\",\"@id\":\"https:\/\/www.epen.gov.ar\/#\/schema\/logo\/image\/\",\"url\":\"https:\/\/www.epen.gov.ar\/wp-content\/uploads\/2024\/02\/Logo-EPEN-2.jpg\",\"contentUrl\":\"https:\/\/www.epen.gov.ar\/wp-content\/uploads\/2024\/02\/Logo-EPEN-2.jpg\",\"width\":696,\"height\":696,\"caption\":\"Ente Provincial de Energ\u00eda del Neuqu\u00e9n\"},\"image\":{\"@id\":\"https:\/\/www.epen.gov.ar\/#\/schema\/logo\/image\/\"},\"sameAs\":[\"https:\/\/www.facebook.com\/EPEN.Neuquen\",\"https:\/\/x.com\/EPEN_Informa\",\"https:\/\/www.youtube.com\/@epenprensa7384\"]},{\"@type\":\"Person\",\"@id\":\"https:\/\/www.epen.gov.ar\/#\/schema\/person\/ce6cff87c2fc01264becc10fa105ad4f\",\"name\":\"Prensa EPEN\",\"image\":{\"@type\":\"ImageObject\",\"inLanguage\":\"es\",\"@id\":\"https:\/\/secure.gravatar.com\/avatar\/f8120b8688012ccf2d7fbcf7a970cfbabf0ab63b09c2dbd72c194bee080070e9?s=96&d=mm&r=g\",\"url\":\"https:\/\/secure.gravatar.com\/avatar\/f8120b8688012ccf2d7fbcf7a970cfbabf0ab63b09c2dbd72c194bee080070e9?s=96&d=mm&r=g\",\"contentUrl\":\"https:\/\/secure.gravatar.com\/avatar\/f8120b8688012ccf2d7fbcf7a970cfbabf0ab63b09c2dbd72c194bee080070e9?s=96&d=mm&r=g\",\"caption\":\"Prensa EPEN\"},\"url\":\"https:\/\/www.epen.gov.ar\/index.php\/author\/admin\/\"}]}<\/script>\n<!-- \/ Yoast SEO plugin. -->","yoast_head_json":{"title":"EPEN - Informan a beneficiarios sobre obras de electrificaci\u00f3n rural","description":"Informan a beneficiarios sobre obras de electrificaci\u00f3n rural","robots":{"index":"index","follow":"follow","max-snippet":"max-snippet:-1","max-image-preview":"max-image-preview:large","max-video-preview":"max-video-preview:-1"},"canonical":"https:\/\/www.epen.gov.ar\/index.php\/2020\/09\/10\/informan-a-beneficiarios-sobre-obras-de-electrificacion-rural\/","og_locale":"es_ES","og_type":"article","og_title":"EPEN - Informan a beneficiarios sobre obras de electrificaci\u00f3n rural","og_description":"Informan a beneficiarios sobre obras de electrificaci\u00f3n rural","og_url":"https:\/\/www.epen.gov.ar\/index.php\/2020\/09\/10\/informan-a-beneficiarios-sobre-obras-de-electrificacion-rural\/","og_site_name":"EPEN","article_publisher":"https:\/\/www.facebook.com\/EPEN.Neuquen","article_published_time":"2020-09-10T12:59:52+00:00","og_image":[{"width":4608,"height":3072,"url":"https:\/\/www.epen.gov.ar\/wp-content\/uploads\/2019\/05\/SET-Las-Ovejas-1.jpg","type":"image\/jpeg"}],"author":"Prensa EPEN","twitter_card":"summary_large_image","twitter_creator":"@EPEN_Informa","twitter_site":"@EPEN_Informa","twitter_misc":{"Escrito por":"Prensa EPEN","Tiempo de lectura":"5 minutos"},"schema":{"@context":"https:\/\/schema.org","@graph":[{"@type":"Article","@id":"https:\/\/www.epen.gov.ar\/index.php\/2020\/09\/10\/informan-a-beneficiarios-sobre-obras-de-electrificacion-rural\/#article","isPartOf":{"@id":"https:\/\/www.epen.gov.ar\/index.php\/2020\/09\/10\/informan-a-beneficiarios-sobre-obras-de-electrificacion-rural\/"},"author":{"name":"Prensa EPEN","@id":"https:\/\/www.epen.gov.ar\/#\/schema\/person\/ce6cff87c2fc01264becc10fa105ad4f"},"headline":"Informan a beneficiarios sobre obras de electrificaci\u00f3n rural","datePublished":"2020-09-10T12:59:52+00:00","mainEntityOfPage":{"@id":"https:\/\/www.epen.gov.ar\/index.php\/2020\/09\/10\/informan-a-beneficiarios-sobre-obras-de-electrificacion-rural\/"},"wordCount":944,"commentCount":0,"publisher":{"@id":"https:\/\/www.epen.gov.ar\/#organization"},"image":{"@id":"https:\/\/www.epen.gov.ar\/index.php\/2020\/09\/10\/informan-a-beneficiarios-sobre-obras-de-electrificacion-rural\/#primaryimage"},"thumbnailUrl":"https:\/\/www.epen.gov.ar\/wp-content\/uploads\/2019\/05\/SET-Las-Ovejas-1.jpg","keywords":["BID","Electrificaci\u00f3n Rural","Jun\u00edn de los Andes","Las Coloradas","Prosap"],"articleSection":["Noticias"],"inLanguage":"es","potentialAction":[{"@type":"CommentAction","name":"Comment","target":["https:\/\/www.epen.gov.ar\/index.php\/2020\/09\/10\/informan-a-beneficiarios-sobre-obras-de-electrificacion-rural\/#respond"]}]},{"@type":"WebPage","@id":"https:\/\/www.epen.gov.ar\/index.php\/2020\/09\/10\/informan-a-beneficiarios-sobre-obras-de-electrificacion-rural\/","url":"https:\/\/www.epen.gov.ar\/index.php\/2020\/09\/10\/informan-a-beneficiarios-sobre-obras-de-electrificacion-rural\/","name":"EPEN - Informan a beneficiarios sobre obras de electrificaci\u00f3n rural","isPartOf":{"@id":"https:\/\/www.epen.gov.ar\/#website"},"primaryImageOfPage":{"@id":"https:\/\/www.epen.gov.ar\/index.php\/2020\/09\/10\/informan-a-beneficiarios-sobre-obras-de-electrificacion-rural\/#primaryimage"},"image":{"@id":"https:\/\/www.epen.gov.ar\/index.php\/2020\/09\/10\/informan-a-beneficiarios-sobre-obras-de-electrificacion-rural\/#primaryimage"},"thumbnailUrl":"https:\/\/www.epen.gov.ar\/wp-content\/uploads\/2019\/05\/SET-Las-Ovejas-1.jpg","datePublished":"2020-09-10T12:59:52+00:00","description":"Informan a beneficiarios sobre obras de electrificaci\u00f3n rural","breadcrumb":{"@id":"https:\/\/www.epen.gov.ar\/index.php\/2020\/09\/10\/informan-a-beneficiarios-sobre-obras-de-electrificacion-rural\/#breadcrumb"},"inLanguage":"es","potentialAction":[{"@type":"ReadAction","target":["https:\/\/www.epen.gov.ar\/index.php\/2020\/09\/10\/informan-a-beneficiarios-sobre-obras-de-electrificacion-rural\/"]}]},{"@type":"ImageObject","inLanguage":"es","@id":"https:\/\/www.epen.gov.ar\/index.php\/2020\/09\/10\/informan-a-beneficiarios-sobre-obras-de-electrificacion-rural\/#primaryimage","url":"https:\/\/www.epen.gov.ar\/wp-content\/uploads\/2019\/05\/SET-Las-Ovejas-1.jpg","contentUrl":"https:\/\/www.epen.gov.ar\/wp-content\/uploads\/2019\/05\/SET-Las-Ovejas-1.jpg","width":4608,"height":3072},{"@type":"BreadcrumbList","@id":"https:\/\/www.epen.gov.ar\/index.php\/2020\/09\/10\/informan-a-beneficiarios-sobre-obras-de-electrificacion-rural\/#breadcrumb","itemListElement":[{"@type":"ListItem","position":1,"name":"Inicio","item":"https:\/\/www.epen.gov.ar\/"},{"@type":"ListItem","position":2,"name":"Informan a beneficiarios sobre obras de electrificaci\u00f3n rural"}]},{"@type":"WebSite","@id":"https:\/\/www.epen.gov.ar\/#website","url":"https:\/\/www.epen.gov.ar\/","name":"EPEN","description":"Ente Provincial de Energ\u00eda del Neuqu\u00e9n","publisher":{"@id":"https:\/\/www.epen.gov.ar\/#organization"},"potentialAction":[{"@type":"SearchAction","target":{"@type":"EntryPoint","urlTemplate":"https:\/\/www.epen.gov.ar\/?s={search_term_string}"},"query-input":{"@type":"PropertyValueSpecification","valueRequired":true,"valueName":"search_term_string"}}],"inLanguage":"es"},{"@type":"Organization","@id":"https:\/\/www.epen.gov.ar\/#organization","name":"Ente Provincial de Energ\u00eda del Neuqu\u00e9n","url":"https:\/\/www.epen.gov.ar\/","logo":{"@type":"ImageObject","inLanguage":"es","@id":"https:\/\/www.epen.gov.ar\/#\/schema\/logo\/image\/","url":"https:\/\/www.epen.gov.ar\/wp-content\/uploads\/2024\/02\/Logo-EPEN-2.jpg","contentUrl":"https:\/\/www.epen.gov.ar\/wp-content\/uploads\/2024\/02\/Logo-EPEN-2.jpg","width":696,"height":696,"caption":"Ente Provincial de Energ\u00eda del Neuqu\u00e9n"},"image":{"@id":"https:\/\/www.epen.gov.ar\/#\/schema\/logo\/image\/"},"sameAs":["https:\/\/www.facebook.com\/EPEN.Neuquen","https:\/\/x.com\/EPEN_Informa","https:\/\/www.youtube.com\/@epenprensa7384"]},{"@type":"Person","@id":"https:\/\/www.epen.gov.ar\/#\/schema\/person\/ce6cff87c2fc01264becc10fa105ad4f","name":"Prensa EPEN","image":{"@type":"ImageObject","inLanguage":"es","@id":"https:\/\/secure.gravatar.com\/avatar\/f8120b8688012ccf2d7fbcf7a970cfbabf0ab63b09c2dbd72c194bee080070e9?s=96&d=mm&r=g","url":"https:\/\/secure.gravatar.com\/avatar\/f8120b8688012ccf2d7fbcf7a970cfbabf0ab63b09c2dbd72c194bee080070e9?s=96&d=mm&r=g","contentUrl":"https:\/\/secure.gravatar.com\/avatar\/f8120b8688012ccf2d7fbcf7a970cfbabf0ab63b09c2dbd72c194bee080070e9?s=96&d=mm&r=g","caption":"Prensa EPEN"},"url":"https:\/\/www.epen.gov.ar\/index.php\/author\/admin\/"}]}},"_links":{"self":[{"href":"https:\/\/www.epen.gov.ar\/index.php\/wp-json\/wp\/v2\/posts\/15552","targetHints":{"allow":["GET"]}}],"collection":[{"href":"https:\/\/www.epen.gov.ar\/index.php\/wp-json\/wp\/v2\/posts"}],"about":[{"href":"https:\/\/www.epen.gov.ar\/index.php\/wp-json\/wp\/v2\/types\/post"}],"author":[{"embeddable":true,"href":"https:\/\/www.epen.gov.ar\/index.php\/wp-json\/wp\/v2\/users\/1"}],"replies":[{"embeddable":true,"href":"https:\/\/www.epen.gov.ar\/index.php\/wp-json\/wp\/v2\/comments?post=15552"}],"version-history":[{"count":3,"href":"https:\/\/www.epen.gov.ar\/index.php\/wp-json\/wp\/v2\/posts\/15552\/revisions"}],"predecessor-version":[{"id":15578,"href":"https:\/\/www.epen.gov.ar\/index.php\/wp-json\/wp\/v2\/posts\/15552\/revisions\/15578"}],"wp:featuredmedia":[{"embeddable":true,"href":"https:\/\/www.epen.gov.ar\/index.php\/wp-json\/wp\/v2\/media\/3429"}],"wp:attachment":[{"href":"https:\/\/www.epen.gov.ar\/index.php\/wp-json\/wp\/v2\/media?parent=15552"}],"wp:term":[{"taxonomy":"category","embeddable":true,"href":"https:\/\/www.epen.gov.ar\/index.php\/wp-json\/wp\/v2\/categories?post=15552"},{"taxonomy":"post_tag","embeddable":true,"href":"https:\/\/www.epen.gov.ar\/index.php\/wp-json\/wp\/v2\/tags?post=15552"}],"curies":[{"name":"wp","href":"https:\/\/api.w.org\/{rel}","templated":true}]}}