{"id":15454,"date":"2020-09-06T18:24:34","date_gmt":"2020-09-06T21:24:34","guid":{"rendered":"http:\/\/192.168.200.48\/?p=15454"},"modified":"2020-09-06T20:24:38","modified_gmt":"2020-09-06T23:24:38","slug":"se-suspende-la-atencion-al-publico-en-la-oficina-de-senillosa","status":"publish","type":"post","link":"https:\/\/www.epen.gov.ar\/index.php\/2020\/09\/06\/se-suspende-la-atencion-al-publico-en-la-oficina-de-senillosa\/","title":{"rendered":"Se suspende la atenci\u00f3n al p\u00fablico en la oficina de Senillosa"},"content":{"rendered":"<div class=\"fusion-fullwidth fullwidth-box fusion-builder-row-1 nonhundred-percent-fullwidth non-hundred-percent-height-scrolling\" style=\"--awb-border-radius-top-left:0px;--awb-border-radius-top-right:0px;--awb-border-radius-bottom-right:0px;--awb-border-radius-bottom-left:0px;--awb-flex-wrap:wrap;\" ><div class=\"fusion-builder-row fusion-row\"><div class=\"fusion-layout-column fusion_builder_column fusion-builder-column-0 fusion_builder_column_2_3 2_3 fusion-two-third fusion-column-first\" style=\"--awb-bg-size:cover;width:66.666666666667%;width:calc(66.666666666667% - ( ( 4% ) * 0.66666666666667 ) );margin-right: 4%;\"><div class=\"fusion-column-wrapper fusion-column-has-shadow fusion-flex-column-wrapper-legacy\"><div class=\"fusion-text fusion-text-1\"><p><em>Ante un caso sospechoso de contagio relacionado al Servicio local, las oficinas del EPEN suspender\u00e1n su actividad al menos por 48 horas. Se garantiza la atenci\u00f3n de emergencias y reclamos.<\/em><\/p>\n<p>El Ente Provincial de Energ\u00eda del Neuqu\u00e9n (EPEN,) dependiente de la secretar\u00eda General y de Servicios P\u00fablicos, informa que durante los pr\u00f3ximos dos d\u00edas se suspender\u00e1 la atenci\u00f3n presencial en las oficinas del organismo, en la localidad de Senillosa, en virtud de la espera de resultados de los an\u00e1lisis sobre un caso sospechoso con situaci\u00f3n identificada de contacto estrecho.<\/p>\n<p>Se informa asimismo que continuar\u00e1 la ejecuci\u00f3n de tareas operativas, atenci\u00f3n de emergencias y reclamos, respetando los protocolos de salud y seguridad vigentes.<\/p>\n<p>En tanto, la atenci\u00f3n al cliente por estos d\u00edas ser\u00e1 s\u00f3lo virtual \u2013tanto por mensajer\u00eda de WhatsApp para consultas comerciales (2996206514) como a trav\u00e9s del sitio web del organismo. En este sentido se recuerda a los usuarios que podr\u00e1n realizar todos sus tr\u00e1mites comerciales a trav\u00e9s de la Oficina Virtual en www.epen.gov.ar, enviar consultas al correo electr\u00f3nico <a href=\"mailto:atencionalcliente@www.epen.gov.ar\">atencionalcliente@www.epen.gov.ar<\/a>, \u00a0o llamar al 2994084870 ante urgencias relacionadas al servicio.<\/p>\n<\/div><div class=\"fusion-clearfix\"><\/div><\/div><\/div><div class=\"fusion-layout-column fusion_builder_column fusion-builder-column-1 fusion_builder_column_1_3 1_3 fusion-one-third fusion-column-last\" style=\"--awb-bg-size:cover;width:33.333333333333%;width:calc(33.333333333333% - ( ( 4% ) * 0.33333333333333 ) );\"><div class=\"fusion-column-wrapper fusion-column-has-shadow fusion-flex-column-wrapper-legacy\"><div class=\"fusion-widget-area awb-widget-area-element fusion-widget-area-1 fusion-content-widget-area\" style=\"--awb-title-size:20px;--awb-title-color:#333333;--awb-padding:0px 0px 0px 0px;\"><style type=\"text\/css\" data-id=\"tweets-widget-2\">#tweets-widget-2 li { border-color:#eaeaea;}<\/style><section id=\"tweets-widget-2\" class=\"widget tweets\" style=\"border-style: solid;border-color: #eaeaea;border-color:transparent;border-width:0px;\">\t\t\t\t\n\t\t<div style=\"overflow:hidden\">\n\t\t\t\t\t\t\t\t\t\t\t<a class=\"twitter-timeline\" data-dnt=\"true\" href=\"https:\/\/twitter.com\/@EPEN_Informa\" data-width=\"500\" data-height=\"300\" width=\"500\" height=\"300\" data-theme=\"light\" data-link-color=\"##25a9bd\" data-border-color=\"#eaeaea\" data-chrome=\"\">Tweets por @EPEN_Informa<\/a>\n\t\t\t\t\t\t\t\n\t\t\t\t\t\t\t\t\t\t\t<script async src=\"\/\/platform.twitter.com\/widgets.js\" charset=\"utf-8\"><\/script>\n\t\t\t\t\t\t\t\n\t\t<\/div>\n\t\t<\/section>\n\t\t<section id=\"recent-posts-3\" class=\"widget widget_recent_entries\" style=\"border-style: solid;border-color:transparent;border-width:0px;\">\n\t\t<div class=\"heading\"><h4 class=\"widget-title\">Entradas recientes<\/h4><\/div>\n\t\t<ul>\n\t\t\t\t\t\t\t\t\t\t\t<li>\n\t\t\t\t\t<a href=\"https:\/\/www.epen.gov.ar\/index.php\/2026\/04\/29\/corte-programado-en-sectores-de-centenario-el-30-04-2026\/\">Corte Programado en sectores de Centenario el 30\/04\/2026<\/a>\n\t\t\t\t\t\t\t\t\t\t\t<span class=\"post-date\">29\/04\/2026<\/span>\n\t\t\t\t\t\t\t\t\t<\/li>\n\t\t\t\t\t\t\t\t\t\t\t<li>\n\t\t\t\t\t<a href=\"https:\/\/www.epen.gov.ar\/index.php\/2026\/04\/28\/el-epen-impulsa-el-desarrollo-de-varvarco-con-nueva-infraestructura-para-17-lotes\/\">El EPEN impulsa el desarrollo de Varvarco con nueva infraestructura para 17 lotes<\/a>\n\t\t\t\t\t\t\t\t\t\t\t<span class=\"post-date\">28\/04\/2026<\/span>\n\t\t\t\t\t\t\t\t\t<\/li>\n\t\t\t\t\t\t\t\t\t\t\t<li>\n\t\t\t\t\t<a href=\"https:\/\/www.epen.gov.ar\/index.php\/2026\/04\/28\/corte-programado-en-sectores-de-zona-nahueve-el-30-04-2026\/\">Corte Programado en sectores de zona Nahueve el 30\/04\/2026<\/a>\n\t\t\t\t\t\t\t\t\t\t\t<span class=\"post-date\">28\/04\/2026<\/span>\n\t\t\t\t\t\t\t\t\t<\/li>\n\t\t\t\t\t\t\t\t\t\t\t<li>\n\t\t\t\t\t<a href=\"https:\/\/www.epen.gov.ar\/index.php\/2026\/04\/24\/corte-programado-en-sectores-de-san-martin-de-los-andes-el-25-04-2026\/\">Corte Programado en sectores de San Mart\u00edn de los Andes el 25\/04\/2026<\/a>\n\t\t\t\t\t\t\t\t\t\t\t<span class=\"post-date\">24\/04\/2026<\/span>\n\t\t\t\t\t\t\t\t\t<\/li>\n\t\t\t\t\t\t\t\t\t\t\t<li>\n\t\t\t\t\t<a href=\"https:\/\/www.epen.gov.ar\/index.php\/2026\/04\/24\/corte-programado-en-sectores-de-centenario-el-25-04-2026\/\">Corte Programado en sectores de Centenario el 25\/04\/2026<\/a>\n\t\t\t\t\t\t\t\t\t\t\t<span class=\"post-date\">24\/04\/2026<\/span>\n\t\t\t\t\t\t\t\t\t<\/li>\n\t\t\t\t\t<\/ul>\n\n\t\t<\/section><div class=\"fusion-additional-widget-content\"><\/div><\/div><div class=\"fusion-clearfix\"><\/div><\/div><\/div><\/div><\/div>\n","protected":false},"excerpt":{"rendered":"","protected":false},"author":1,"featured_media":3885,"comment_status":"open","ping_status":"open","sticky":false,"template":"","format":"standard","meta":{"_exactmetrics_skip_tracking":false,"_exactmetrics_sitenote_active":false,"_exactmetrics_sitenote_note":"","_exactmetrics_sitenote_category":0,"footnotes":""},"categories":[84],"tags":[174,181,140],"class_list":["post-15454","post","type-post","status-publish","format-standard","has-post-thumbnail","hentry","category-noticias","tag-covid-19","tag-senillosa","tag-servicio"],"yoast_head":"<!-- This site is optimized with the Yoast SEO plugin v27.2 - https:\/\/yoast.com\/product\/yoast-seo-wordpress\/ -->\n<title>EPEN - Se suspende la atenci\u00f3n al p\u00fablico en la oficina de Senillosa<\/title>\n<meta name=\"description\" content=\"Se suspende la atenci\u00f3n al p\u00fablico en la oficina de Senillosa\" \/>\n<meta name=\"robots\" content=\"index, follow, max-snippet:-1, max-image-preview:large, max-video-preview:-1\" \/>\n<link rel=\"canonical\" href=\"https:\/\/www.epen.gov.ar\/index.php\/2020\/09\/06\/se-suspende-la-atencion-al-publico-en-la-oficina-de-senillosa\/\" \/>\n<meta property=\"og:locale\" content=\"es_ES\" \/>\n<meta property=\"og:type\" content=\"article\" \/>\n<meta property=\"og:title\" content=\"EPEN - Se suspende la atenci\u00f3n al p\u00fablico en la oficina de Senillosa\" \/>\n<meta property=\"og:description\" content=\"Se suspende la atenci\u00f3n al p\u00fablico en la oficina de Senillosa\" \/>\n<meta property=\"og:url\" content=\"https:\/\/www.epen.gov.ar\/index.php\/2020\/09\/06\/se-suspende-la-atencion-al-publico-en-la-oficina-de-senillosa\/\" \/>\n<meta property=\"og:site_name\" content=\"EPEN\" \/>\n<meta property=\"article:publisher\" content=\"https:\/\/www.facebook.com\/EPEN.Neuquen\" \/>\n<meta property=\"article:published_time\" content=\"2020-09-06T21:24:34+00:00\" \/>\n<meta property=\"article:modified_time\" content=\"2020-09-06T23:24:38+00:00\" \/>\n<meta property=\"og:image\" content=\"https:\/\/www.epen.gov.ar\/wp-content\/uploads\/2019\/06\/WEB-EPEN__SIP5897-1068x528.jpg\" \/>\n\t<meta property=\"og:image:width\" content=\"1068\" \/>\n\t<meta property=\"og:image:height\" content=\"528\" \/>\n\t<meta property=\"og:image:type\" content=\"image\/jpeg\" \/>\n<meta name=\"author\" content=\"Prensa EPEN\" \/>\n<meta name=\"twitter:card\" content=\"summary_large_image\" \/>\n<meta name=\"twitter:creator\" content=\"@EPEN_Informa\" \/>\n<meta name=\"twitter:site\" content=\"@EPEN_Informa\" \/>\n<meta name=\"twitter:label1\" content=\"Escrito por\" \/>\n\t<meta name=\"twitter:data1\" content=\"Prensa EPEN\" \/>\n\t<meta name=\"twitter:label2\" content=\"Tiempo de lectura\" \/>\n\t<meta name=\"twitter:data2\" content=\"3 minutos\" \/>\n<script type=\"application\/ld+json\" class=\"yoast-schema-graph\">{\"@context\":\"https:\/\/schema.org\",\"@graph\":[{\"@type\":\"Article\",\"@id\":\"https:\/\/www.epen.gov.ar\/index.php\/2020\/09\/06\/se-suspende-la-atencion-al-publico-en-la-oficina-de-senillosa\/#article\",\"isPartOf\":{\"@id\":\"https:\/\/www.epen.gov.ar\/index.php\/2020\/09\/06\/se-suspende-la-atencion-al-publico-en-la-oficina-de-senillosa\/\"},\"author\":{\"name\":\"Prensa EPEN\",\"@id\":\"https:\/\/www.epen.gov.ar\/#\/schema\/person\/ce6cff87c2fc01264becc10fa105ad4f\"},\"headline\":\"Se suspende la atenci\u00f3n al p\u00fablico en la oficina de Senillosa\",\"datePublished\":\"2020-09-06T21:24:34+00:00\",\"dateModified\":\"2020-09-06T23:24:38+00:00\",\"mainEntityOfPage\":{\"@id\":\"https:\/\/www.epen.gov.ar\/index.php\/2020\/09\/06\/se-suspende-la-atencion-al-publico-en-la-oficina-de-senillosa\/\"},\"wordCount\":635,\"commentCount\":0,\"publisher\":{\"@id\":\"https:\/\/www.epen.gov.ar\/#organization\"},\"image\":{\"@id\":\"https:\/\/www.epen.gov.ar\/index.php\/2020\/09\/06\/se-suspende-la-atencion-al-publico-en-la-oficina-de-senillosa\/#primaryimage\"},\"thumbnailUrl\":\"https:\/\/www.epen.gov.ar\/wp-content\/uploads\/2019\/06\/WEB-EPEN__SIP5897-1068x528.jpg\",\"keywords\":[\"COVID-19\",\"Senillosa\",\"Servicio\"],\"articleSection\":[\"Noticias\"],\"inLanguage\":\"es\",\"potentialAction\":[{\"@type\":\"CommentAction\",\"name\":\"Comment\",\"target\":[\"https:\/\/www.epen.gov.ar\/index.php\/2020\/09\/06\/se-suspende-la-atencion-al-publico-en-la-oficina-de-senillosa\/#respond\"]}]},{\"@type\":\"WebPage\",\"@id\":\"https:\/\/www.epen.gov.ar\/index.php\/2020\/09\/06\/se-suspende-la-atencion-al-publico-en-la-oficina-de-senillosa\/\",\"url\":\"https:\/\/www.epen.gov.ar\/index.php\/2020\/09\/06\/se-suspende-la-atencion-al-publico-en-la-oficina-de-senillosa\/\",\"name\":\"EPEN - Se suspende la atenci\u00f3n al p\u00fablico en la oficina de Senillosa\",\"isPartOf\":{\"@id\":\"https:\/\/www.epen.gov.ar\/#website\"},\"primaryImageOfPage\":{\"@id\":\"https:\/\/www.epen.gov.ar\/index.php\/2020\/09\/06\/se-suspende-la-atencion-al-publico-en-la-oficina-de-senillosa\/#primaryimage\"},\"image\":{\"@id\":\"https:\/\/www.epen.gov.ar\/index.php\/2020\/09\/06\/se-suspende-la-atencion-al-publico-en-la-oficina-de-senillosa\/#primaryimage\"},\"thumbnailUrl\":\"https:\/\/www.epen.gov.ar\/wp-content\/uploads\/2019\/06\/WEB-EPEN__SIP5897-1068x528.jpg\",\"datePublished\":\"2020-09-06T21:24:34+00:00\",\"dateModified\":\"2020-09-06T23:24:38+00:00\",\"description\":\"Se suspende la atenci\u00f3n al p\u00fablico en la oficina de Senillosa\",\"breadcrumb\":{\"@id\":\"https:\/\/www.epen.gov.ar\/index.php\/2020\/09\/06\/se-suspende-la-atencion-al-publico-en-la-oficina-de-senillosa\/#breadcrumb\"},\"inLanguage\":\"es\",\"potentialAction\":[{\"@type\":\"ReadAction\",\"target\":[\"https:\/\/www.epen.gov.ar\/index.php\/2020\/09\/06\/se-suspende-la-atencion-al-publico-en-la-oficina-de-senillosa\/\"]}]},{\"@type\":\"ImageObject\",\"inLanguage\":\"es\",\"@id\":\"https:\/\/www.epen.gov.ar\/index.php\/2020\/09\/06\/se-suspende-la-atencion-al-publico-en-la-oficina-de-senillosa\/#primaryimage\",\"url\":\"https:\/\/www.epen.gov.ar\/wp-content\/uploads\/2019\/06\/WEB-EPEN__SIP5897-1068x528.jpg\",\"contentUrl\":\"https:\/\/www.epen.gov.ar\/wp-content\/uploads\/2019\/06\/WEB-EPEN__SIP5897-1068x528.jpg\",\"width\":1068,\"height\":528},{\"@type\":\"BreadcrumbList\",\"@id\":\"https:\/\/www.epen.gov.ar\/index.php\/2020\/09\/06\/se-suspende-la-atencion-al-publico-en-la-oficina-de-senillosa\/#breadcrumb\",\"itemListElement\":[{\"@type\":\"ListItem\",\"position\":1,\"name\":\"Inicio\",\"item\":\"https:\/\/www.epen.gov.ar\/\"},{\"@type\":\"ListItem\",\"position\":2,\"name\":\"Se suspende la atenci\u00f3n al p\u00fablico en la oficina de Senillosa\"}]},{\"@type\":\"WebSite\",\"@id\":\"https:\/\/www.epen.gov.ar\/#website\",\"url\":\"https:\/\/www.epen.gov.ar\/\",\"name\":\"EPEN\",\"description\":\"Ente Provincial de Energ\u00eda del Neuqu\u00e9n\",\"publisher\":{\"@id\":\"https:\/\/www.epen.gov.ar\/#organization\"},\"potentialAction\":[{\"@type\":\"SearchAction\",\"target\":{\"@type\":\"EntryPoint\",\"urlTemplate\":\"https:\/\/www.epen.gov.ar\/?s={search_term_string}\"},\"query-input\":{\"@type\":\"PropertyValueSpecification\",\"valueRequired\":true,\"valueName\":\"search_term_string\"}}],\"inLanguage\":\"es\"},{\"@type\":\"Organization\",\"@id\":\"https:\/\/www.epen.gov.ar\/#organization\",\"name\":\"Ente Provincial de Energ\u00eda del Neuqu\u00e9n\",\"url\":\"https:\/\/www.epen.gov.ar\/\",\"logo\":{\"@type\":\"ImageObject\",\"inLanguage\":\"es\",\"@id\":\"https:\/\/www.epen.gov.ar\/#\/schema\/logo\/image\/\",\"url\":\"https:\/\/www.epen.gov.ar\/wp-content\/uploads\/2024\/02\/Logo-EPEN-2.jpg\",\"contentUrl\":\"https:\/\/www.epen.gov.ar\/wp-content\/uploads\/2024\/02\/Logo-EPEN-2.jpg\",\"width\":696,\"height\":696,\"caption\":\"Ente Provincial de Energ\u00eda del Neuqu\u00e9n\"},\"image\":{\"@id\":\"https:\/\/www.epen.gov.ar\/#\/schema\/logo\/image\/\"},\"sameAs\":[\"https:\/\/www.facebook.com\/EPEN.Neuquen\",\"https:\/\/x.com\/EPEN_Informa\",\"https:\/\/www.youtube.com\/@epenprensa7384\"]},{\"@type\":\"Person\",\"@id\":\"https:\/\/www.epen.gov.ar\/#\/schema\/person\/ce6cff87c2fc01264becc10fa105ad4f\",\"name\":\"Prensa EPEN\",\"image\":{\"@type\":\"ImageObject\",\"inLanguage\":\"es\",\"@id\":\"https:\/\/secure.gravatar.com\/avatar\/f8120b8688012ccf2d7fbcf7a970cfbabf0ab63b09c2dbd72c194bee080070e9?s=96&d=mm&r=g\",\"url\":\"https:\/\/secure.gravatar.com\/avatar\/f8120b8688012ccf2d7fbcf7a970cfbabf0ab63b09c2dbd72c194bee080070e9?s=96&d=mm&r=g\",\"contentUrl\":\"https:\/\/secure.gravatar.com\/avatar\/f8120b8688012ccf2d7fbcf7a970cfbabf0ab63b09c2dbd72c194bee080070e9?s=96&d=mm&r=g\",\"caption\":\"Prensa EPEN\"},\"url\":\"https:\/\/www.epen.gov.ar\/index.php\/author\/admin\/\"}]}<\/script>\n<!-- \/ Yoast SEO plugin. -->","yoast_head_json":{"title":"EPEN - Se suspende la atenci\u00f3n al p\u00fablico en la oficina de Senillosa","description":"Se suspende la atenci\u00f3n al p\u00fablico en la oficina de Senillosa","robots":{"index":"index","follow":"follow","max-snippet":"max-snippet:-1","max-image-preview":"max-image-preview:large","max-video-preview":"max-video-preview:-1"},"canonical":"https:\/\/www.epen.gov.ar\/index.php\/2020\/09\/06\/se-suspende-la-atencion-al-publico-en-la-oficina-de-senillosa\/","og_locale":"es_ES","og_type":"article","og_title":"EPEN - Se suspende la atenci\u00f3n al p\u00fablico en la oficina de Senillosa","og_description":"Se suspende la atenci\u00f3n al p\u00fablico en la oficina de Senillosa","og_url":"https:\/\/www.epen.gov.ar\/index.php\/2020\/09\/06\/se-suspende-la-atencion-al-publico-en-la-oficina-de-senillosa\/","og_site_name":"EPEN","article_publisher":"https:\/\/www.facebook.com\/EPEN.Neuquen","article_published_time":"2020-09-06T21:24:34+00:00","article_modified_time":"2020-09-06T23:24:38+00:00","og_image":[{"width":1068,"height":528,"url":"https:\/\/www.epen.gov.ar\/wp-content\/uploads\/2019\/06\/WEB-EPEN__SIP5897-1068x528.jpg","type":"image\/jpeg"}],"author":"Prensa EPEN","twitter_card":"summary_large_image","twitter_creator":"@EPEN_Informa","twitter_site":"@EPEN_Informa","twitter_misc":{"Escrito por":"Prensa EPEN","Tiempo de lectura":"3 minutos"},"schema":{"@context":"https:\/\/schema.org","@graph":[{"@type":"Article","@id":"https:\/\/www.epen.gov.ar\/index.php\/2020\/09\/06\/se-suspende-la-atencion-al-publico-en-la-oficina-de-senillosa\/#article","isPartOf":{"@id":"https:\/\/www.epen.gov.ar\/index.php\/2020\/09\/06\/se-suspende-la-atencion-al-publico-en-la-oficina-de-senillosa\/"},"author":{"name":"Prensa EPEN","@id":"https:\/\/www.epen.gov.ar\/#\/schema\/person\/ce6cff87c2fc01264becc10fa105ad4f"},"headline":"Se suspende la atenci\u00f3n al p\u00fablico en la oficina de Senillosa","datePublished":"2020-09-06T21:24:34+00:00","dateModified":"2020-09-06T23:24:38+00:00","mainEntityOfPage":{"@id":"https:\/\/www.epen.gov.ar\/index.php\/2020\/09\/06\/se-suspende-la-atencion-al-publico-en-la-oficina-de-senillosa\/"},"wordCount":635,"commentCount":0,"publisher":{"@id":"https:\/\/www.epen.gov.ar\/#organization"},"image":{"@id":"https:\/\/www.epen.gov.ar\/index.php\/2020\/09\/06\/se-suspende-la-atencion-al-publico-en-la-oficina-de-senillosa\/#primaryimage"},"thumbnailUrl":"https:\/\/www.epen.gov.ar\/wp-content\/uploads\/2019\/06\/WEB-EPEN__SIP5897-1068x528.jpg","keywords":["COVID-19","Senillosa","Servicio"],"articleSection":["Noticias"],"inLanguage":"es","potentialAction":[{"@type":"CommentAction","name":"Comment","target":["https:\/\/www.epen.gov.ar\/index.php\/2020\/09\/06\/se-suspende-la-atencion-al-publico-en-la-oficina-de-senillosa\/#respond"]}]},{"@type":"WebPage","@id":"https:\/\/www.epen.gov.ar\/index.php\/2020\/09\/06\/se-suspende-la-atencion-al-publico-en-la-oficina-de-senillosa\/","url":"https:\/\/www.epen.gov.ar\/index.php\/2020\/09\/06\/se-suspende-la-atencion-al-publico-en-la-oficina-de-senillosa\/","name":"EPEN - Se suspende la atenci\u00f3n al p\u00fablico en la oficina de Senillosa","isPartOf":{"@id":"https:\/\/www.epen.gov.ar\/#website"},"primaryImageOfPage":{"@id":"https:\/\/www.epen.gov.ar\/index.php\/2020\/09\/06\/se-suspende-la-atencion-al-publico-en-la-oficina-de-senillosa\/#primaryimage"},"image":{"@id":"https:\/\/www.epen.gov.ar\/index.php\/2020\/09\/06\/se-suspende-la-atencion-al-publico-en-la-oficina-de-senillosa\/#primaryimage"},"thumbnailUrl":"https:\/\/www.epen.gov.ar\/wp-content\/uploads\/2019\/06\/WEB-EPEN__SIP5897-1068x528.jpg","datePublished":"2020-09-06T21:24:34+00:00","dateModified":"2020-09-06T23:24:38+00:00","description":"Se suspende la atenci\u00f3n al p\u00fablico en la oficina de Senillosa","breadcrumb":{"@id":"https:\/\/www.epen.gov.ar\/index.php\/2020\/09\/06\/se-suspende-la-atencion-al-publico-en-la-oficina-de-senillosa\/#breadcrumb"},"inLanguage":"es","potentialAction":[{"@type":"ReadAction","target":["https:\/\/www.epen.gov.ar\/index.php\/2020\/09\/06\/se-suspende-la-atencion-al-publico-en-la-oficina-de-senillosa\/"]}]},{"@type":"ImageObject","inLanguage":"es","@id":"https:\/\/www.epen.gov.ar\/index.php\/2020\/09\/06\/se-suspende-la-atencion-al-publico-en-la-oficina-de-senillosa\/#primaryimage","url":"https:\/\/www.epen.gov.ar\/wp-content\/uploads\/2019\/06\/WEB-EPEN__SIP5897-1068x528.jpg","contentUrl":"https:\/\/www.epen.gov.ar\/wp-content\/uploads\/2019\/06\/WEB-EPEN__SIP5897-1068x528.jpg","width":1068,"height":528},{"@type":"BreadcrumbList","@id":"https:\/\/www.epen.gov.ar\/index.php\/2020\/09\/06\/se-suspende-la-atencion-al-publico-en-la-oficina-de-senillosa\/#breadcrumb","itemListElement":[{"@type":"ListItem","position":1,"name":"Inicio","item":"https:\/\/www.epen.gov.ar\/"},{"@type":"ListItem","position":2,"name":"Se suspende la atenci\u00f3n al p\u00fablico en la oficina de Senillosa"}]},{"@type":"WebSite","@id":"https:\/\/www.epen.gov.ar\/#website","url":"https:\/\/www.epen.gov.ar\/","name":"EPEN","description":"Ente Provincial de Energ\u00eda del Neuqu\u00e9n","publisher":{"@id":"https:\/\/www.epen.gov.ar\/#organization"},"potentialAction":[{"@type":"SearchAction","target":{"@type":"EntryPoint","urlTemplate":"https:\/\/www.epen.gov.ar\/?s={search_term_string}"},"query-input":{"@type":"PropertyValueSpecification","valueRequired":true,"valueName":"search_term_string"}}],"inLanguage":"es"},{"@type":"Organization","@id":"https:\/\/www.epen.gov.ar\/#organization","name":"Ente Provincial de Energ\u00eda del Neuqu\u00e9n","url":"https:\/\/www.epen.gov.ar\/","logo":{"@type":"ImageObject","inLanguage":"es","@id":"https:\/\/www.epen.gov.ar\/#\/schema\/logo\/image\/","url":"https:\/\/www.epen.gov.ar\/wp-content\/uploads\/2024\/02\/Logo-EPEN-2.jpg","contentUrl":"https:\/\/www.epen.gov.ar\/wp-content\/uploads\/2024\/02\/Logo-EPEN-2.jpg","width":696,"height":696,"caption":"Ente Provincial de Energ\u00eda del Neuqu\u00e9n"},"image":{"@id":"https:\/\/www.epen.gov.ar\/#\/schema\/logo\/image\/"},"sameAs":["https:\/\/www.facebook.com\/EPEN.Neuquen","https:\/\/x.com\/EPEN_Informa","https:\/\/www.youtube.com\/@epenprensa7384"]},{"@type":"Person","@id":"https:\/\/www.epen.gov.ar\/#\/schema\/person\/ce6cff87c2fc01264becc10fa105ad4f","name":"Prensa EPEN","image":{"@type":"ImageObject","inLanguage":"es","@id":"https:\/\/secure.gravatar.com\/avatar\/f8120b8688012ccf2d7fbcf7a970cfbabf0ab63b09c2dbd72c194bee080070e9?s=96&d=mm&r=g","url":"https:\/\/secure.gravatar.com\/avatar\/f8120b8688012ccf2d7fbcf7a970cfbabf0ab63b09c2dbd72c194bee080070e9?s=96&d=mm&r=g","contentUrl":"https:\/\/secure.gravatar.com\/avatar\/f8120b8688012ccf2d7fbcf7a970cfbabf0ab63b09c2dbd72c194bee080070e9?s=96&d=mm&r=g","caption":"Prensa EPEN"},"url":"https:\/\/www.epen.gov.ar\/index.php\/author\/admin\/"}]}},"_links":{"self":[{"href":"https:\/\/www.epen.gov.ar\/index.php\/wp-json\/wp\/v2\/posts\/15454","targetHints":{"allow":["GET"]}}],"collection":[{"href":"https:\/\/www.epen.gov.ar\/index.php\/wp-json\/wp\/v2\/posts"}],"about":[{"href":"https:\/\/www.epen.gov.ar\/index.php\/wp-json\/wp\/v2\/types\/post"}],"author":[{"embeddable":true,"href":"https:\/\/www.epen.gov.ar\/index.php\/wp-json\/wp\/v2\/users\/1"}],"replies":[{"embeddable":true,"href":"https:\/\/www.epen.gov.ar\/index.php\/wp-json\/wp\/v2\/comments?post=15454"}],"version-history":[{"count":4,"href":"https:\/\/www.epen.gov.ar\/index.php\/wp-json\/wp\/v2\/posts\/15454\/revisions"}],"predecessor-version":[{"id":68307,"href":"https:\/\/www.epen.gov.ar\/index.php\/wp-json\/wp\/v2\/posts\/15454\/revisions\/68307"}],"wp:featuredmedia":[{"embeddable":true,"href":"https:\/\/www.epen.gov.ar\/index.php\/wp-json\/wp\/v2\/media\/3885"}],"wp:attachment":[{"href":"https:\/\/www.epen.gov.ar\/index.php\/wp-json\/wp\/v2\/media?parent=15454"}],"wp:term":[{"taxonomy":"category","embeddable":true,"href":"https:\/\/www.epen.gov.ar\/index.php\/wp-json\/wp\/v2\/categories?post=15454"},{"taxonomy":"post_tag","embeddable":true,"href":"https:\/\/www.epen.gov.ar\/index.php\/wp-json\/wp\/v2\/tags?post=15454"}],"curies":[{"name":"wp","href":"https:\/\/api.w.org\/{rel}","templated":true}]}}