{"id":150398,"date":"2024-09-12T21:15:13","date_gmt":"2024-09-13T00:15:13","guid":{"rendered":"http:\/\/192.168.200.48\/?p=150398"},"modified":"2024-09-17T13:09:18","modified_gmt":"2024-09-17T16:09:18","slug":"el-epen-trabaja-para-mejorar-el-servicio-electrico-de-rincon-de-los-sauces","status":"publish","type":"post","link":"https:\/\/www.epen.gov.ar\/index.php\/2024\/09\/12\/el-epen-trabaja-para-mejorar-el-servicio-electrico-de-rincon-de-los-sauces\/","title":{"rendered":"El EPEN trabaja para mejorar el servicio el\u00e9ctrico de Rinc\u00f3n de los Sauces"},"content":{"rendered":"<div class=\"fusion-fullwidth fullwidth-box fusion-builder-row-1 nonhundred-percent-fullwidth non-hundred-percent-height-scrolling\" style=\"--awb-border-radius-top-left:0px;--awb-border-radius-top-right:0px;--awb-border-radius-bottom-right:0px;--awb-border-radius-bottom-left:0px;--awb-flex-wrap:wrap;\" ><div class=\"fusion-builder-row fusion-row\"><div class=\"fusion-layout-column fusion_builder_column fusion-builder-column-0 fusion_builder_column_2_3 2_3 fusion-two-third fusion-column-first\" style=\"--awb-bg-size:cover;width:66.666666666667%;width:calc(66.666666666667% - ( ( 4% ) * 0.66666666666667 ) );margin-right: 4%;\"><div class=\"fusion-column-wrapper fusion-column-has-shadow fusion-flex-column-wrapper-legacy\"><div class=\"fusion-text fusion-text-1\"><p><em>Autoridades del EPEN y de la municipalidad mantuvieron una reuni\u00f3n donde abordaron distintas tem\u00e1ticas y proyectos asociados al servicio.<\/em><\/p>\n<p>Este jueves, autoridades del Ente Provincial de Energ\u00eda del Neuqu\u00e9n (EPEN) junto a funcionarios de la Municipalidad de Rinc\u00f3n de los Sauces mantuvieron una fruct\u00edfera reuni\u00f3n al abordar distintas tem\u00e1ticas asociadas al servicio el\u00e9ctrico, proyectos a trabajar en conjunto, iluminaci\u00f3n en las rutas 5 y 6, como tambi\u00e9n medidas que buscan eficientizar los consumos de energ\u00eda.<\/p>\n<p>Por su parte, el presidente del directorio del EPEN, Mario Moya, junto a un equipo t\u00e9cnico tambi\u00e9n recorri\u00f3 distintos puntos de la ciudad donde se est\u00e1 desarrollando el mantenimiento programado, que continuar\u00e1 hasta este viernes para el recambio de equipos reconectadores.<\/p>\n<p>Los trabajos de mantenimiento se centraron sobre todo en el cambio de postes, poda, montaje de luminarias de alumbrado p\u00fablico, y el recambio y montaje de equipos reconectadores que permitir\u00e1n, gracias a la nueva tecnolog\u00eda, hacer telemediciones y teleoperar, para realizar maniobras sin necesidad de acceder al lugar.<\/p>\n<h5 id=\"attachment_243935\" class=\"wp-caption aligncenter\" style=\"width: 565px;\" aria-describedby=\"caption-attachment-243935\"><img decoding=\"async\" class=\"alignnone wp-image-150411\" src=\"https:\/\/www.epen.gov.ar\/wp-content\/uploads\/2024\/09\/Web.EPEN-1.jpg\" alt=\"\" width=\"565\" height=\"314\" srcset=\"https:\/\/www.epen.gov.ar\/wp-content\/uploads\/2024\/09\/Web.EPEN-1-200x111.jpg 200w, https:\/\/www.epen.gov.ar\/wp-content\/uploads\/2024\/09\/Web.EPEN-1-300x167.jpg 300w, https:\/\/www.epen.gov.ar\/wp-content\/uploads\/2024\/09\/Web.EPEN-1-400x222.jpg 400w, https:\/\/www.epen.gov.ar\/wp-content\/uploads\/2024\/09\/Web.EPEN-1-600x334.jpg 600w, https:\/\/www.epen.gov.ar\/wp-content\/uploads\/2024\/09\/Web.EPEN-1-768x427.jpg 768w, https:\/\/www.epen.gov.ar\/wp-content\/uploads\/2024\/09\/Web.EPEN-1-800x445.jpg 800w, https:\/\/www.epen.gov.ar\/wp-content\/uploads\/2024\/09\/Web.EPEN-1-1200x667.jpg 1200w, https:\/\/www.epen.gov.ar\/wp-content\/uploads\/2024\/09\/Web.EPEN-1-1280x712.jpg 1280w, https:\/\/www.epen.gov.ar\/wp-content\/uploads\/2024\/09\/Web.EPEN-1.jpg 1403w\" sizes=\"(max-width: 565px) 100vw, 565px\" \/><\/h5>\n<p>Con relaci\u00f3n al desarrollo del mantenimiento programado, Moya indic\u00f3 que \u00bb involucra a aproximadamente a 80 trabajadores de distintos puntos de la provincia. Esta iniciativa, que se extendi\u00f3 desde el lunes 9 hasta este viernes 13, busca asegurar la confiabilidad de las redes el\u00e9ctricas ante la pr\u00f3xima temporada de verano, concentrando esfuerzos y optimizando recursos para garantizar un servicio eficiente\u201d.<\/p>\n<p>Por parte de las autoridades municipales, participaron la secretaria de Obras y Servicios P\u00fablicos, Gabriela Cingolani, el secretario de Econom\u00eda y Finanzas, Pablo Uribe, el presidente del Honorable Concejo Deliberante, Daniel Aravena, y por el EPEN, Moya, el gerente general Jorge Ramos, y otros gerentes y jefes a cargo del servicio en la regi\u00f3n.<\/p>\n<p>Durante la reuni\u00f3n, se destacaron distintos proyectos conjuntos destinados a fortalecer la infraestructura el\u00e9ctrica, como la iluminaci\u00f3n de las rutas 5 y 6, as\u00ed como mejoras en la iluminaci\u00f3n de la localidad en general y la implementaci\u00f3n de corredores seguros.<\/p>\n<p>Tambi\u00e9n se abordaron distintas formas de implementaci\u00f3n de medidas para lograr una mayor eficiencia energ\u00e9tica y optimizar el consumo, incluyendo planes para la adquisici\u00f3n de equipamiento que permita la correcci\u00f3n del factor de potencia.<\/p>\n<p>Se acord\u00f3, adem\u00e1s, evaluar un estudio en curso sobre consumos y preparar estrategias para enfrentar la creciente demanda energ\u00e9tica, especialmente en una localidad como Rinc\u00f3n de los Sauces, que experimenta un notable crecimiento poblacional asociado a la regi\u00f3n de Vaca Muerta.<\/p>\n<p><strong>Informaci\u00f3n sobre los cortes<\/strong>:<\/p>\n<p><a title=\"Trabajan para mejorar el servicio el\u00e9ctrico de Rinc\u00f3n de los Sauces\" href=\"https:\/\/www.epen.gov.ar\/index.php\/2024\/09\/06\/mantenimiento-programado-en-rincon-de-los-sauces-2\/\" target=\"_blank\" rel=\"noopener\">https:\/\/www.epen.gov.ar\/index.php\/2024\/09\/06\/mantenimiento-programado-en-rincon-de-los-sauces-2\/<\/a><\/p>\n<p>El mantenimiento programado en Rinc\u00f3n de los Sauces continuar\u00e1 este Viernes 13\/9 de 9 a 13 h:<\/p>\n<p><strong>Afectar\u00e1:<\/strong> Parque Industrial I, II y III, Bombeos de Agua y zona Chacras.<\/p>\n<p>Se solicita a los sectores afectados tomar los recaudos necesarios a efectos de reducir los inconvenientes que la falta de energ\u00eda pudiese ocasionar.<\/p>\n<p><img decoding=\"async\" class=\"alignnone wp-image-126515\" src=\"https:\/\/www.epen.gov.ar\/wp-content\/uploads\/2024\/01\/WEB-Banner-Superior-1280x244.png\" alt=\"\" width=\"655\" height=\"125\" srcset=\"https:\/\/www.epen.gov.ar\/wp-content\/uploads\/2024\/01\/WEB-Banner-Superior-200x38.png 200w, https:\/\/www.epen.gov.ar\/wp-content\/uploads\/2024\/01\/WEB-Banner-Superior-300x57.png 300w, https:\/\/www.epen.gov.ar\/wp-content\/uploads\/2024\/01\/WEB-Banner-Superior-400x76.png 400w, https:\/\/www.epen.gov.ar\/wp-content\/uploads\/2024\/01\/WEB-Banner-Superior-600x115.png 600w, https:\/\/www.epen.gov.ar\/wp-content\/uploads\/2024\/01\/WEB-Banner-Superior-768x147.png 768w, https:\/\/www.epen.gov.ar\/wp-content\/uploads\/2024\/01\/WEB-Banner-Superior-800x153.png 800w, https:\/\/www.epen.gov.ar\/wp-content\/uploads\/2024\/01\/WEB-Banner-Superior-1200x229.png 1200w, https:\/\/www.epen.gov.ar\/wp-content\/uploads\/2024\/01\/WEB-Banner-Superior-1280x244.png 1280w, https:\/\/www.epen.gov.ar\/wp-content\/uploads\/2024\/01\/WEB-Banner-Superior.png 1456w\" sizes=\"(max-width: 655px) 100vw, 655px\" \/><\/p>\n<\/div><div class=\"fusion-clearfix\"><\/div><\/div><\/div><div class=\"fusion-layout-column fusion_builder_column fusion-builder-column-1 fusion_builder_column_1_3 1_3 fusion-one-third fusion-column-last\" style=\"--awb-bg-size:cover;width:33.333333333333%;width:calc(33.333333333333% - ( ( 4% ) * 0.33333333333333 ) );\" data-scroll-devices=\"small-visibility,medium-visibility,large-visibility\"><div class=\"fusion-column-wrapper fusion-column-has-shadow fusion-flex-column-wrapper-legacy\"><div class=\"fusion-column-content-centered\"><div class=\"fusion-column-content\"><div class=\"fusion-widget-area awb-widget-area-element fusion-widget-area-1 fusion-content-widget-area\" style=\"--awb-title-size:20px;--awb-title-color:#333333;--awb-padding:0px 0px 0px 0px;\"><style type=\"text\/css\" data-id=\"tweets-widget-2\">#tweets-widget-2 li { border-color:#eaeaea;}<\/style><section id=\"tweets-widget-2\" class=\"widget tweets\" style=\"border-style: solid;border-color: #eaeaea;border-color:transparent;border-width:0px;\">\t\t\t\t\n\t\t<div style=\"overflow:hidden\">\n\t\t\t\t\t\t\t\t\t\t\t<a class=\"twitter-timeline\" data-dnt=\"true\" href=\"https:\/\/twitter.com\/@EPEN_Informa\" data-width=\"500\" data-height=\"300\" width=\"500\" height=\"300\" data-theme=\"light\" data-link-color=\"##25a9bd\" data-border-color=\"#eaeaea\" data-chrome=\"\">Tweets por @EPEN_Informa<\/a>\n\t\t\t\t\t\t\t\n\t\t\t\t\t\t\t\t\t\t\t<script async src=\"\/\/platform.twitter.com\/widgets.js\" charset=\"utf-8\"><\/script>\n\t\t\t\t\t\t\t\n\t\t<\/div>\n\t\t<\/section>\n\t\t<section id=\"recent-posts-3\" class=\"widget widget_recent_entries\" style=\"border-style: solid;border-color:transparent;border-width:0px;\">\n\t\t<div class=\"heading\"><h4 class=\"widget-title\">Entradas recientes<\/h4><\/div>\n\t\t<ul>\n\t\t\t\t\t\t\t\t\t\t\t<li>\n\t\t\t\t\t<a href=\"https:\/\/www.epen.gov.ar\/index.php\/2026\/04\/28\/el-epen-impulsa-el-desarrollo-de-varvarco-con-nueva-infraestructura-para-17-lotes\/\">El EPEN impulsa el desarrollo de Varvarco con nueva infraestructura para 17 lotes<\/a>\n\t\t\t\t\t\t\t\t\t\t\t<span class=\"post-date\">28\/04\/2026<\/span>\n\t\t\t\t\t\t\t\t\t<\/li>\n\t\t\t\t\t\t\t\t\t\t\t<li>\n\t\t\t\t\t<a href=\"https:\/\/www.epen.gov.ar\/index.php\/2026\/04\/28\/corte-programado-en-sectores-de-zona-nahueve-el-30-04-2026\/\">Corte Programado en sectores de zona Nahueve el 30\/04\/2026<\/a>\n\t\t\t\t\t\t\t\t\t\t\t<span class=\"post-date\">28\/04\/2026<\/span>\n\t\t\t\t\t\t\t\t\t<\/li>\n\t\t\t\t\t\t\t\t\t\t\t<li>\n\t\t\t\t\t<a href=\"https:\/\/www.epen.gov.ar\/index.php\/2026\/04\/24\/corte-programado-en-sectores-de-san-martin-de-los-andes-el-25-04-2026\/\">Corte Programado en sectores de San Mart\u00edn de los Andes el 25\/04\/2026<\/a>\n\t\t\t\t\t\t\t\t\t\t\t<span class=\"post-date\">24\/04\/2026<\/span>\n\t\t\t\t\t\t\t\t\t<\/li>\n\t\t\t\t\t\t\t\t\t\t\t<li>\n\t\t\t\t\t<a href=\"https:\/\/www.epen.gov.ar\/index.php\/2026\/04\/24\/corte-programado-en-sectores-de-centenario-el-25-04-2026\/\">Corte Programado en sectores de Centenario el 25\/04\/2026<\/a>\n\t\t\t\t\t\t\t\t\t\t\t<span class=\"post-date\">24\/04\/2026<\/span>\n\t\t\t\t\t\t\t\t\t<\/li>\n\t\t\t\t\t\t\t\t\t\t\t<li>\n\t\t\t\t\t<a href=\"https:\/\/www.epen.gov.ar\/index.php\/2026\/04\/24\/corte-programado-en-sectores-de-loncopue-y-el-huecu-el-29-y-30-04-2026\/\">Cortes Programados en Loncopu\u00e9, El Huec\u00fa y zona rural de Caviahue y El Cholar el 29 y 30\/04\/2026<\/a>\n\t\t\t\t\t\t\t\t\t\t\t<span class=\"post-date\">24\/04\/2026<\/span>\n\t\t\t\t\t\t\t\t\t<\/li>\n\t\t\t\t\t<\/ul>\n\n\t\t<\/section><div class=\"fusion-additional-widget-content\"><\/div><\/div><div class=\"fusion-image-element in-legacy-container\" style=\"--awb-caption-title-font-family:var(--h2_typography-font-family);--awb-caption-title-font-weight:var(--h2_typography-font-weight);--awb-caption-title-font-style:var(--h2_typography-font-style);--awb-caption-title-size:var(--h2_typography-font-size);--awb-caption-title-transform:var(--h2_typography-text-transform);--awb-caption-title-line-height:var(--h2_typography-line-height);--awb-caption-title-letter-spacing:var(--h2_typography-letter-spacing);\"><span class=\" fusion-imageframe imageframe-none imageframe-1 hover-type-none\"><a class=\"fusion-no-lightbox\" href=\"https:\/\/www.argentina.gob.ar\/subsidios\" target=\"_self\" aria-label=\"RASE\"><img decoding=\"async\" width=\"287\" height=\"287\" src=\"https:\/\/www.epen.gov.ar\/wp-content\/uploads\/2024\/07\/RASE.gif\" alt class=\"img-responsive wp-image-144805\"\/><\/a><\/span><\/div><div class=\"fusion-image-element in-legacy-container\" style=\"--awb-margin-top:5%;--awb-caption-title-font-family:var(--h2_typography-font-family);--awb-caption-title-font-weight:var(--h2_typography-font-weight);--awb-caption-title-font-style:var(--h2_typography-font-style);--awb-caption-title-size:var(--h2_typography-font-size);--awb-caption-title-transform:var(--h2_typography-text-transform);--awb-caption-title-line-height:var(--h2_typography-line-height);--awb-caption-title-letter-spacing:var(--h2_typography-letter-spacing);\"><span class=\" fusion-imageframe imageframe-none imageframe-2 hover-type-none\"><img decoding=\"async\" width=\"287\" height=\"287\" title=\"Consumos-Invierno-2024\" src=\"https:\/\/www.epen.gov.ar\/wp-content\/uploads\/2024\/05\/Consumos-Invierno-2024.gif\" alt class=\"img-responsive wp-image-138693\"\/><\/span><\/div><\/div><\/div><div class=\"fusion-clearfix\"><\/div><\/div><\/div><\/div><\/div>\n","protected":false},"excerpt":{"rendered":"","protected":false},"author":1,"featured_media":150464,"comment_status":"closed","ping_status":"closed","sticky":false,"template":"","format":"standard","meta":{"_exactmetrics_skip_tracking":false,"_exactmetrics_sitenote_active":false,"_exactmetrics_sitenote_note":"","_exactmetrics_sitenote_category":0,"footnotes":""},"categories":[84],"tags":[175,177],"class_list":["post-150398","post","type-post","status-publish","format-standard","has-post-thumbnail","hentry","category-noticias","tag-epen","tag-rincon-de-los-sauces"],"yoast_head":"<!-- This site is optimized with the Yoast SEO plugin v27.2 - https:\/\/yoast.com\/product\/yoast-seo-wordpress\/ -->\n<title>EPEN - El EPEN trabaja para mejorar el servicio el\u00e9ctrico de Rinc\u00f3n de los Sauces<\/title>\n<meta name=\"description\" content=\"El EPEN trabaja para mejorar el servicio el\u00e9ctrico de Rinc\u00f3n de los Sauces Noticias\" \/>\n<meta name=\"robots\" content=\"index, follow, max-snippet:-1, max-image-preview:large, max-video-preview:-1\" \/>\n<link rel=\"canonical\" href=\"https:\/\/www.epen.gov.ar\/index.php\/2024\/09\/12\/el-epen-trabaja-para-mejorar-el-servicio-electrico-de-rincon-de-los-sauces\/\" \/>\n<meta property=\"og:locale\" content=\"es_ES\" \/>\n<meta property=\"og:type\" content=\"article\" \/>\n<meta property=\"og:title\" content=\"EPEN - El EPEN trabaja para mejorar el servicio el\u00e9ctrico de Rinc\u00f3n de los Sauces\" \/>\n<meta property=\"og:description\" content=\"El EPEN trabaja para mejorar el servicio el\u00e9ctrico de Rinc\u00f3n de los Sauces Noticias\" \/>\n<meta property=\"og:url\" content=\"https:\/\/www.epen.gov.ar\/index.php\/2024\/09\/12\/el-epen-trabaja-para-mejorar-el-servicio-electrico-de-rincon-de-los-sauces\/\" \/>\n<meta property=\"og:site_name\" content=\"EPEN\" \/>\n<meta property=\"article:publisher\" content=\"https:\/\/www.facebook.com\/EPEN.Neuquen\" \/>\n<meta property=\"article:published_time\" content=\"2024-09-13T00:15:13+00:00\" \/>\n<meta property=\"article:modified_time\" content=\"2024-09-17T16:09:18+00:00\" \/>\n<meta property=\"og:image\" content=\"https:\/\/www.epen.gov.ar\/wp-content\/uploads\/2024\/09\/EPEN_MuniRDLS.jpg\" \/>\n\t<meta property=\"og:image:width\" content=\"2048\" \/>\n\t<meta property=\"og:image:height\" content=\"1536\" \/>\n\t<meta property=\"og:image:type\" content=\"image\/jpeg\" \/>\n<meta name=\"author\" content=\"Prensa EPEN\" \/>\n<meta name=\"twitter:card\" content=\"summary_large_image\" \/>\n<meta name=\"twitter:creator\" content=\"@EPEN_Informa\" \/>\n<meta name=\"twitter:site\" content=\"@EPEN_Informa\" \/>\n<meta name=\"twitter:label1\" content=\"Escrito por\" \/>\n\t<meta name=\"twitter:data1\" content=\"Prensa EPEN\" \/>\n\t<meta name=\"twitter:label2\" content=\"Tiempo de lectura\" \/>\n\t<meta name=\"twitter:data2\" content=\"4 minutos\" \/>\n<script type=\"application\/ld+json\" class=\"yoast-schema-graph\">{\"@context\":\"https:\/\/schema.org\",\"@graph\":[{\"@type\":\"Article\",\"@id\":\"https:\/\/www.epen.gov.ar\/index.php\/2024\/09\/12\/el-epen-trabaja-para-mejorar-el-servicio-electrico-de-rincon-de-los-sauces\/#article\",\"isPartOf\":{\"@id\":\"https:\/\/www.epen.gov.ar\/index.php\/2024\/09\/12\/el-epen-trabaja-para-mejorar-el-servicio-electrico-de-rincon-de-los-sauces\/\"},\"author\":{\"name\":\"Prensa EPEN\",\"@id\":\"https:\/\/www.epen.gov.ar\/#\/schema\/person\/ce6cff87c2fc01264becc10fa105ad4f\"},\"headline\":\"El EPEN trabaja para mejorar el servicio el\u00e9ctrico de Rinc\u00f3n de los Sauces\",\"datePublished\":\"2024-09-13T00:15:13+00:00\",\"dateModified\":\"2024-09-17T16:09:18+00:00\",\"mainEntityOfPage\":{\"@id\":\"https:\/\/www.epen.gov.ar\/index.php\/2024\/09\/12\/el-epen-trabaja-para-mejorar-el-servicio-electrico-de-rincon-de-los-sauces\/\"},\"wordCount\":1974,\"publisher\":{\"@id\":\"https:\/\/www.epen.gov.ar\/#organization\"},\"image\":{\"@id\":\"https:\/\/www.epen.gov.ar\/index.php\/2024\/09\/12\/el-epen-trabaja-para-mejorar-el-servicio-electrico-de-rincon-de-los-sauces\/#primaryimage\"},\"thumbnailUrl\":\"https:\/\/www.epen.gov.ar\/wp-content\/uploads\/2024\/09\/EPEN_MuniRDLS.jpg\",\"keywords\":[\"EPEN\",\"Rinc\u00f3n De Los Sauces\"],\"articleSection\":[\"Noticias\"],\"inLanguage\":\"es\"},{\"@type\":\"WebPage\",\"@id\":\"https:\/\/www.epen.gov.ar\/index.php\/2024\/09\/12\/el-epen-trabaja-para-mejorar-el-servicio-electrico-de-rincon-de-los-sauces\/\",\"url\":\"https:\/\/www.epen.gov.ar\/index.php\/2024\/09\/12\/el-epen-trabaja-para-mejorar-el-servicio-electrico-de-rincon-de-los-sauces\/\",\"name\":\"EPEN - El EPEN trabaja para mejorar el servicio el\u00e9ctrico de Rinc\u00f3n de los Sauces\",\"isPartOf\":{\"@id\":\"https:\/\/www.epen.gov.ar\/#website\"},\"primaryImageOfPage\":{\"@id\":\"https:\/\/www.epen.gov.ar\/index.php\/2024\/09\/12\/el-epen-trabaja-para-mejorar-el-servicio-electrico-de-rincon-de-los-sauces\/#primaryimage\"},\"image\":{\"@id\":\"https:\/\/www.epen.gov.ar\/index.php\/2024\/09\/12\/el-epen-trabaja-para-mejorar-el-servicio-electrico-de-rincon-de-los-sauces\/#primaryimage\"},\"thumbnailUrl\":\"https:\/\/www.epen.gov.ar\/wp-content\/uploads\/2024\/09\/EPEN_MuniRDLS.jpg\",\"datePublished\":\"2024-09-13T00:15:13+00:00\",\"dateModified\":\"2024-09-17T16:09:18+00:00\",\"description\":\"El EPEN trabaja para mejorar el servicio el\u00e9ctrico de Rinc\u00f3n de los Sauces Noticias\",\"breadcrumb\":{\"@id\":\"https:\/\/www.epen.gov.ar\/index.php\/2024\/09\/12\/el-epen-trabaja-para-mejorar-el-servicio-electrico-de-rincon-de-los-sauces\/#breadcrumb\"},\"inLanguage\":\"es\",\"potentialAction\":[{\"@type\":\"ReadAction\",\"target\":[\"https:\/\/www.epen.gov.ar\/index.php\/2024\/09\/12\/el-epen-trabaja-para-mejorar-el-servicio-electrico-de-rincon-de-los-sauces\/\"]}]},{\"@type\":\"ImageObject\",\"inLanguage\":\"es\",\"@id\":\"https:\/\/www.epen.gov.ar\/index.php\/2024\/09\/12\/el-epen-trabaja-para-mejorar-el-servicio-electrico-de-rincon-de-los-sauces\/#primaryimage\",\"url\":\"https:\/\/www.epen.gov.ar\/wp-content\/uploads\/2024\/09\/EPEN_MuniRDLS.jpg\",\"contentUrl\":\"https:\/\/www.epen.gov.ar\/wp-content\/uploads\/2024\/09\/EPEN_MuniRDLS.jpg\",\"width\":2048,\"height\":1536},{\"@type\":\"BreadcrumbList\",\"@id\":\"https:\/\/www.epen.gov.ar\/index.php\/2024\/09\/12\/el-epen-trabaja-para-mejorar-el-servicio-electrico-de-rincon-de-los-sauces\/#breadcrumb\",\"itemListElement\":[{\"@type\":\"ListItem\",\"position\":1,\"name\":\"Inicio\",\"item\":\"https:\/\/www.epen.gov.ar\/\"},{\"@type\":\"ListItem\",\"position\":2,\"name\":\"El EPEN trabaja para mejorar el servicio el\u00e9ctrico de Rinc\u00f3n de los Sauces\"}]},{\"@type\":\"WebSite\",\"@id\":\"https:\/\/www.epen.gov.ar\/#website\",\"url\":\"https:\/\/www.epen.gov.ar\/\",\"name\":\"EPEN\",\"description\":\"Ente Provincial de Energ\u00eda del Neuqu\u00e9n\",\"publisher\":{\"@id\":\"https:\/\/www.epen.gov.ar\/#organization\"},\"potentialAction\":[{\"@type\":\"SearchAction\",\"target\":{\"@type\":\"EntryPoint\",\"urlTemplate\":\"https:\/\/www.epen.gov.ar\/?s={search_term_string}\"},\"query-input\":{\"@type\":\"PropertyValueSpecification\",\"valueRequired\":true,\"valueName\":\"search_term_string\"}}],\"inLanguage\":\"es\"},{\"@type\":\"Organization\",\"@id\":\"https:\/\/www.epen.gov.ar\/#organization\",\"name\":\"Ente Provincial de Energ\u00eda del Neuqu\u00e9n\",\"url\":\"https:\/\/www.epen.gov.ar\/\",\"logo\":{\"@type\":\"ImageObject\",\"inLanguage\":\"es\",\"@id\":\"https:\/\/www.epen.gov.ar\/#\/schema\/logo\/image\/\",\"url\":\"https:\/\/www.epen.gov.ar\/wp-content\/uploads\/2024\/02\/Logo-EPEN-2.jpg\",\"contentUrl\":\"https:\/\/www.epen.gov.ar\/wp-content\/uploads\/2024\/02\/Logo-EPEN-2.jpg\",\"width\":696,\"height\":696,\"caption\":\"Ente Provincial de Energ\u00eda del Neuqu\u00e9n\"},\"image\":{\"@id\":\"https:\/\/www.epen.gov.ar\/#\/schema\/logo\/image\/\"},\"sameAs\":[\"https:\/\/www.facebook.com\/EPEN.Neuquen\",\"https:\/\/x.com\/EPEN_Informa\",\"https:\/\/www.youtube.com\/@epenprensa7384\"]},{\"@type\":\"Person\",\"@id\":\"https:\/\/www.epen.gov.ar\/#\/schema\/person\/ce6cff87c2fc01264becc10fa105ad4f\",\"name\":\"Prensa EPEN\",\"image\":{\"@type\":\"ImageObject\",\"inLanguage\":\"es\",\"@id\":\"https:\/\/secure.gravatar.com\/avatar\/f8120b8688012ccf2d7fbcf7a970cfbabf0ab63b09c2dbd72c194bee080070e9?s=96&d=mm&r=g\",\"url\":\"https:\/\/secure.gravatar.com\/avatar\/f8120b8688012ccf2d7fbcf7a970cfbabf0ab63b09c2dbd72c194bee080070e9?s=96&d=mm&r=g\",\"contentUrl\":\"https:\/\/secure.gravatar.com\/avatar\/f8120b8688012ccf2d7fbcf7a970cfbabf0ab63b09c2dbd72c194bee080070e9?s=96&d=mm&r=g\",\"caption\":\"Prensa EPEN\"},\"url\":\"https:\/\/www.epen.gov.ar\/index.php\/author\/admin\/\"}]}<\/script>\n<!-- \/ Yoast SEO plugin. -->","yoast_head_json":{"title":"EPEN - El EPEN trabaja para mejorar el servicio el\u00e9ctrico de Rinc\u00f3n de los Sauces","description":"El EPEN trabaja para mejorar el servicio el\u00e9ctrico de Rinc\u00f3n de los Sauces Noticias","robots":{"index":"index","follow":"follow","max-snippet":"max-snippet:-1","max-image-preview":"max-image-preview:large","max-video-preview":"max-video-preview:-1"},"canonical":"https:\/\/www.epen.gov.ar\/index.php\/2024\/09\/12\/el-epen-trabaja-para-mejorar-el-servicio-electrico-de-rincon-de-los-sauces\/","og_locale":"es_ES","og_type":"article","og_title":"EPEN - El EPEN trabaja para mejorar el servicio el\u00e9ctrico de Rinc\u00f3n de los Sauces","og_description":"El EPEN trabaja para mejorar el servicio el\u00e9ctrico de Rinc\u00f3n de los Sauces Noticias","og_url":"https:\/\/www.epen.gov.ar\/index.php\/2024\/09\/12\/el-epen-trabaja-para-mejorar-el-servicio-electrico-de-rincon-de-los-sauces\/","og_site_name":"EPEN","article_publisher":"https:\/\/www.facebook.com\/EPEN.Neuquen","article_published_time":"2024-09-13T00:15:13+00:00","article_modified_time":"2024-09-17T16:09:18+00:00","og_image":[{"width":2048,"height":1536,"url":"https:\/\/www.epen.gov.ar\/wp-content\/uploads\/2024\/09\/EPEN_MuniRDLS.jpg","type":"image\/jpeg"}],"author":"Prensa EPEN","twitter_card":"summary_large_image","twitter_creator":"@EPEN_Informa","twitter_site":"@EPEN_Informa","twitter_misc":{"Escrito por":"Prensa EPEN","Tiempo de lectura":"4 minutos"},"schema":{"@context":"https:\/\/schema.org","@graph":[{"@type":"Article","@id":"https:\/\/www.epen.gov.ar\/index.php\/2024\/09\/12\/el-epen-trabaja-para-mejorar-el-servicio-electrico-de-rincon-de-los-sauces\/#article","isPartOf":{"@id":"https:\/\/www.epen.gov.ar\/index.php\/2024\/09\/12\/el-epen-trabaja-para-mejorar-el-servicio-electrico-de-rincon-de-los-sauces\/"},"author":{"name":"Prensa EPEN","@id":"https:\/\/www.epen.gov.ar\/#\/schema\/person\/ce6cff87c2fc01264becc10fa105ad4f"},"headline":"El EPEN trabaja para mejorar el servicio el\u00e9ctrico de Rinc\u00f3n de los Sauces","datePublished":"2024-09-13T00:15:13+00:00","dateModified":"2024-09-17T16:09:18+00:00","mainEntityOfPage":{"@id":"https:\/\/www.epen.gov.ar\/index.php\/2024\/09\/12\/el-epen-trabaja-para-mejorar-el-servicio-electrico-de-rincon-de-los-sauces\/"},"wordCount":1974,"publisher":{"@id":"https:\/\/www.epen.gov.ar\/#organization"},"image":{"@id":"https:\/\/www.epen.gov.ar\/index.php\/2024\/09\/12\/el-epen-trabaja-para-mejorar-el-servicio-electrico-de-rincon-de-los-sauces\/#primaryimage"},"thumbnailUrl":"https:\/\/www.epen.gov.ar\/wp-content\/uploads\/2024\/09\/EPEN_MuniRDLS.jpg","keywords":["EPEN","Rinc\u00f3n De Los Sauces"],"articleSection":["Noticias"],"inLanguage":"es"},{"@type":"WebPage","@id":"https:\/\/www.epen.gov.ar\/index.php\/2024\/09\/12\/el-epen-trabaja-para-mejorar-el-servicio-electrico-de-rincon-de-los-sauces\/","url":"https:\/\/www.epen.gov.ar\/index.php\/2024\/09\/12\/el-epen-trabaja-para-mejorar-el-servicio-electrico-de-rincon-de-los-sauces\/","name":"EPEN - El EPEN trabaja para mejorar el servicio el\u00e9ctrico de Rinc\u00f3n de los Sauces","isPartOf":{"@id":"https:\/\/www.epen.gov.ar\/#website"},"primaryImageOfPage":{"@id":"https:\/\/www.epen.gov.ar\/index.php\/2024\/09\/12\/el-epen-trabaja-para-mejorar-el-servicio-electrico-de-rincon-de-los-sauces\/#primaryimage"},"image":{"@id":"https:\/\/www.epen.gov.ar\/index.php\/2024\/09\/12\/el-epen-trabaja-para-mejorar-el-servicio-electrico-de-rincon-de-los-sauces\/#primaryimage"},"thumbnailUrl":"https:\/\/www.epen.gov.ar\/wp-content\/uploads\/2024\/09\/EPEN_MuniRDLS.jpg","datePublished":"2024-09-13T00:15:13+00:00","dateModified":"2024-09-17T16:09:18+00:00","description":"El EPEN trabaja para mejorar el servicio el\u00e9ctrico de Rinc\u00f3n de los Sauces Noticias","breadcrumb":{"@id":"https:\/\/www.epen.gov.ar\/index.php\/2024\/09\/12\/el-epen-trabaja-para-mejorar-el-servicio-electrico-de-rincon-de-los-sauces\/#breadcrumb"},"inLanguage":"es","potentialAction":[{"@type":"ReadAction","target":["https:\/\/www.epen.gov.ar\/index.php\/2024\/09\/12\/el-epen-trabaja-para-mejorar-el-servicio-electrico-de-rincon-de-los-sauces\/"]}]},{"@type":"ImageObject","inLanguage":"es","@id":"https:\/\/www.epen.gov.ar\/index.php\/2024\/09\/12\/el-epen-trabaja-para-mejorar-el-servicio-electrico-de-rincon-de-los-sauces\/#primaryimage","url":"https:\/\/www.epen.gov.ar\/wp-content\/uploads\/2024\/09\/EPEN_MuniRDLS.jpg","contentUrl":"https:\/\/www.epen.gov.ar\/wp-content\/uploads\/2024\/09\/EPEN_MuniRDLS.jpg","width":2048,"height":1536},{"@type":"BreadcrumbList","@id":"https:\/\/www.epen.gov.ar\/index.php\/2024\/09\/12\/el-epen-trabaja-para-mejorar-el-servicio-electrico-de-rincon-de-los-sauces\/#breadcrumb","itemListElement":[{"@type":"ListItem","position":1,"name":"Inicio","item":"https:\/\/www.epen.gov.ar\/"},{"@type":"ListItem","position":2,"name":"El EPEN trabaja para mejorar el servicio el\u00e9ctrico de Rinc\u00f3n de los Sauces"}]},{"@type":"WebSite","@id":"https:\/\/www.epen.gov.ar\/#website","url":"https:\/\/www.epen.gov.ar\/","name":"EPEN","description":"Ente Provincial de Energ\u00eda del Neuqu\u00e9n","publisher":{"@id":"https:\/\/www.epen.gov.ar\/#organization"},"potentialAction":[{"@type":"SearchAction","target":{"@type":"EntryPoint","urlTemplate":"https:\/\/www.epen.gov.ar\/?s={search_term_string}"},"query-input":{"@type":"PropertyValueSpecification","valueRequired":true,"valueName":"search_term_string"}}],"inLanguage":"es"},{"@type":"Organization","@id":"https:\/\/www.epen.gov.ar\/#organization","name":"Ente Provincial de Energ\u00eda del Neuqu\u00e9n","url":"https:\/\/www.epen.gov.ar\/","logo":{"@type":"ImageObject","inLanguage":"es","@id":"https:\/\/www.epen.gov.ar\/#\/schema\/logo\/image\/","url":"https:\/\/www.epen.gov.ar\/wp-content\/uploads\/2024\/02\/Logo-EPEN-2.jpg","contentUrl":"https:\/\/www.epen.gov.ar\/wp-content\/uploads\/2024\/02\/Logo-EPEN-2.jpg","width":696,"height":696,"caption":"Ente Provincial de Energ\u00eda del Neuqu\u00e9n"},"image":{"@id":"https:\/\/www.epen.gov.ar\/#\/schema\/logo\/image\/"},"sameAs":["https:\/\/www.facebook.com\/EPEN.Neuquen","https:\/\/x.com\/EPEN_Informa","https:\/\/www.youtube.com\/@epenprensa7384"]},{"@type":"Person","@id":"https:\/\/www.epen.gov.ar\/#\/schema\/person\/ce6cff87c2fc01264becc10fa105ad4f","name":"Prensa EPEN","image":{"@type":"ImageObject","inLanguage":"es","@id":"https:\/\/secure.gravatar.com\/avatar\/f8120b8688012ccf2d7fbcf7a970cfbabf0ab63b09c2dbd72c194bee080070e9?s=96&d=mm&r=g","url":"https:\/\/secure.gravatar.com\/avatar\/f8120b8688012ccf2d7fbcf7a970cfbabf0ab63b09c2dbd72c194bee080070e9?s=96&d=mm&r=g","contentUrl":"https:\/\/secure.gravatar.com\/avatar\/f8120b8688012ccf2d7fbcf7a970cfbabf0ab63b09c2dbd72c194bee080070e9?s=96&d=mm&r=g","caption":"Prensa EPEN"},"url":"https:\/\/www.epen.gov.ar\/index.php\/author\/admin\/"}]}},"_links":{"self":[{"href":"https:\/\/www.epen.gov.ar\/index.php\/wp-json\/wp\/v2\/posts\/150398","targetHints":{"allow":["GET"]}}],"collection":[{"href":"https:\/\/www.epen.gov.ar\/index.php\/wp-json\/wp\/v2\/posts"}],"about":[{"href":"https:\/\/www.epen.gov.ar\/index.php\/wp-json\/wp\/v2\/types\/post"}],"author":[{"embeddable":true,"href":"https:\/\/www.epen.gov.ar\/index.php\/wp-json\/wp\/v2\/users\/1"}],"replies":[{"embeddable":true,"href":"https:\/\/www.epen.gov.ar\/index.php\/wp-json\/wp\/v2\/comments?post=150398"}],"version-history":[{"count":5,"href":"https:\/\/www.epen.gov.ar\/index.php\/wp-json\/wp\/v2\/posts\/150398\/revisions"}],"predecessor-version":[{"id":150821,"href":"https:\/\/www.epen.gov.ar\/index.php\/wp-json\/wp\/v2\/posts\/150398\/revisions\/150821"}],"wp:featuredmedia":[{"embeddable":true,"href":"https:\/\/www.epen.gov.ar\/index.php\/wp-json\/wp\/v2\/media\/150464"}],"wp:attachment":[{"href":"https:\/\/www.epen.gov.ar\/index.php\/wp-json\/wp\/v2\/media?parent=150398"}],"wp:term":[{"taxonomy":"category","embeddable":true,"href":"https:\/\/www.epen.gov.ar\/index.php\/wp-json\/wp\/v2\/categories?post=150398"},{"taxonomy":"post_tag","embeddable":true,"href":"https:\/\/www.epen.gov.ar\/index.php\/wp-json\/wp\/v2\/tags?post=150398"}],"curies":[{"name":"wp","href":"https:\/\/api.w.org\/{rel}","templated":true}]}}