{"id":148288,"date":"2024-08-14T13:06:15","date_gmt":"2024-08-14T16:06:15","guid":{"rendered":"http:\/\/192.168.200.48\/?p=148288"},"modified":"2024-08-14T13:39:03","modified_gmt":"2024-08-14T16:39:03","slug":"epen-refuerza-la-atencion-en-la-zona-sur-para-la-inscripcion-a-los-subsidios","status":"publish","type":"post","link":"https:\/\/www.epen.gov.ar\/index.php\/2024\/08\/14\/epen-refuerza-la-atencion-en-la-zona-sur-para-la-inscripcion-a-los-subsidios\/","title":{"rendered":"EPEN refuerza la atenci\u00f3n en la zona sur para la inscripci\u00f3n a los subsidios"},"content":{"rendered":"<div class=\"fusion-fullwidth fullwidth-box fusion-builder-row-1 nonhundred-percent-fullwidth non-hundred-percent-height-scrolling\" style=\"--awb-border-radius-top-left:0px;--awb-border-radius-top-right:0px;--awb-border-radius-bottom-right:0px;--awb-border-radius-bottom-left:0px;--awb-flex-wrap:wrap;\" ><div class=\"fusion-builder-row fusion-row\"><div class=\"fusion-layout-column fusion_builder_column fusion-builder-column-0 fusion_builder_column_2_3 2_3 fusion-two-third fusion-column-first\" style=\"--awb-bg-size:cover;width:66.666666666667%;width:calc(66.666666666667% - ( ( 4% ) * 0.66666666666667 ) );margin-right: 4%;\"><div class=\"fusion-column-wrapper fusion-column-has-shadow fusion-flex-column-wrapper-legacy\"><div class=\"fusion-text fusion-text-1\"><p><strong><em>El organismo sumar\u00e1 atenci\u00f3n al p\u00fablico en San Mart\u00edn de los Andes, Jun\u00edn de los Andes y Villa La Angostura, para que los usuarios de bajos ingresos que a\u00fan no lo hayan hecho, puedan inscribirse al RASE.<\/em><\/strong><\/p>\n<p>Desde el Ente Provincial de Energ\u00eda del Neuqu\u00e9n (EPEN), dependiente del ministerio de Infraestructura, se reforzar\u00e1 la atenci\u00f3n de las distintas oficinas comerciales de la regi\u00f3n sur para que los usuarios de bajos ingresos que a\u00fan no se han inscripto al Registro de Acceso a los Subsidios a la Energ\u00eda (RASE), de manera individual, no pierdan el beneficio de los subsidios a la electricidad.<\/p>\n<p>En este sentido, se estableci\u00f3 un cronograma de inscripci\u00f3n al RASE para clientes en San Mart\u00edn de los Andes, Jun\u00edn de los Andes y Villa la Angostura. Los d\u00edas jueves 22 y viernes 23 de agosto, personal del EPEN atender\u00e1 en un aula de la Universidad Tecnol\u00f3gica Nacional (UTN) en Jun\u00edn de los Andes, de 9 a 14 horas. Es necesario asistir con DNI.<\/p>\n<p>En tanto, en Villa la Angostura, los d\u00edas martes 27 y mi\u00e9rcoles 28 de agosto en el edificio municipal, se atender\u00e1 en el mismo horario de 9 a 14. En San Mart\u00edn de los Andes, los d\u00edas jueves 29 y viernes 30 de agosto de 9 a 14, se atender\u00e1 tambi\u00e9n en el edificio municipal local.<\/p>\n<p>Asimismo, se reitera que se extendi\u00f3 el plazo hasta el 4 de septiembre pr\u00f3ximo para que los usuarios de bajos ingresos que hoy son beneficiados con el subsidio a la energ\u00eda el\u00e9ctrica pero que nunca se han inscripto, no pierdan la bonificaci\u00f3n en su factura.<\/p>\n<p>Dentro del conjunto de beneficiarios de subsidios provinciales, los usuarios considerados como Tarifa Social fueron incluidos en su momento en el nivel N2, sin necesidad de inscribirse. Con la nueva normativa nacional, a partir de ahora es indispensable que se inscriban para ser contemplados en este beneficio. Quienes no lo hagan, ser\u00e1n considerados como usuarios de N1 (ingresos altos) y perder\u00e1n el acceso al precio subsidiado.<\/p>\n<p>Desde la web del EPEN los usuarios pueden acceder al enlace a la p\u00e1gina de \u201c<span style=\"color: #0000ff;\"><a style=\"color: #0000ff;\" href=\"http:\/\/www.argentina.gob.ar\/subsidios\">argentina.gob.ar\/subsidios<\/a><\/span>\u201d y proceder a la inscripci\u00f3n. Tambi\u00e9n podr\u00e1n acercarse a la oficina comercial m\u00e1s cercana y recibir atenci\u00f3n personalizada.<\/p>\n<p><img decoding=\"async\" class=\"alignnone wp-image-126515\" src=\"https:\/\/www.epen.gov.ar\/wp-content\/uploads\/2024\/01\/WEB-Banner-Superior-1280x244.png\" alt=\"\" width=\"655\" height=\"125\" srcset=\"https:\/\/www.epen.gov.ar\/wp-content\/uploads\/2024\/01\/WEB-Banner-Superior-200x38.png 200w, https:\/\/www.epen.gov.ar\/wp-content\/uploads\/2024\/01\/WEB-Banner-Superior-300x57.png 300w, https:\/\/www.epen.gov.ar\/wp-content\/uploads\/2024\/01\/WEB-Banner-Superior-400x76.png 400w, https:\/\/www.epen.gov.ar\/wp-content\/uploads\/2024\/01\/WEB-Banner-Superior-600x115.png 600w, https:\/\/www.epen.gov.ar\/wp-content\/uploads\/2024\/01\/WEB-Banner-Superior-768x147.png 768w, https:\/\/www.epen.gov.ar\/wp-content\/uploads\/2024\/01\/WEB-Banner-Superior-800x153.png 800w, https:\/\/www.epen.gov.ar\/wp-content\/uploads\/2024\/01\/WEB-Banner-Superior-1200x229.png 1200w, https:\/\/www.epen.gov.ar\/wp-content\/uploads\/2024\/01\/WEB-Banner-Superior-1280x244.png 1280w, https:\/\/www.epen.gov.ar\/wp-content\/uploads\/2024\/01\/WEB-Banner-Superior.png 1456w\" sizes=\"(max-width: 655px) 100vw, 655px\" \/><\/p>\n<\/div><div class=\"fusion-clearfix\"><\/div><\/div><\/div><div class=\"fusion-layout-column fusion_builder_column fusion-builder-column-1 fusion_builder_column_1_3 1_3 fusion-one-third fusion-column-last\" style=\"--awb-bg-size:cover;width:33.333333333333%;width:calc(33.333333333333% - ( ( 4% ) * 0.33333333333333 ) );\" data-scroll-devices=\"small-visibility,medium-visibility,large-visibility\"><div class=\"fusion-column-wrapper fusion-column-has-shadow fusion-flex-column-wrapper-legacy\"><div class=\"fusion-column-content-centered\"><div class=\"fusion-column-content\"><div class=\"fusion-widget-area awb-widget-area-element fusion-widget-area-1 fusion-content-widget-area\" style=\"--awb-title-size:20px;--awb-title-color:#333333;--awb-padding:0px 0px 0px 0px;\"><style type=\"text\/css\" data-id=\"tweets-widget-2\">#tweets-widget-2 li { border-color:#eaeaea;}<\/style><section id=\"tweets-widget-2\" class=\"widget tweets\" style=\"border-style: solid;border-color: #eaeaea;border-color:transparent;border-width:0px;\">\t\t\t\t\n\t\t<div style=\"overflow:hidden\">\n\t\t\t\t\t\t\t\t\t\t\t<a class=\"twitter-timeline\" data-dnt=\"true\" href=\"https:\/\/twitter.com\/@EPEN_Informa\" data-width=\"500\" data-height=\"300\" width=\"500\" height=\"300\" data-theme=\"light\" data-link-color=\"##25a9bd\" data-border-color=\"#eaeaea\" data-chrome=\"\">Tweets por @EPEN_Informa<\/a>\n\t\t\t\t\t\t\t\n\t\t\t\t\t\t\t\t\t\t\t<script async src=\"\/\/platform.twitter.com\/widgets.js\" charset=\"utf-8\"><\/script>\n\t\t\t\t\t\t\t\n\t\t<\/div>\n\t\t<\/section>\n\t\t<section id=\"recent-posts-3\" class=\"widget widget_recent_entries\" style=\"border-style: solid;border-color:transparent;border-width:0px;\">\n\t\t<div class=\"heading\"><h4 class=\"widget-title\">Entradas recientes<\/h4><\/div>\n\t\t<ul>\n\t\t\t\t\t\t\t\t\t\t\t<li>\n\t\t\t\t\t<a href=\"https:\/\/www.epen.gov.ar\/index.php\/2026\/04\/30\/corte-programado-en-sectores-de-rincon-de-los-sauces-el-02-05-2026\/\">Corte Programado en sectores de Rinc\u00f3n de los Sauces el 02\/05\/2026<\/a>\n\t\t\t\t\t\t\t\t\t\t\t<span class=\"post-date\">30\/04\/2026<\/span>\n\t\t\t\t\t\t\t\t\t<\/li>\n\t\t\t\t\t\t\t\t\t\t\t<li>\n\t\t\t\t\t<a href=\"https:\/\/www.epen.gov.ar\/index.php\/2026\/04\/30\/licitacion-publica-n-14-2026-contratacion-de-servicios-de-desarrollo-y-mantenimiento-de-sistemas-informaticos\/\">LICITACI\u00d3N P\u00daBLICA N\u00b0 14\/2026 CONTRATACI\u00d3N DE SERVICIOS DE DESARROLLO Y MANTENIMIENTO DE SISTEMAS INFORM\u00c1TICOS<\/a>\n\t\t\t\t\t\t\t\t\t\t\t<span class=\"post-date\">30\/04\/2026<\/span>\n\t\t\t\t\t\t\t\t\t<\/li>\n\t\t\t\t\t\t\t\t\t\t\t<li>\n\t\t\t\t\t<a href=\"https:\/\/www.epen.gov.ar\/index.php\/2026\/04\/29\/corte-programado-en-sectores-de-centenario-el-30-04-2026\/\">Corte Programado en sectores de Centenario el 30\/04\/2026<\/a>\n\t\t\t\t\t\t\t\t\t\t\t<span class=\"post-date\">29\/04\/2026<\/span>\n\t\t\t\t\t\t\t\t\t<\/li>\n\t\t\t\t\t\t\t\t\t\t\t<li>\n\t\t\t\t\t<a href=\"https:\/\/www.epen.gov.ar\/index.php\/2026\/04\/28\/el-epen-impulsa-el-desarrollo-de-varvarco-con-nueva-infraestructura-para-17-lotes\/\">El EPEN impulsa el desarrollo de Varvarco con nueva infraestructura para 17 lotes<\/a>\n\t\t\t\t\t\t\t\t\t\t\t<span class=\"post-date\">28\/04\/2026<\/span>\n\t\t\t\t\t\t\t\t\t<\/li>\n\t\t\t\t\t\t\t\t\t\t\t<li>\n\t\t\t\t\t<a href=\"https:\/\/www.epen.gov.ar\/index.php\/2026\/04\/28\/corte-programado-en-sectores-de-zona-nahueve-el-30-04-2026\/\">Corte Programado en sectores de zona Nahueve el 30\/04\/2026<\/a>\n\t\t\t\t\t\t\t\t\t\t\t<span class=\"post-date\">28\/04\/2026<\/span>\n\t\t\t\t\t\t\t\t\t<\/li>\n\t\t\t\t\t<\/ul>\n\n\t\t<\/section><div class=\"fusion-additional-widget-content\"><\/div><\/div><div class=\"fusion-image-element in-legacy-container\" style=\"--awb-caption-title-font-family:var(--h2_typography-font-family);--awb-caption-title-font-weight:var(--h2_typography-font-weight);--awb-caption-title-font-style:var(--h2_typography-font-style);--awb-caption-title-size:var(--h2_typography-font-size);--awb-caption-title-transform:var(--h2_typography-text-transform);--awb-caption-title-line-height:var(--h2_typography-line-height);--awb-caption-title-letter-spacing:var(--h2_typography-letter-spacing);\"><span class=\" fusion-imageframe imageframe-none imageframe-1 hover-type-none\"><a class=\"fusion-no-lightbox\" href=\"https:\/\/www.argentina.gob.ar\/subsidios\" target=\"_self\" aria-label=\"RASE\"><img decoding=\"async\" width=\"287\" height=\"287\" src=\"https:\/\/www.epen.gov.ar\/wp-content\/uploads\/2024\/07\/RASE.gif\" alt class=\"img-responsive wp-image-144805\"\/><\/a><\/span><\/div><div class=\"fusion-image-element in-legacy-container\" style=\"--awb-margin-top:5%;--awb-caption-title-font-family:var(--h2_typography-font-family);--awb-caption-title-font-weight:var(--h2_typography-font-weight);--awb-caption-title-font-style:var(--h2_typography-font-style);--awb-caption-title-size:var(--h2_typography-font-size);--awb-caption-title-transform:var(--h2_typography-text-transform);--awb-caption-title-line-height:var(--h2_typography-line-height);--awb-caption-title-letter-spacing:var(--h2_typography-letter-spacing);\"><span class=\" fusion-imageframe imageframe-none imageframe-2 hover-type-none\"><img decoding=\"async\" width=\"287\" height=\"287\" title=\"Consumos-Invierno-2024\" src=\"https:\/\/www.epen.gov.ar\/wp-content\/uploads\/2024\/05\/Consumos-Invierno-2024.gif\" alt class=\"img-responsive wp-image-138693\"\/><\/span><\/div><\/div><\/div><div class=\"fusion-clearfix\"><\/div><\/div><\/div><\/div><\/div>\n","protected":false},"excerpt":{"rendered":"","protected":false},"author":1,"featured_media":148301,"comment_status":"closed","ping_status":"closed","sticky":false,"template":"","format":"standard","meta":{"_exactmetrics_skip_tracking":false,"_exactmetrics_sitenote_active":false,"_exactmetrics_sitenote_note":"","_exactmetrics_sitenote_category":0,"footnotes":""},"categories":[84],"tags":[175,185,668,147,134,144],"class_list":["post-148288","post","type-post","status-publish","format-standard","has-post-thumbnail","hentry","category-noticias","tag-epen","tag-junin-de-los-andes","tag-rase","tag-san-martin-de-los-andes","tag-subsidios","tag-villa-la-angostura"],"yoast_head":"<!-- This site is optimized with the Yoast SEO plugin v27.2 - https:\/\/yoast.com\/product\/yoast-seo-wordpress\/ -->\n<title>EPEN - EPEN refuerza la atenci\u00f3n en la zona sur para la inscripci\u00f3n a los subsidios<\/title>\n<meta name=\"description\" content=\"EPEN refuerza la atenci\u00f3n en la zona sur para la inscripci\u00f3n a los subsidios Noticias\" \/>\n<meta name=\"robots\" content=\"index, follow, max-snippet:-1, max-image-preview:large, max-video-preview:-1\" \/>\n<link rel=\"canonical\" href=\"https:\/\/www.epen.gov.ar\/index.php\/2024\/08\/14\/epen-refuerza-la-atencion-en-la-zona-sur-para-la-inscripcion-a-los-subsidios\/\" \/>\n<meta property=\"og:locale\" content=\"es_ES\" \/>\n<meta property=\"og:type\" content=\"article\" \/>\n<meta property=\"og:title\" content=\"EPEN - EPEN refuerza la atenci\u00f3n en la zona sur para la inscripci\u00f3n a los subsidios\" \/>\n<meta property=\"og:description\" content=\"EPEN refuerza la atenci\u00f3n en la zona sur para la inscripci\u00f3n a los subsidios Noticias\" \/>\n<meta property=\"og:url\" content=\"https:\/\/www.epen.gov.ar\/index.php\/2024\/08\/14\/epen-refuerza-la-atencion-en-la-zona-sur-para-la-inscripcion-a-los-subsidios\/\" \/>\n<meta property=\"og:site_name\" content=\"EPEN\" \/>\n<meta property=\"article:publisher\" content=\"https:\/\/www.facebook.com\/EPEN.Neuquen\" \/>\n<meta property=\"article:published_time\" content=\"2024-08-14T16:06:15+00:00\" \/>\n<meta property=\"article:modified_time\" content=\"2024-08-14T16:39:03+00:00\" \/>\n<meta property=\"og:image\" content=\"https:\/\/www.epen.gov.ar\/wp-content\/uploads\/2024\/08\/WEB-EPEN_4981.jpg\" \/>\n\t<meta property=\"og:image:width\" content=\"1276\" \/>\n\t<meta property=\"og:image:height\" content=\"630\" \/>\n\t<meta property=\"og:image:type\" content=\"image\/jpeg\" \/>\n<meta name=\"author\" content=\"Prensa EPEN\" \/>\n<meta name=\"twitter:card\" content=\"summary_large_image\" \/>\n<meta name=\"twitter:creator\" content=\"@EPEN_Informa\" \/>\n<meta name=\"twitter:site\" content=\"@EPEN_Informa\" \/>\n<meta name=\"twitter:label1\" content=\"Escrito por\" \/>\n\t<meta name=\"twitter:data1\" content=\"Prensa EPEN\" \/>\n\t<meta name=\"twitter:label2\" content=\"Tiempo de lectura\" \/>\n\t<meta name=\"twitter:data2\" content=\"3 minutos\" \/>\n<script type=\"application\/ld+json\" class=\"yoast-schema-graph\">{\"@context\":\"https:\/\/schema.org\",\"@graph\":[{\"@type\":\"Article\",\"@id\":\"https:\/\/www.epen.gov.ar\/index.php\/2024\/08\/14\/epen-refuerza-la-atencion-en-la-zona-sur-para-la-inscripcion-a-los-subsidios\/#article\",\"isPartOf\":{\"@id\":\"https:\/\/www.epen.gov.ar\/index.php\/2024\/08\/14\/epen-refuerza-la-atencion-en-la-zona-sur-para-la-inscripcion-a-los-subsidios\/\"},\"author\":{\"name\":\"Prensa EPEN\",\"@id\":\"https:\/\/www.epen.gov.ar\/#\/schema\/person\/ce6cff87c2fc01264becc10fa105ad4f\"},\"headline\":\"EPEN refuerza la atenci\u00f3n en la zona sur para la inscripci\u00f3n a los subsidios\",\"datePublished\":\"2024-08-14T16:06:15+00:00\",\"dateModified\":\"2024-08-14T16:39:03+00:00\",\"mainEntityOfPage\":{\"@id\":\"https:\/\/www.epen.gov.ar\/index.php\/2024\/08\/14\/epen-refuerza-la-atencion-en-la-zona-sur-para-la-inscripcion-a-los-subsidios\/\"},\"wordCount\":1878,\"publisher\":{\"@id\":\"https:\/\/www.epen.gov.ar\/#organization\"},\"image\":{\"@id\":\"https:\/\/www.epen.gov.ar\/index.php\/2024\/08\/14\/epen-refuerza-la-atencion-en-la-zona-sur-para-la-inscripcion-a-los-subsidios\/#primaryimage\"},\"thumbnailUrl\":\"https:\/\/www.epen.gov.ar\/wp-content\/uploads\/2024\/08\/WEB-EPEN_4981.jpg\",\"keywords\":[\"EPEN\",\"Jun\u00edn de los Andes\",\"RASE\",\"San Mart\u00edn de los Andes\",\"Subsidios\",\"Villa La Angostura\"],\"articleSection\":[\"Noticias\"],\"inLanguage\":\"es\"},{\"@type\":\"WebPage\",\"@id\":\"https:\/\/www.epen.gov.ar\/index.php\/2024\/08\/14\/epen-refuerza-la-atencion-en-la-zona-sur-para-la-inscripcion-a-los-subsidios\/\",\"url\":\"https:\/\/www.epen.gov.ar\/index.php\/2024\/08\/14\/epen-refuerza-la-atencion-en-la-zona-sur-para-la-inscripcion-a-los-subsidios\/\",\"name\":\"EPEN - EPEN refuerza la atenci\u00f3n en la zona sur para la inscripci\u00f3n a los subsidios\",\"isPartOf\":{\"@id\":\"https:\/\/www.epen.gov.ar\/#website\"},\"primaryImageOfPage\":{\"@id\":\"https:\/\/www.epen.gov.ar\/index.php\/2024\/08\/14\/epen-refuerza-la-atencion-en-la-zona-sur-para-la-inscripcion-a-los-subsidios\/#primaryimage\"},\"image\":{\"@id\":\"https:\/\/www.epen.gov.ar\/index.php\/2024\/08\/14\/epen-refuerza-la-atencion-en-la-zona-sur-para-la-inscripcion-a-los-subsidios\/#primaryimage\"},\"thumbnailUrl\":\"https:\/\/www.epen.gov.ar\/wp-content\/uploads\/2024\/08\/WEB-EPEN_4981.jpg\",\"datePublished\":\"2024-08-14T16:06:15+00:00\",\"dateModified\":\"2024-08-14T16:39:03+00:00\",\"description\":\"EPEN refuerza la atenci\u00f3n en la zona sur para la inscripci\u00f3n a los subsidios Noticias\",\"breadcrumb\":{\"@id\":\"https:\/\/www.epen.gov.ar\/index.php\/2024\/08\/14\/epen-refuerza-la-atencion-en-la-zona-sur-para-la-inscripcion-a-los-subsidios\/#breadcrumb\"},\"inLanguage\":\"es\",\"potentialAction\":[{\"@type\":\"ReadAction\",\"target\":[\"https:\/\/www.epen.gov.ar\/index.php\/2024\/08\/14\/epen-refuerza-la-atencion-en-la-zona-sur-para-la-inscripcion-a-los-subsidios\/\"]}]},{\"@type\":\"ImageObject\",\"inLanguage\":\"es\",\"@id\":\"https:\/\/www.epen.gov.ar\/index.php\/2024\/08\/14\/epen-refuerza-la-atencion-en-la-zona-sur-para-la-inscripcion-a-los-subsidios\/#primaryimage\",\"url\":\"https:\/\/www.epen.gov.ar\/wp-content\/uploads\/2024\/08\/WEB-EPEN_4981.jpg\",\"contentUrl\":\"https:\/\/www.epen.gov.ar\/wp-content\/uploads\/2024\/08\/WEB-EPEN_4981.jpg\",\"width\":1276,\"height\":630},{\"@type\":\"BreadcrumbList\",\"@id\":\"https:\/\/www.epen.gov.ar\/index.php\/2024\/08\/14\/epen-refuerza-la-atencion-en-la-zona-sur-para-la-inscripcion-a-los-subsidios\/#breadcrumb\",\"itemListElement\":[{\"@type\":\"ListItem\",\"position\":1,\"name\":\"Inicio\",\"item\":\"https:\/\/www.epen.gov.ar\/\"},{\"@type\":\"ListItem\",\"position\":2,\"name\":\"EPEN refuerza la atenci\u00f3n en la zona sur para la inscripci\u00f3n a los subsidios\"}]},{\"@type\":\"WebSite\",\"@id\":\"https:\/\/www.epen.gov.ar\/#website\",\"url\":\"https:\/\/www.epen.gov.ar\/\",\"name\":\"EPEN\",\"description\":\"Ente Provincial de Energ\u00eda del Neuqu\u00e9n\",\"publisher\":{\"@id\":\"https:\/\/www.epen.gov.ar\/#organization\"},\"potentialAction\":[{\"@type\":\"SearchAction\",\"target\":{\"@type\":\"EntryPoint\",\"urlTemplate\":\"https:\/\/www.epen.gov.ar\/?s={search_term_string}\"},\"query-input\":{\"@type\":\"PropertyValueSpecification\",\"valueRequired\":true,\"valueName\":\"search_term_string\"}}],\"inLanguage\":\"es\"},{\"@type\":\"Organization\",\"@id\":\"https:\/\/www.epen.gov.ar\/#organization\",\"name\":\"Ente Provincial de Energ\u00eda del Neuqu\u00e9n\",\"url\":\"https:\/\/www.epen.gov.ar\/\",\"logo\":{\"@type\":\"ImageObject\",\"inLanguage\":\"es\",\"@id\":\"https:\/\/www.epen.gov.ar\/#\/schema\/logo\/image\/\",\"url\":\"https:\/\/www.epen.gov.ar\/wp-content\/uploads\/2024\/02\/Logo-EPEN-2.jpg\",\"contentUrl\":\"https:\/\/www.epen.gov.ar\/wp-content\/uploads\/2024\/02\/Logo-EPEN-2.jpg\",\"width\":696,\"height\":696,\"caption\":\"Ente Provincial de Energ\u00eda del Neuqu\u00e9n\"},\"image\":{\"@id\":\"https:\/\/www.epen.gov.ar\/#\/schema\/logo\/image\/\"},\"sameAs\":[\"https:\/\/www.facebook.com\/EPEN.Neuquen\",\"https:\/\/x.com\/EPEN_Informa\",\"https:\/\/www.youtube.com\/@epenprensa7384\"]},{\"@type\":\"Person\",\"@id\":\"https:\/\/www.epen.gov.ar\/#\/schema\/person\/ce6cff87c2fc01264becc10fa105ad4f\",\"name\":\"Prensa EPEN\",\"image\":{\"@type\":\"ImageObject\",\"inLanguage\":\"es\",\"@id\":\"https:\/\/secure.gravatar.com\/avatar\/f8120b8688012ccf2d7fbcf7a970cfbabf0ab63b09c2dbd72c194bee080070e9?s=96&d=mm&r=g\",\"url\":\"https:\/\/secure.gravatar.com\/avatar\/f8120b8688012ccf2d7fbcf7a970cfbabf0ab63b09c2dbd72c194bee080070e9?s=96&d=mm&r=g\",\"contentUrl\":\"https:\/\/secure.gravatar.com\/avatar\/f8120b8688012ccf2d7fbcf7a970cfbabf0ab63b09c2dbd72c194bee080070e9?s=96&d=mm&r=g\",\"caption\":\"Prensa EPEN\"},\"url\":\"https:\/\/www.epen.gov.ar\/index.php\/author\/admin\/\"}]}<\/script>\n<!-- \/ Yoast SEO plugin. -->","yoast_head_json":{"title":"EPEN - EPEN refuerza la atenci\u00f3n en la zona sur para la inscripci\u00f3n a los subsidios","description":"EPEN refuerza la atenci\u00f3n en la zona sur para la inscripci\u00f3n a los subsidios Noticias","robots":{"index":"index","follow":"follow","max-snippet":"max-snippet:-1","max-image-preview":"max-image-preview:large","max-video-preview":"max-video-preview:-1"},"canonical":"https:\/\/www.epen.gov.ar\/index.php\/2024\/08\/14\/epen-refuerza-la-atencion-en-la-zona-sur-para-la-inscripcion-a-los-subsidios\/","og_locale":"es_ES","og_type":"article","og_title":"EPEN - EPEN refuerza la atenci\u00f3n en la zona sur para la inscripci\u00f3n a los subsidios","og_description":"EPEN refuerza la atenci\u00f3n en la zona sur para la inscripci\u00f3n a los subsidios Noticias","og_url":"https:\/\/www.epen.gov.ar\/index.php\/2024\/08\/14\/epen-refuerza-la-atencion-en-la-zona-sur-para-la-inscripcion-a-los-subsidios\/","og_site_name":"EPEN","article_publisher":"https:\/\/www.facebook.com\/EPEN.Neuquen","article_published_time":"2024-08-14T16:06:15+00:00","article_modified_time":"2024-08-14T16:39:03+00:00","og_image":[{"width":1276,"height":630,"url":"https:\/\/www.epen.gov.ar\/wp-content\/uploads\/2024\/08\/WEB-EPEN_4981.jpg","type":"image\/jpeg"}],"author":"Prensa EPEN","twitter_card":"summary_large_image","twitter_creator":"@EPEN_Informa","twitter_site":"@EPEN_Informa","twitter_misc":{"Escrito por":"Prensa EPEN","Tiempo de lectura":"3 minutos"},"schema":{"@context":"https:\/\/schema.org","@graph":[{"@type":"Article","@id":"https:\/\/www.epen.gov.ar\/index.php\/2024\/08\/14\/epen-refuerza-la-atencion-en-la-zona-sur-para-la-inscripcion-a-los-subsidios\/#article","isPartOf":{"@id":"https:\/\/www.epen.gov.ar\/index.php\/2024\/08\/14\/epen-refuerza-la-atencion-en-la-zona-sur-para-la-inscripcion-a-los-subsidios\/"},"author":{"name":"Prensa EPEN","@id":"https:\/\/www.epen.gov.ar\/#\/schema\/person\/ce6cff87c2fc01264becc10fa105ad4f"},"headline":"EPEN refuerza la atenci\u00f3n en la zona sur para la inscripci\u00f3n a los subsidios","datePublished":"2024-08-14T16:06:15+00:00","dateModified":"2024-08-14T16:39:03+00:00","mainEntityOfPage":{"@id":"https:\/\/www.epen.gov.ar\/index.php\/2024\/08\/14\/epen-refuerza-la-atencion-en-la-zona-sur-para-la-inscripcion-a-los-subsidios\/"},"wordCount":1878,"publisher":{"@id":"https:\/\/www.epen.gov.ar\/#organization"},"image":{"@id":"https:\/\/www.epen.gov.ar\/index.php\/2024\/08\/14\/epen-refuerza-la-atencion-en-la-zona-sur-para-la-inscripcion-a-los-subsidios\/#primaryimage"},"thumbnailUrl":"https:\/\/www.epen.gov.ar\/wp-content\/uploads\/2024\/08\/WEB-EPEN_4981.jpg","keywords":["EPEN","Jun\u00edn de los Andes","RASE","San Mart\u00edn de los Andes","Subsidios","Villa La Angostura"],"articleSection":["Noticias"],"inLanguage":"es"},{"@type":"WebPage","@id":"https:\/\/www.epen.gov.ar\/index.php\/2024\/08\/14\/epen-refuerza-la-atencion-en-la-zona-sur-para-la-inscripcion-a-los-subsidios\/","url":"https:\/\/www.epen.gov.ar\/index.php\/2024\/08\/14\/epen-refuerza-la-atencion-en-la-zona-sur-para-la-inscripcion-a-los-subsidios\/","name":"EPEN - EPEN refuerza la atenci\u00f3n en la zona sur para la inscripci\u00f3n a los subsidios","isPartOf":{"@id":"https:\/\/www.epen.gov.ar\/#website"},"primaryImageOfPage":{"@id":"https:\/\/www.epen.gov.ar\/index.php\/2024\/08\/14\/epen-refuerza-la-atencion-en-la-zona-sur-para-la-inscripcion-a-los-subsidios\/#primaryimage"},"image":{"@id":"https:\/\/www.epen.gov.ar\/index.php\/2024\/08\/14\/epen-refuerza-la-atencion-en-la-zona-sur-para-la-inscripcion-a-los-subsidios\/#primaryimage"},"thumbnailUrl":"https:\/\/www.epen.gov.ar\/wp-content\/uploads\/2024\/08\/WEB-EPEN_4981.jpg","datePublished":"2024-08-14T16:06:15+00:00","dateModified":"2024-08-14T16:39:03+00:00","description":"EPEN refuerza la atenci\u00f3n en la zona sur para la inscripci\u00f3n a los subsidios Noticias","breadcrumb":{"@id":"https:\/\/www.epen.gov.ar\/index.php\/2024\/08\/14\/epen-refuerza-la-atencion-en-la-zona-sur-para-la-inscripcion-a-los-subsidios\/#breadcrumb"},"inLanguage":"es","potentialAction":[{"@type":"ReadAction","target":["https:\/\/www.epen.gov.ar\/index.php\/2024\/08\/14\/epen-refuerza-la-atencion-en-la-zona-sur-para-la-inscripcion-a-los-subsidios\/"]}]},{"@type":"ImageObject","inLanguage":"es","@id":"https:\/\/www.epen.gov.ar\/index.php\/2024\/08\/14\/epen-refuerza-la-atencion-en-la-zona-sur-para-la-inscripcion-a-los-subsidios\/#primaryimage","url":"https:\/\/www.epen.gov.ar\/wp-content\/uploads\/2024\/08\/WEB-EPEN_4981.jpg","contentUrl":"https:\/\/www.epen.gov.ar\/wp-content\/uploads\/2024\/08\/WEB-EPEN_4981.jpg","width":1276,"height":630},{"@type":"BreadcrumbList","@id":"https:\/\/www.epen.gov.ar\/index.php\/2024\/08\/14\/epen-refuerza-la-atencion-en-la-zona-sur-para-la-inscripcion-a-los-subsidios\/#breadcrumb","itemListElement":[{"@type":"ListItem","position":1,"name":"Inicio","item":"https:\/\/www.epen.gov.ar\/"},{"@type":"ListItem","position":2,"name":"EPEN refuerza la atenci\u00f3n en la zona sur para la inscripci\u00f3n a los subsidios"}]},{"@type":"WebSite","@id":"https:\/\/www.epen.gov.ar\/#website","url":"https:\/\/www.epen.gov.ar\/","name":"EPEN","description":"Ente Provincial de Energ\u00eda del Neuqu\u00e9n","publisher":{"@id":"https:\/\/www.epen.gov.ar\/#organization"},"potentialAction":[{"@type":"SearchAction","target":{"@type":"EntryPoint","urlTemplate":"https:\/\/www.epen.gov.ar\/?s={search_term_string}"},"query-input":{"@type":"PropertyValueSpecification","valueRequired":true,"valueName":"search_term_string"}}],"inLanguage":"es"},{"@type":"Organization","@id":"https:\/\/www.epen.gov.ar\/#organization","name":"Ente Provincial de Energ\u00eda del Neuqu\u00e9n","url":"https:\/\/www.epen.gov.ar\/","logo":{"@type":"ImageObject","inLanguage":"es","@id":"https:\/\/www.epen.gov.ar\/#\/schema\/logo\/image\/","url":"https:\/\/www.epen.gov.ar\/wp-content\/uploads\/2024\/02\/Logo-EPEN-2.jpg","contentUrl":"https:\/\/www.epen.gov.ar\/wp-content\/uploads\/2024\/02\/Logo-EPEN-2.jpg","width":696,"height":696,"caption":"Ente Provincial de Energ\u00eda del Neuqu\u00e9n"},"image":{"@id":"https:\/\/www.epen.gov.ar\/#\/schema\/logo\/image\/"},"sameAs":["https:\/\/www.facebook.com\/EPEN.Neuquen","https:\/\/x.com\/EPEN_Informa","https:\/\/www.youtube.com\/@epenprensa7384"]},{"@type":"Person","@id":"https:\/\/www.epen.gov.ar\/#\/schema\/person\/ce6cff87c2fc01264becc10fa105ad4f","name":"Prensa EPEN","image":{"@type":"ImageObject","inLanguage":"es","@id":"https:\/\/secure.gravatar.com\/avatar\/f8120b8688012ccf2d7fbcf7a970cfbabf0ab63b09c2dbd72c194bee080070e9?s=96&d=mm&r=g","url":"https:\/\/secure.gravatar.com\/avatar\/f8120b8688012ccf2d7fbcf7a970cfbabf0ab63b09c2dbd72c194bee080070e9?s=96&d=mm&r=g","contentUrl":"https:\/\/secure.gravatar.com\/avatar\/f8120b8688012ccf2d7fbcf7a970cfbabf0ab63b09c2dbd72c194bee080070e9?s=96&d=mm&r=g","caption":"Prensa EPEN"},"url":"https:\/\/www.epen.gov.ar\/index.php\/author\/admin\/"}]}},"_links":{"self":[{"href":"https:\/\/www.epen.gov.ar\/index.php\/wp-json\/wp\/v2\/posts\/148288","targetHints":{"allow":["GET"]}}],"collection":[{"href":"https:\/\/www.epen.gov.ar\/index.php\/wp-json\/wp\/v2\/posts"}],"about":[{"href":"https:\/\/www.epen.gov.ar\/index.php\/wp-json\/wp\/v2\/types\/post"}],"author":[{"embeddable":true,"href":"https:\/\/www.epen.gov.ar\/index.php\/wp-json\/wp\/v2\/users\/1"}],"replies":[{"embeddable":true,"href":"https:\/\/www.epen.gov.ar\/index.php\/wp-json\/wp\/v2\/comments?post=148288"}],"version-history":[{"count":3,"href":"https:\/\/www.epen.gov.ar\/index.php\/wp-json\/wp\/v2\/posts\/148288\/revisions"}],"predecessor-version":[{"id":148328,"href":"https:\/\/www.epen.gov.ar\/index.php\/wp-json\/wp\/v2\/posts\/148288\/revisions\/148328"}],"wp:featuredmedia":[{"embeddable":true,"href":"https:\/\/www.epen.gov.ar\/index.php\/wp-json\/wp\/v2\/media\/148301"}],"wp:attachment":[{"href":"https:\/\/www.epen.gov.ar\/index.php\/wp-json\/wp\/v2\/media?parent=148288"}],"wp:term":[{"taxonomy":"category","embeddable":true,"href":"https:\/\/www.epen.gov.ar\/index.php\/wp-json\/wp\/v2\/categories?post=148288"},{"taxonomy":"post_tag","embeddable":true,"href":"https:\/\/www.epen.gov.ar\/index.php\/wp-json\/wp\/v2\/tags?post=148288"}],"curies":[{"name":"wp","href":"https:\/\/api.w.org\/{rel}","templated":true}]}}