{"id":146691,"date":"2024-07-24T14:47:15","date_gmt":"2024-07-24T17:47:15","guid":{"rendered":"http:\/\/192.168.200.48\/?p=146691"},"modified":"2024-07-24T14:47:15","modified_gmt":"2024-07-24T17:47:15","slug":"avanza-el-operativo-de-mantenimiento-y-recambio-de-luminarias-en-la-ruta-no-7","status":"publish","type":"post","link":"https:\/\/www.epen.gov.ar\/index.php\/2024\/07\/24\/avanza-el-operativo-de-mantenimiento-y-recambio-de-luminarias-en-la-ruta-no-7\/","title":{"rendered":"Avanza el operativo de mantenimiento y recambio de luminarias en la ruta N\u00ba 7"},"content":{"rendered":"<div class=\"fusion-fullwidth fullwidth-box fusion-builder-row-1 nonhundred-percent-fullwidth non-hundred-percent-height-scrolling\" style=\"--awb-border-radius-top-left:0px;--awb-border-radius-top-right:0px;--awb-border-radius-bottom-right:0px;--awb-border-radius-bottom-left:0px;--awb-flex-wrap:wrap;\" ><div class=\"fusion-builder-row fusion-row\"><div class=\"fusion-layout-column fusion_builder_column fusion-builder-column-0 fusion_builder_column_2_3 2_3 fusion-two-third fusion-column-first\" style=\"--awb-bg-size:cover;width:66.666666666667%;width:calc(66.666666666667% - ( ( 4% ) * 0.66666666666667 ) );margin-right: 4%;\"><div class=\"fusion-column-wrapper fusion-column-has-shadow fusion-flex-column-wrapper-legacy\"><div class=\"fusion-text fusion-text-1\"><p>Las tareas se realizan entre Centenario y el acceso a Neuqu\u00e9n, para mejorar la iluminaci\u00f3n vial. Est\u00e1n a cargo del EPEN, Vialidad Provincial y el municipio local.<br \/>\nEl Ente Provincial de Energ\u00eda del Neuqu\u00e9n (EPEN), la Direcci\u00f3n de Provincial de Vialidad (DPV) y el municipio de Centenario, llevan adelante desde el 17 de julio un importante operativo de reparaci\u00f3n y recambio de luminarias, para mejorar la iluminaci\u00f3n de la transitada ruta N\u00ba 7, entre esa localidad y el acceso a Neuqu\u00e9n capital.<\/p>\n<p>Para minimizar los inconvenientes y por cuestiones de seguridad, las tareas sobre la ruta continuar\u00e1n el pr\u00f3ximo domingo 28 de julio, de 8 a 13 horas, en el tramo desde el ex peaje de Centenario hasta la denominada rotonda de Fasinpat, ya que se realizar\u00e1n algunos desv\u00edos de tr\u00e1nsito. Esto se planific\u00f3 a pedido del personal de Tr\u00e1nsito del municipio, debido a que es un horario con menor afluencia de veh\u00edculos.<br \/>\nDurante las tres jornadas de trabajo, el presidente de EPEN, Mario Moya, estuvo supervisando las obras, y aprovech\u00f3 para agradecer el trabajo conjunto con la municipalidad de Centenario y Vialidad Provincial; adem\u00e1s de felicitar al personal del Ente abocado a estas tareas.<\/p>\n<p>El presidente del EPEN explic\u00f3 que ya se reemplazaron 137 artefactos de iluminaci\u00f3n por nuevas l\u00e1mparas de sodio alta presi\u00f3n de 400 watts, desde la primera rotonda de Centenario hasta el ex peaje. Destac\u00f3 que las condiciones del alumbrado vial mejoraron sustancialmente en los sectores donde se intervino.<br \/>\n\u201cDe acuerdo a los lineamientos establecidos por el gobierno provincial para optimizar y trabajar en conjunto entre organismos y municipios, desde la Direcci\u00f3n Provincial de Vialidad, el EPEN y la municipalidad de Centenario, avanzamos en las tareas de mantenimiento del alumbrado vial sobre la ruta N\u00ba7\u201d, indic\u00f3 Moya.<\/p>\n<p><img decoding=\"async\" class=\"alignnone wp-image-146704 \" src=\"https:\/\/www.epen.gov.ar\/wp-content\/uploads\/2024\/07\/web-EPEN-RUTA-7-173-300x167-1.jpg\" alt=\"\" width=\"543\" height=\"302\" srcset=\"https:\/\/www.epen.gov.ar\/wp-content\/uploads\/2024\/07\/web-EPEN-RUTA-7-173-300x167-1-66x37.jpg 66w, https:\/\/www.epen.gov.ar\/wp-content\/uploads\/2024\/07\/web-EPEN-RUTA-7-173-300x167-1-177x99.jpg 177w, https:\/\/www.epen.gov.ar\/wp-content\/uploads\/2024\/07\/web-EPEN-RUTA-7-173-300x167-1-200x111.jpg 200w, https:\/\/www.epen.gov.ar\/wp-content\/uploads\/2024\/07\/web-EPEN-RUTA-7-173-300x167-1.jpg 300w\" sizes=\"(max-width: 543px) 100vw, 543px\" \/><\/p>\n<div style=\"width: 478px;\" class=\"wp-video\"><video class=\"wp-video-shortcode\" id=\"video-146691-1\" width=\"478\" height=\"850\" preload=\"metadata\" controls=\"controls\"><source type=\"video\/mp4\" src=\"https:\/\/www.epen.gov.ar\/wp-content\/uploads\/2024\/07\/Trabajos-Ruta-7.mp4?_=1\" \/><a href=\"https:\/\/www.epen.gov.ar\/wp-content\/uploads\/2024\/07\/Trabajos-Ruta-7.mp4\">https:\/\/www.epen.gov.ar\/wp-content\/uploads\/2024\/07\/Trabajos-Ruta-7.mp4<\/a><\/video><\/div>\n<p><img decoding=\"async\" class=\"alignnone wp-image-126515\" src=\"https:\/\/www.epen.gov.ar\/wp-content\/uploads\/2024\/01\/WEB-Banner-Superior-1280x244.png\" alt=\"\" width=\"655\" height=\"125\" srcset=\"https:\/\/www.epen.gov.ar\/wp-content\/uploads\/2024\/01\/WEB-Banner-Superior-200x38.png 200w, https:\/\/www.epen.gov.ar\/wp-content\/uploads\/2024\/01\/WEB-Banner-Superior-300x57.png 300w, https:\/\/www.epen.gov.ar\/wp-content\/uploads\/2024\/01\/WEB-Banner-Superior-400x76.png 400w, https:\/\/www.epen.gov.ar\/wp-content\/uploads\/2024\/01\/WEB-Banner-Superior-600x115.png 600w, https:\/\/www.epen.gov.ar\/wp-content\/uploads\/2024\/01\/WEB-Banner-Superior-768x147.png 768w, https:\/\/www.epen.gov.ar\/wp-content\/uploads\/2024\/01\/WEB-Banner-Superior-800x153.png 800w, https:\/\/www.epen.gov.ar\/wp-content\/uploads\/2024\/01\/WEB-Banner-Superior-1200x229.png 1200w, https:\/\/www.epen.gov.ar\/wp-content\/uploads\/2024\/01\/WEB-Banner-Superior-1280x244.png 1280w, https:\/\/www.epen.gov.ar\/wp-content\/uploads\/2024\/01\/WEB-Banner-Superior.png 1456w\" sizes=\"(max-width: 655px) 100vw, 655px\" \/><\/p>\n<\/div><div class=\"fusion-clearfix\"><\/div><\/div><\/div><div class=\"fusion-layout-column fusion_builder_column fusion-builder-column-1 fusion_builder_column_1_3 1_3 fusion-one-third fusion-column-last\" style=\"--awb-bg-size:cover;width:33.333333333333%;width:calc(33.333333333333% - ( ( 4% ) * 0.33333333333333 ) );\" data-scroll-devices=\"small-visibility,medium-visibility,large-visibility\"><div class=\"fusion-column-wrapper fusion-column-has-shadow fusion-flex-column-wrapper-legacy\"><div class=\"fusion-column-content-centered\"><div class=\"fusion-column-content\"><div class=\"fusion-widget-area awb-widget-area-element fusion-widget-area-1 fusion-content-widget-area\" style=\"--awb-title-size:20px;--awb-title-color:#333333;--awb-padding:0px 0px 0px 0px;\"><style type=\"text\/css\" data-id=\"tweets-widget-2\">#tweets-widget-2 li { border-color:#eaeaea;}<\/style><section id=\"tweets-widget-2\" class=\"widget tweets\" style=\"border-style: solid;border-color: #eaeaea;border-color:transparent;border-width:0px;\">\t\t\t\t\n\t\t<div style=\"overflow:hidden\">\n\t\t\t\t\t\t\t\t\t\t\t<a class=\"twitter-timeline\" data-dnt=\"true\" href=\"https:\/\/twitter.com\/@EPEN_Informa\" data-width=\"500\" data-height=\"300\" width=\"500\" height=\"300\" data-theme=\"light\" data-link-color=\"##25a9bd\" data-border-color=\"#eaeaea\" data-chrome=\"\">Tweets por @EPEN_Informa<\/a>\n\t\t\t\t\t\t\t\n\t\t\t\t\t\t\t\t\t\t\t<script async src=\"\/\/platform.twitter.com\/widgets.js\" charset=\"utf-8\"><\/script>\n\t\t\t\t\t\t\t\n\t\t<\/div>\n\t\t<\/section>\n\t\t<section id=\"recent-posts-3\" class=\"widget widget_recent_entries\" style=\"border-style: solid;border-color:transparent;border-width:0px;\">\n\t\t<div class=\"heading\"><h4 class=\"widget-title\">Entradas recientes<\/h4><\/div>\n\t\t<ul>\n\t\t\t\t\t\t\t\t\t\t\t<li>\n\t\t\t\t\t<a href=\"https:\/\/www.epen.gov.ar\/index.php\/2026\/04\/30\/corte-programado-en-sectores-de-rincon-de-los-sauces-el-02-05-2026\/\">Corte Programado en sectores de Rinc\u00f3n de los Sauces el 02\/05\/2026<\/a>\n\t\t\t\t\t\t\t\t\t\t\t<span class=\"post-date\">30\/04\/2026<\/span>\n\t\t\t\t\t\t\t\t\t<\/li>\n\t\t\t\t\t\t\t\t\t\t\t<li>\n\t\t\t\t\t<a href=\"https:\/\/www.epen.gov.ar\/index.php\/2026\/04\/30\/licitacion-publica-n-14-2026-contratacion-de-servicios-de-desarrollo-y-mantenimiento-de-sistemas-informaticos\/\">LICITACI\u00d3N P\u00daBLICA N\u00b0 14\/2026 CONTRATACI\u00d3N DE SERVICIOS DE DESARROLLO Y MANTENIMIENTO DE SISTEMAS INFORM\u00c1TICOS<\/a>\n\t\t\t\t\t\t\t\t\t\t\t<span class=\"post-date\">30\/04\/2026<\/span>\n\t\t\t\t\t\t\t\t\t<\/li>\n\t\t\t\t\t\t\t\t\t\t\t<li>\n\t\t\t\t\t<a href=\"https:\/\/www.epen.gov.ar\/index.php\/2026\/04\/29\/corte-programado-en-sectores-de-centenario-el-30-04-2026\/\">Corte Programado en sectores de Centenario el 30\/04\/2026<\/a>\n\t\t\t\t\t\t\t\t\t\t\t<span class=\"post-date\">29\/04\/2026<\/span>\n\t\t\t\t\t\t\t\t\t<\/li>\n\t\t\t\t\t\t\t\t\t\t\t<li>\n\t\t\t\t\t<a href=\"https:\/\/www.epen.gov.ar\/index.php\/2026\/04\/28\/el-epen-impulsa-el-desarrollo-de-varvarco-con-nueva-infraestructura-para-17-lotes\/\">El EPEN impulsa el desarrollo de Varvarco con nueva infraestructura para 17 lotes<\/a>\n\t\t\t\t\t\t\t\t\t\t\t<span class=\"post-date\">28\/04\/2026<\/span>\n\t\t\t\t\t\t\t\t\t<\/li>\n\t\t\t\t\t\t\t\t\t\t\t<li>\n\t\t\t\t\t<a href=\"https:\/\/www.epen.gov.ar\/index.php\/2026\/04\/28\/corte-programado-en-sectores-de-zona-nahueve-el-30-04-2026\/\">Corte Programado en sectores de zona Nahueve el 30\/04\/2026<\/a>\n\t\t\t\t\t\t\t\t\t\t\t<span class=\"post-date\">28\/04\/2026<\/span>\n\t\t\t\t\t\t\t\t\t<\/li>\n\t\t\t\t\t<\/ul>\n\n\t\t<\/section><div class=\"fusion-additional-widget-content\"><\/div><\/div><div class=\"fusion-image-element in-legacy-container\" style=\"--awb-caption-title-font-family:var(--h2_typography-font-family);--awb-caption-title-font-weight:var(--h2_typography-font-weight);--awb-caption-title-font-style:var(--h2_typography-font-style);--awb-caption-title-size:var(--h2_typography-font-size);--awb-caption-title-transform:var(--h2_typography-text-transform);--awb-caption-title-line-height:var(--h2_typography-line-height);--awb-caption-title-letter-spacing:var(--h2_typography-letter-spacing);\"><span class=\" fusion-imageframe imageframe-none imageframe-1 hover-type-none\"><a class=\"fusion-no-lightbox\" href=\"https:\/\/www.argentina.gob.ar\/subsidios\" target=\"_self\" aria-label=\"RASE\"><img decoding=\"async\" width=\"287\" height=\"287\" src=\"https:\/\/www.epen.gov.ar\/wp-content\/uploads\/2024\/07\/RASE.gif\" alt class=\"img-responsive wp-image-144805\"\/><\/a><\/span><\/div><div class=\"fusion-image-element in-legacy-container\" style=\"--awb-margin-top:5%;--awb-caption-title-font-family:var(--h2_typography-font-family);--awb-caption-title-font-weight:var(--h2_typography-font-weight);--awb-caption-title-font-style:var(--h2_typography-font-style);--awb-caption-title-size:var(--h2_typography-font-size);--awb-caption-title-transform:var(--h2_typography-text-transform);--awb-caption-title-line-height:var(--h2_typography-line-height);--awb-caption-title-letter-spacing:var(--h2_typography-letter-spacing);\"><span class=\" fusion-imageframe imageframe-none imageframe-2 hover-type-none\"><img decoding=\"async\" width=\"287\" height=\"287\" title=\"Consumos-Invierno-2024\" src=\"https:\/\/www.epen.gov.ar\/wp-content\/uploads\/2024\/05\/Consumos-Invierno-2024.gif\" alt class=\"img-responsive wp-image-138693\"\/><\/span><\/div><\/div><\/div><div class=\"fusion-clearfix\"><\/div><\/div><\/div><\/div><\/div>\n","protected":false},"excerpt":{"rendered":"","protected":false},"author":1,"featured_media":146705,"comment_status":"closed","ping_status":"closed","sticky":false,"template":"","format":"standard","meta":{"_exactmetrics_skip_tracking":false,"_exactmetrics_sitenote_active":false,"_exactmetrics_sitenote_note":"","_exactmetrics_sitenote_category":0,"footnotes":""},"categories":[84],"tags":[],"class_list":["post-146691","post","type-post","status-publish","format-standard","has-post-thumbnail","hentry","category-noticias"],"yoast_head":"<!-- This site is optimized with the Yoast SEO plugin v27.2 - https:\/\/yoast.com\/product\/yoast-seo-wordpress\/ -->\n<title>EPEN - Avanza el operativo de mantenimiento y recambio de luminarias en la ruta N\u00ba 7<\/title>\n<meta name=\"description\" content=\"Avanza el operativo de mantenimiento y recambio de luminarias en la ruta N\u00ba 7 Noticias\" \/>\n<meta name=\"robots\" content=\"index, follow, max-snippet:-1, max-image-preview:large, max-video-preview:-1\" \/>\n<link rel=\"canonical\" href=\"https:\/\/www.epen.gov.ar\/index.php\/2024\/07\/24\/avanza-el-operativo-de-mantenimiento-y-recambio-de-luminarias-en-la-ruta-no-7\/\" \/>\n<meta property=\"og:locale\" content=\"es_ES\" \/>\n<meta property=\"og:type\" content=\"article\" \/>\n<meta property=\"og:title\" content=\"EPEN - Avanza el operativo de mantenimiento y recambio de luminarias en la ruta N\u00ba 7\" \/>\n<meta property=\"og:description\" content=\"Avanza el operativo de mantenimiento y recambio de luminarias en la ruta N\u00ba 7 Noticias\" \/>\n<meta property=\"og:url\" content=\"https:\/\/www.epen.gov.ar\/index.php\/2024\/07\/24\/avanza-el-operativo-de-mantenimiento-y-recambio-de-luminarias-en-la-ruta-no-7\/\" \/>\n<meta property=\"og:site_name\" content=\"EPEN\" \/>\n<meta property=\"article:publisher\" content=\"https:\/\/www.facebook.com\/EPEN.Neuquen\" \/>\n<meta property=\"article:published_time\" content=\"2024-07-24T17:47:15+00:00\" \/>\n<meta property=\"og:image\" content=\"https:\/\/www.epen.gov.ar\/wp-content\/uploads\/2024\/07\/web-EPEN-RUTA-7-763.jpg\" \/>\n\t<meta property=\"og:image:width\" content=\"1276\" \/>\n\t<meta property=\"og:image:height\" content=\"630\" \/>\n\t<meta property=\"og:image:type\" content=\"image\/jpeg\" \/>\n<meta name=\"author\" content=\"Prensa EPEN\" \/>\n<meta name=\"twitter:card\" content=\"summary_large_image\" \/>\n<meta name=\"twitter:creator\" content=\"@EPEN_Informa\" \/>\n<meta name=\"twitter:site\" content=\"@EPEN_Informa\" \/>\n<meta name=\"twitter:label1\" content=\"Escrito por\" \/>\n\t<meta name=\"twitter:data1\" content=\"Prensa EPEN\" \/>\n\t<meta name=\"twitter:label2\" content=\"Tiempo de lectura\" \/>\n\t<meta name=\"twitter:data2\" content=\"3 minutos\" \/>\n<script type=\"application\/ld+json\" class=\"yoast-schema-graph\">{\"@context\":\"https:\/\/schema.org\",\"@graph\":[{\"@type\":\"Article\",\"@id\":\"https:\/\/www.epen.gov.ar\/index.php\/2024\/07\/24\/avanza-el-operativo-de-mantenimiento-y-recambio-de-luminarias-en-la-ruta-no-7\/#article\",\"isPartOf\":{\"@id\":\"https:\/\/www.epen.gov.ar\/index.php\/2024\/07\/24\/avanza-el-operativo-de-mantenimiento-y-recambio-de-luminarias-en-la-ruta-no-7\/\"},\"author\":{\"name\":\"Prensa EPEN\",\"@id\":\"https:\/\/www.epen.gov.ar\/#\/schema\/person\/ce6cff87c2fc01264becc10fa105ad4f\"},\"headline\":\"Avanza el operativo de mantenimiento y recambio de luminarias en la ruta N\u00ba 7\",\"datePublished\":\"2024-07-24T17:47:15+00:00\",\"mainEntityOfPage\":{\"@id\":\"https:\/\/www.epen.gov.ar\/index.php\/2024\/07\/24\/avanza-el-operativo-de-mantenimiento-y-recambio-de-luminarias-en-la-ruta-no-7\/\"},\"wordCount\":1804,\"publisher\":{\"@id\":\"https:\/\/www.epen.gov.ar\/#organization\"},\"image\":{\"@id\":\"https:\/\/www.epen.gov.ar\/index.php\/2024\/07\/24\/avanza-el-operativo-de-mantenimiento-y-recambio-de-luminarias-en-la-ruta-no-7\/#primaryimage\"},\"thumbnailUrl\":\"https:\/\/www.epen.gov.ar\/wp-content\/uploads\/2024\/07\/web-EPEN-RUTA-7-763.jpg\",\"articleSection\":[\"Noticias\"],\"inLanguage\":\"es\"},{\"@type\":\"WebPage\",\"@id\":\"https:\/\/www.epen.gov.ar\/index.php\/2024\/07\/24\/avanza-el-operativo-de-mantenimiento-y-recambio-de-luminarias-en-la-ruta-no-7\/\",\"url\":\"https:\/\/www.epen.gov.ar\/index.php\/2024\/07\/24\/avanza-el-operativo-de-mantenimiento-y-recambio-de-luminarias-en-la-ruta-no-7\/\",\"name\":\"EPEN - Avanza el operativo de mantenimiento y recambio de luminarias en la ruta N\u00ba 7\",\"isPartOf\":{\"@id\":\"https:\/\/www.epen.gov.ar\/#website\"},\"primaryImageOfPage\":{\"@id\":\"https:\/\/www.epen.gov.ar\/index.php\/2024\/07\/24\/avanza-el-operativo-de-mantenimiento-y-recambio-de-luminarias-en-la-ruta-no-7\/#primaryimage\"},\"image\":{\"@id\":\"https:\/\/www.epen.gov.ar\/index.php\/2024\/07\/24\/avanza-el-operativo-de-mantenimiento-y-recambio-de-luminarias-en-la-ruta-no-7\/#primaryimage\"},\"thumbnailUrl\":\"https:\/\/www.epen.gov.ar\/wp-content\/uploads\/2024\/07\/web-EPEN-RUTA-7-763.jpg\",\"datePublished\":\"2024-07-24T17:47:15+00:00\",\"description\":\"Avanza el operativo de mantenimiento y recambio de luminarias en la ruta N\u00ba 7 Noticias\",\"breadcrumb\":{\"@id\":\"https:\/\/www.epen.gov.ar\/index.php\/2024\/07\/24\/avanza-el-operativo-de-mantenimiento-y-recambio-de-luminarias-en-la-ruta-no-7\/#breadcrumb\"},\"inLanguage\":\"es\",\"potentialAction\":[{\"@type\":\"ReadAction\",\"target\":[\"https:\/\/www.epen.gov.ar\/index.php\/2024\/07\/24\/avanza-el-operativo-de-mantenimiento-y-recambio-de-luminarias-en-la-ruta-no-7\/\"]}]},{\"@type\":\"ImageObject\",\"inLanguage\":\"es\",\"@id\":\"https:\/\/www.epen.gov.ar\/index.php\/2024\/07\/24\/avanza-el-operativo-de-mantenimiento-y-recambio-de-luminarias-en-la-ruta-no-7\/#primaryimage\",\"url\":\"https:\/\/www.epen.gov.ar\/wp-content\/uploads\/2024\/07\/web-EPEN-RUTA-7-763.jpg\",\"contentUrl\":\"https:\/\/www.epen.gov.ar\/wp-content\/uploads\/2024\/07\/web-EPEN-RUTA-7-763.jpg\",\"width\":1276,\"height\":630},{\"@type\":\"BreadcrumbList\",\"@id\":\"https:\/\/www.epen.gov.ar\/index.php\/2024\/07\/24\/avanza-el-operativo-de-mantenimiento-y-recambio-de-luminarias-en-la-ruta-no-7\/#breadcrumb\",\"itemListElement\":[{\"@type\":\"ListItem\",\"position\":1,\"name\":\"Inicio\",\"item\":\"https:\/\/www.epen.gov.ar\/\"},{\"@type\":\"ListItem\",\"position\":2,\"name\":\"Avanza el operativo de mantenimiento y recambio de luminarias en la ruta N\u00ba 7\"}]},{\"@type\":\"WebSite\",\"@id\":\"https:\/\/www.epen.gov.ar\/#website\",\"url\":\"https:\/\/www.epen.gov.ar\/\",\"name\":\"EPEN\",\"description\":\"Ente Provincial de Energ\u00eda del Neuqu\u00e9n\",\"publisher\":{\"@id\":\"https:\/\/www.epen.gov.ar\/#organization\"},\"potentialAction\":[{\"@type\":\"SearchAction\",\"target\":{\"@type\":\"EntryPoint\",\"urlTemplate\":\"https:\/\/www.epen.gov.ar\/?s={search_term_string}\"},\"query-input\":{\"@type\":\"PropertyValueSpecification\",\"valueRequired\":true,\"valueName\":\"search_term_string\"}}],\"inLanguage\":\"es\"},{\"@type\":\"Organization\",\"@id\":\"https:\/\/www.epen.gov.ar\/#organization\",\"name\":\"Ente Provincial de Energ\u00eda del Neuqu\u00e9n\",\"url\":\"https:\/\/www.epen.gov.ar\/\",\"logo\":{\"@type\":\"ImageObject\",\"inLanguage\":\"es\",\"@id\":\"https:\/\/www.epen.gov.ar\/#\/schema\/logo\/image\/\",\"url\":\"https:\/\/www.epen.gov.ar\/wp-content\/uploads\/2024\/02\/Logo-EPEN-2.jpg\",\"contentUrl\":\"https:\/\/www.epen.gov.ar\/wp-content\/uploads\/2024\/02\/Logo-EPEN-2.jpg\",\"width\":696,\"height\":696,\"caption\":\"Ente Provincial de Energ\u00eda del Neuqu\u00e9n\"},\"image\":{\"@id\":\"https:\/\/www.epen.gov.ar\/#\/schema\/logo\/image\/\"},\"sameAs\":[\"https:\/\/www.facebook.com\/EPEN.Neuquen\",\"https:\/\/x.com\/EPEN_Informa\",\"https:\/\/www.youtube.com\/@epenprensa7384\"]},{\"@type\":\"Person\",\"@id\":\"https:\/\/www.epen.gov.ar\/#\/schema\/person\/ce6cff87c2fc01264becc10fa105ad4f\",\"name\":\"Prensa EPEN\",\"image\":{\"@type\":\"ImageObject\",\"inLanguage\":\"es\",\"@id\":\"https:\/\/secure.gravatar.com\/avatar\/f8120b8688012ccf2d7fbcf7a970cfbabf0ab63b09c2dbd72c194bee080070e9?s=96&d=mm&r=g\",\"url\":\"https:\/\/secure.gravatar.com\/avatar\/f8120b8688012ccf2d7fbcf7a970cfbabf0ab63b09c2dbd72c194bee080070e9?s=96&d=mm&r=g\",\"contentUrl\":\"https:\/\/secure.gravatar.com\/avatar\/f8120b8688012ccf2d7fbcf7a970cfbabf0ab63b09c2dbd72c194bee080070e9?s=96&d=mm&r=g\",\"caption\":\"Prensa EPEN\"},\"url\":\"https:\/\/www.epen.gov.ar\/index.php\/author\/admin\/\"}]}<\/script>\n<!-- \/ Yoast SEO plugin. -->","yoast_head_json":{"title":"EPEN - Avanza el operativo de mantenimiento y recambio de luminarias en la ruta N\u00ba 7","description":"Avanza el operativo de mantenimiento y recambio de luminarias en la ruta N\u00ba 7 Noticias","robots":{"index":"index","follow":"follow","max-snippet":"max-snippet:-1","max-image-preview":"max-image-preview:large","max-video-preview":"max-video-preview:-1"},"canonical":"https:\/\/www.epen.gov.ar\/index.php\/2024\/07\/24\/avanza-el-operativo-de-mantenimiento-y-recambio-de-luminarias-en-la-ruta-no-7\/","og_locale":"es_ES","og_type":"article","og_title":"EPEN - Avanza el operativo de mantenimiento y recambio de luminarias en la ruta N\u00ba 7","og_description":"Avanza el operativo de mantenimiento y recambio de luminarias en la ruta N\u00ba 7 Noticias","og_url":"https:\/\/www.epen.gov.ar\/index.php\/2024\/07\/24\/avanza-el-operativo-de-mantenimiento-y-recambio-de-luminarias-en-la-ruta-no-7\/","og_site_name":"EPEN","article_publisher":"https:\/\/www.facebook.com\/EPEN.Neuquen","article_published_time":"2024-07-24T17:47:15+00:00","og_image":[{"width":1276,"height":630,"url":"https:\/\/www.epen.gov.ar\/wp-content\/uploads\/2024\/07\/web-EPEN-RUTA-7-763.jpg","type":"image\/jpeg"}],"author":"Prensa EPEN","twitter_card":"summary_large_image","twitter_creator":"@EPEN_Informa","twitter_site":"@EPEN_Informa","twitter_misc":{"Escrito por":"Prensa EPEN","Tiempo de lectura":"3 minutos"},"schema":{"@context":"https:\/\/schema.org","@graph":[{"@type":"Article","@id":"https:\/\/www.epen.gov.ar\/index.php\/2024\/07\/24\/avanza-el-operativo-de-mantenimiento-y-recambio-de-luminarias-en-la-ruta-no-7\/#article","isPartOf":{"@id":"https:\/\/www.epen.gov.ar\/index.php\/2024\/07\/24\/avanza-el-operativo-de-mantenimiento-y-recambio-de-luminarias-en-la-ruta-no-7\/"},"author":{"name":"Prensa EPEN","@id":"https:\/\/www.epen.gov.ar\/#\/schema\/person\/ce6cff87c2fc01264becc10fa105ad4f"},"headline":"Avanza el operativo de mantenimiento y recambio de luminarias en la ruta N\u00ba 7","datePublished":"2024-07-24T17:47:15+00:00","mainEntityOfPage":{"@id":"https:\/\/www.epen.gov.ar\/index.php\/2024\/07\/24\/avanza-el-operativo-de-mantenimiento-y-recambio-de-luminarias-en-la-ruta-no-7\/"},"wordCount":1804,"publisher":{"@id":"https:\/\/www.epen.gov.ar\/#organization"},"image":{"@id":"https:\/\/www.epen.gov.ar\/index.php\/2024\/07\/24\/avanza-el-operativo-de-mantenimiento-y-recambio-de-luminarias-en-la-ruta-no-7\/#primaryimage"},"thumbnailUrl":"https:\/\/www.epen.gov.ar\/wp-content\/uploads\/2024\/07\/web-EPEN-RUTA-7-763.jpg","articleSection":["Noticias"],"inLanguage":"es"},{"@type":"WebPage","@id":"https:\/\/www.epen.gov.ar\/index.php\/2024\/07\/24\/avanza-el-operativo-de-mantenimiento-y-recambio-de-luminarias-en-la-ruta-no-7\/","url":"https:\/\/www.epen.gov.ar\/index.php\/2024\/07\/24\/avanza-el-operativo-de-mantenimiento-y-recambio-de-luminarias-en-la-ruta-no-7\/","name":"EPEN - Avanza el operativo de mantenimiento y recambio de luminarias en la ruta N\u00ba 7","isPartOf":{"@id":"https:\/\/www.epen.gov.ar\/#website"},"primaryImageOfPage":{"@id":"https:\/\/www.epen.gov.ar\/index.php\/2024\/07\/24\/avanza-el-operativo-de-mantenimiento-y-recambio-de-luminarias-en-la-ruta-no-7\/#primaryimage"},"image":{"@id":"https:\/\/www.epen.gov.ar\/index.php\/2024\/07\/24\/avanza-el-operativo-de-mantenimiento-y-recambio-de-luminarias-en-la-ruta-no-7\/#primaryimage"},"thumbnailUrl":"https:\/\/www.epen.gov.ar\/wp-content\/uploads\/2024\/07\/web-EPEN-RUTA-7-763.jpg","datePublished":"2024-07-24T17:47:15+00:00","description":"Avanza el operativo de mantenimiento y recambio de luminarias en la ruta N\u00ba 7 Noticias","breadcrumb":{"@id":"https:\/\/www.epen.gov.ar\/index.php\/2024\/07\/24\/avanza-el-operativo-de-mantenimiento-y-recambio-de-luminarias-en-la-ruta-no-7\/#breadcrumb"},"inLanguage":"es","potentialAction":[{"@type":"ReadAction","target":["https:\/\/www.epen.gov.ar\/index.php\/2024\/07\/24\/avanza-el-operativo-de-mantenimiento-y-recambio-de-luminarias-en-la-ruta-no-7\/"]}]},{"@type":"ImageObject","inLanguage":"es","@id":"https:\/\/www.epen.gov.ar\/index.php\/2024\/07\/24\/avanza-el-operativo-de-mantenimiento-y-recambio-de-luminarias-en-la-ruta-no-7\/#primaryimage","url":"https:\/\/www.epen.gov.ar\/wp-content\/uploads\/2024\/07\/web-EPEN-RUTA-7-763.jpg","contentUrl":"https:\/\/www.epen.gov.ar\/wp-content\/uploads\/2024\/07\/web-EPEN-RUTA-7-763.jpg","width":1276,"height":630},{"@type":"BreadcrumbList","@id":"https:\/\/www.epen.gov.ar\/index.php\/2024\/07\/24\/avanza-el-operativo-de-mantenimiento-y-recambio-de-luminarias-en-la-ruta-no-7\/#breadcrumb","itemListElement":[{"@type":"ListItem","position":1,"name":"Inicio","item":"https:\/\/www.epen.gov.ar\/"},{"@type":"ListItem","position":2,"name":"Avanza el operativo de mantenimiento y recambio de luminarias en la ruta N\u00ba 7"}]},{"@type":"WebSite","@id":"https:\/\/www.epen.gov.ar\/#website","url":"https:\/\/www.epen.gov.ar\/","name":"EPEN","description":"Ente Provincial de Energ\u00eda del Neuqu\u00e9n","publisher":{"@id":"https:\/\/www.epen.gov.ar\/#organization"},"potentialAction":[{"@type":"SearchAction","target":{"@type":"EntryPoint","urlTemplate":"https:\/\/www.epen.gov.ar\/?s={search_term_string}"},"query-input":{"@type":"PropertyValueSpecification","valueRequired":true,"valueName":"search_term_string"}}],"inLanguage":"es"},{"@type":"Organization","@id":"https:\/\/www.epen.gov.ar\/#organization","name":"Ente Provincial de Energ\u00eda del Neuqu\u00e9n","url":"https:\/\/www.epen.gov.ar\/","logo":{"@type":"ImageObject","inLanguage":"es","@id":"https:\/\/www.epen.gov.ar\/#\/schema\/logo\/image\/","url":"https:\/\/www.epen.gov.ar\/wp-content\/uploads\/2024\/02\/Logo-EPEN-2.jpg","contentUrl":"https:\/\/www.epen.gov.ar\/wp-content\/uploads\/2024\/02\/Logo-EPEN-2.jpg","width":696,"height":696,"caption":"Ente Provincial de Energ\u00eda del Neuqu\u00e9n"},"image":{"@id":"https:\/\/www.epen.gov.ar\/#\/schema\/logo\/image\/"},"sameAs":["https:\/\/www.facebook.com\/EPEN.Neuquen","https:\/\/x.com\/EPEN_Informa","https:\/\/www.youtube.com\/@epenprensa7384"]},{"@type":"Person","@id":"https:\/\/www.epen.gov.ar\/#\/schema\/person\/ce6cff87c2fc01264becc10fa105ad4f","name":"Prensa EPEN","image":{"@type":"ImageObject","inLanguage":"es","@id":"https:\/\/secure.gravatar.com\/avatar\/f8120b8688012ccf2d7fbcf7a970cfbabf0ab63b09c2dbd72c194bee080070e9?s=96&d=mm&r=g","url":"https:\/\/secure.gravatar.com\/avatar\/f8120b8688012ccf2d7fbcf7a970cfbabf0ab63b09c2dbd72c194bee080070e9?s=96&d=mm&r=g","contentUrl":"https:\/\/secure.gravatar.com\/avatar\/f8120b8688012ccf2d7fbcf7a970cfbabf0ab63b09c2dbd72c194bee080070e9?s=96&d=mm&r=g","caption":"Prensa EPEN"},"url":"https:\/\/www.epen.gov.ar\/index.php\/author\/admin\/"}]}},"_links":{"self":[{"href":"https:\/\/www.epen.gov.ar\/index.php\/wp-json\/wp\/v2\/posts\/146691","targetHints":{"allow":["GET"]}}],"collection":[{"href":"https:\/\/www.epen.gov.ar\/index.php\/wp-json\/wp\/v2\/posts"}],"about":[{"href":"https:\/\/www.epen.gov.ar\/index.php\/wp-json\/wp\/v2\/types\/post"}],"author":[{"embeddable":true,"href":"https:\/\/www.epen.gov.ar\/index.php\/wp-json\/wp\/v2\/users\/1"}],"replies":[{"embeddable":true,"href":"https:\/\/www.epen.gov.ar\/index.php\/wp-json\/wp\/v2\/comments?post=146691"}],"version-history":[{"count":2,"href":"https:\/\/www.epen.gov.ar\/index.php\/wp-json\/wp\/v2\/posts\/146691\/revisions"}],"predecessor-version":[{"id":146720,"href":"https:\/\/www.epen.gov.ar\/index.php\/wp-json\/wp\/v2\/posts\/146691\/revisions\/146720"}],"wp:featuredmedia":[{"embeddable":true,"href":"https:\/\/www.epen.gov.ar\/index.php\/wp-json\/wp\/v2\/media\/146705"}],"wp:attachment":[{"href":"https:\/\/www.epen.gov.ar\/index.php\/wp-json\/wp\/v2\/media?parent=146691"}],"wp:term":[{"taxonomy":"category","embeddable":true,"href":"https:\/\/www.epen.gov.ar\/index.php\/wp-json\/wp\/v2\/categories?post=146691"},{"taxonomy":"post_tag","embeddable":true,"href":"https:\/\/www.epen.gov.ar\/index.php\/wp-json\/wp\/v2\/tags?post=146691"}],"curies":[{"name":"wp","href":"https:\/\/api.w.org\/{rel}","templated":true}]}}