{"id":13424,"date":"2020-07-22T11:36:10","date_gmt":"2020-07-22T14:36:10","guid":{"rendered":"http:\/\/192.168.200.48\/?p=13424"},"modified":"2020-07-22T11:36:10","modified_gmt":"2020-07-22T14:36:10","slug":"se-trabaja-sobre-la-linea-a-piedra-del-aguila","status":"publish","type":"post","link":"https:\/\/www.epen.gov.ar\/index.php\/2020\/07\/22\/se-trabaja-sobre-la-linea-a-piedra-del-aguila\/","title":{"rendered":"Se trabaja sobre la l\u00ednea a Piedra del \u00c1guila"},"content":{"rendered":"<div class=\"fusion-fullwidth fullwidth-box fusion-builder-row-1 nonhundred-percent-fullwidth non-hundred-percent-height-scrolling\" style=\"--awb-border-radius-top-left:0px;--awb-border-radius-top-right:0px;--awb-border-radius-bottom-right:0px;--awb-border-radius-bottom-left:0px;--awb-flex-wrap:wrap;\" ><div class=\"fusion-builder-row fusion-row\"><div class=\"fusion-layout-column fusion_builder_column fusion-builder-column-0 fusion_builder_column_2_3 2_3 fusion-two-third fusion-column-first\" style=\"--awb-bg-size:cover;width:66.666666666667%;width:calc(66.666666666667% - ( ( 4% ) * 0.66666666666667 ) );margin-right: 4%;\"><div class=\"fusion-column-wrapper fusion-column-has-shadow fusion-flex-column-wrapper-legacy\"><div class=\"fusion-text fusion-text-1\"><p><em><strong>Varias cuadrillas recorrieron las instalaciones durante la noche por presencia de manguitos de hielo. Si bien el servicio se repuso a las 8:30, volvi\u00f3 a salir de servicio. Contin\u00faan trabajando.<\/strong><\/em><\/p>\n<p>El Ente Provincial de Energ\u00eda del Neuqu\u00e9n (EPEN) dependiente de la Secretar\u00eda General y Servicio P\u00fablicos informa que 08:33 hs se normalizaba la demanda hacia la subestaci\u00f3n de la localidad de Piedra del \u00c1guila luego de un trabajo constante anoche, cuando fall\u00f3 la l\u00ednea que va desde la zona de Bajada Colorada hacia Piedra del \u00c1guila presentando dos fallas, tanto a las 20:30 y nuevamente 21:30 horas.<\/p>\n<p>Desde all\u00ed se coordin\u00f3 intento de reposici\u00f3n de la l\u00ednea a Piedra. Al finalizar el recorrido con personal tanto de mantenimiento, como de Obras del Parque E\u00f3lico y la colaboraci\u00f3n de operativos de la central hidr\u00e1ulica, y varias camionetas 4&#215;4 con cadenas, se logra energizar la l\u00ednea de alta tensi\u00f3n en vac\u00edo a prueba.<\/p>\n<p>Pero las fallas persistieron y el personal continu\u00f3 verificando en las l\u00edneas la presencia de manguitos de hielo y coordinando pruebas para la energizaci\u00f3n.<\/p>\n<p>Hacia las 4.55 quedaban normalizados los consumos de la ciudad de Piedra, pero luego nuevamente salieron de servicio.<\/p>\n<p>Con todas las dificultades dadas por las condiciones temporales en la zona, la cuadrilla pudo seguir el recorrido hasta Piedra del \u00c1guila y tratar de adecuar los lugares con acumulaci\u00f3n de nieve, se energiz\u00f3 en vac\u00edo y se realizaron maniobras para intentar tomar carga.<\/p>\n<p>A las 8:33 hs se normaliz\u00f3 la demanda y a las 10:13 sali\u00f3 de servicio la subestaci\u00f3n. Personal de mantenimiento l\u00edneas se encuentra coordinando operativo para continua con despeje de nieve y hielo acumulado en los conductores de la l\u00ednea de 33 kilovolt hacia Piedra, para evitar que vuelva a salir de servicio. En este sentido fueron detectados aproximadamente 10 vanos entre estructuras con manguitos, los cuales se despejar\u00e1n. Contin\u00faa nevando en la traza de la l\u00ednea. Continuamos informando.<\/p>\n<\/div><div class=\"fusion-clearfix\"><\/div><\/div><\/div><div class=\"fusion-layout-column fusion_builder_column fusion-builder-column-1 fusion_builder_column_1_3 1_3 fusion-one-third fusion-column-last\" style=\"--awb-bg-size:cover;width:33.333333333333%;width:calc(33.333333333333% - ( ( 4% ) * 0.33333333333333 ) );\"><div class=\"fusion-column-wrapper fusion-column-has-shadow fusion-flex-column-wrapper-legacy\"><div class=\"fusion-widget-area awb-widget-area-element fusion-widget-area-1 fusion-content-widget-area\" style=\"--awb-title-size:20px;--awb-title-color:#333333;--awb-padding:0px 0px 0px 0px;\"><style type=\"text\/css\" data-id=\"tweets-widget-2\">#tweets-widget-2 li { border-color:#eaeaea;}<\/style><section id=\"tweets-widget-2\" class=\"widget tweets\" style=\"border-style: solid;border-color: #eaeaea;border-color:transparent;border-width:0px;\">\t\t\t\t\n\t\t<div style=\"overflow:hidden\">\n\t\t\t\t\t\t\t\t\t\t\t<a class=\"twitter-timeline\" data-dnt=\"true\" href=\"https:\/\/twitter.com\/@EPEN_Informa\" data-width=\"500\" data-height=\"300\" width=\"500\" height=\"300\" data-theme=\"light\" data-link-color=\"##25a9bd\" data-border-color=\"#eaeaea\" data-chrome=\"\">Tweets por @EPEN_Informa<\/a>\n\t\t\t\t\t\t\t\n\t\t\t\t\t\t\t\t\t\t\t<script async src=\"\/\/platform.twitter.com\/widgets.js\" charset=\"utf-8\"><\/script>\n\t\t\t\t\t\t\t\n\t\t<\/div>\n\t\t<\/section>\n\t\t<section id=\"recent-posts-3\" class=\"widget widget_recent_entries\" style=\"border-style: solid;border-color:transparent;border-width:0px;\">\n\t\t<div class=\"heading\"><h4 class=\"widget-title\">Entradas recientes<\/h4><\/div>\n\t\t<ul>\n\t\t\t\t\t\t\t\t\t\t\t<li>\n\t\t\t\t\t<a href=\"https:\/\/www.epen.gov.ar\/index.php\/2026\/04\/30\/corte-programado-en-sectores-de-rincon-de-los-sauces-el-02-05-2026\/\">Corte Programado en sectores de Rinc\u00f3n de los Sauces el 02\/05\/2026<\/a>\n\t\t\t\t\t\t\t\t\t\t\t<span class=\"post-date\">30\/04\/2026<\/span>\n\t\t\t\t\t\t\t\t\t<\/li>\n\t\t\t\t\t\t\t\t\t\t\t<li>\n\t\t\t\t\t<a href=\"https:\/\/www.epen.gov.ar\/index.php\/2026\/04\/30\/licitacion-publica-n-14-2026-contratacion-de-servicios-de-desarrollo-y-mantenimiento-de-sistemas-informaticos\/\">LICITACI\u00d3N P\u00daBLICA N\u00b0 14\/2026 CONTRATACI\u00d3N DE SERVICIOS DE DESARROLLO Y MANTENIMIENTO DE SISTEMAS INFORM\u00c1TICOS<\/a>\n\t\t\t\t\t\t\t\t\t\t\t<span class=\"post-date\">30\/04\/2026<\/span>\n\t\t\t\t\t\t\t\t\t<\/li>\n\t\t\t\t\t\t\t\t\t\t\t<li>\n\t\t\t\t\t<a href=\"https:\/\/www.epen.gov.ar\/index.php\/2026\/04\/29\/corte-programado-en-sectores-de-centenario-el-30-04-2026\/\">Corte Programado en sectores de Centenario el 30\/04\/2026<\/a>\n\t\t\t\t\t\t\t\t\t\t\t<span class=\"post-date\">29\/04\/2026<\/span>\n\t\t\t\t\t\t\t\t\t<\/li>\n\t\t\t\t\t\t\t\t\t\t\t<li>\n\t\t\t\t\t<a href=\"https:\/\/www.epen.gov.ar\/index.php\/2026\/04\/28\/el-epen-impulsa-el-desarrollo-de-varvarco-con-nueva-infraestructura-para-17-lotes\/\">El EPEN impulsa el desarrollo de Varvarco con nueva infraestructura para 17 lotes<\/a>\n\t\t\t\t\t\t\t\t\t\t\t<span class=\"post-date\">28\/04\/2026<\/span>\n\t\t\t\t\t\t\t\t\t<\/li>\n\t\t\t\t\t\t\t\t\t\t\t<li>\n\t\t\t\t\t<a href=\"https:\/\/www.epen.gov.ar\/index.php\/2026\/04\/28\/corte-programado-en-sectores-de-zona-nahueve-el-30-04-2026\/\">Corte Programado en sectores de zona Nahueve el 30\/04\/2026<\/a>\n\t\t\t\t\t\t\t\t\t\t\t<span class=\"post-date\">28\/04\/2026<\/span>\n\t\t\t\t\t\t\t\t\t<\/li>\n\t\t\t\t\t<\/ul>\n\n\t\t<\/section><div class=\"fusion-additional-widget-content\"><\/div><\/div><div class=\"fusion-clearfix\"><\/div><\/div><\/div><\/div><\/div>\n","protected":false},"excerpt":{"rendered":"","protected":false},"author":1,"featured_media":13447,"comment_status":"open","ping_status":"open","sticky":false,"template":"","format":"standard","meta":{"_exactmetrics_skip_tracking":false,"_exactmetrics_sitenote_active":false,"_exactmetrics_sitenote_note":"","_exactmetrics_sitenote_category":0,"footnotes":""},"categories":[84],"tags":[],"class_list":["post-13424","post","type-post","status-publish","format-standard","has-post-thumbnail","hentry","category-noticias"],"yoast_head":"<!-- This site is optimized with the Yoast SEO plugin v27.2 - https:\/\/yoast.com\/product\/yoast-seo-wordpress\/ -->\n<title>EPEN - Se trabaja sobre la l\u00ednea a Piedra del \u00c1guila<\/title>\n<meta name=\"description\" content=\"Se trabaja sobre la l\u00ednea a Piedra del \u00c1guila\" \/>\n<meta name=\"robots\" content=\"index, follow, max-snippet:-1, max-image-preview:large, max-video-preview:-1\" \/>\n<link rel=\"canonical\" href=\"https:\/\/www.epen.gov.ar\/index.php\/2020\/07\/22\/se-trabaja-sobre-la-linea-a-piedra-del-aguila\/\" \/>\n<meta property=\"og:locale\" content=\"es_ES\" \/>\n<meta property=\"og:type\" content=\"article\" \/>\n<meta property=\"og:title\" content=\"EPEN - Se trabaja sobre la l\u00ednea a Piedra del \u00c1guila\" \/>\n<meta property=\"og:description\" content=\"Se trabaja sobre la l\u00ednea a Piedra del \u00c1guila\" \/>\n<meta property=\"og:url\" content=\"https:\/\/www.epen.gov.ar\/index.php\/2020\/07\/22\/se-trabaja-sobre-la-linea-a-piedra-del-aguila\/\" \/>\n<meta property=\"og:site_name\" content=\"EPEN\" \/>\n<meta property=\"article:publisher\" content=\"https:\/\/www.facebook.com\/EPEN.Neuquen\" \/>\n<meta property=\"article:published_time\" content=\"2020-07-22T14:36:10+00:00\" \/>\n<meta property=\"og:image\" content=\"https:\/\/www.epen.gov.ar\/wp-content\/uploads\/2020\/07\/WhatsApp-Image-2020-07-22-at-11.24.11-e1595428496301.jpeg\" \/>\n\t<meta property=\"og:image:width\" content=\"1032\" \/>\n\t<meta property=\"og:image:height\" content=\"681\" \/>\n\t<meta property=\"og:image:type\" content=\"image\/jpeg\" \/>\n<meta name=\"author\" content=\"Prensa EPEN\" \/>\n<meta name=\"twitter:card\" content=\"summary_large_image\" \/>\n<meta name=\"twitter:creator\" content=\"@EPEN_Informa\" \/>\n<meta name=\"twitter:site\" content=\"@EPEN_Informa\" \/>\n<meta name=\"twitter:label1\" content=\"Escrito por\" \/>\n\t<meta name=\"twitter:data1\" content=\"Prensa EPEN\" \/>\n\t<meta name=\"twitter:label2\" content=\"Tiempo de lectura\" \/>\n\t<meta name=\"twitter:data2\" content=\"3 minutos\" \/>\n<script type=\"application\/ld+json\" class=\"yoast-schema-graph\">{\"@context\":\"https:\/\/schema.org\",\"@graph\":[{\"@type\":\"Article\",\"@id\":\"https:\/\/www.epen.gov.ar\/index.php\/2020\/07\/22\/se-trabaja-sobre-la-linea-a-piedra-del-aguila\/#article\",\"isPartOf\":{\"@id\":\"https:\/\/www.epen.gov.ar\/index.php\/2020\/07\/22\/se-trabaja-sobre-la-linea-a-piedra-del-aguila\/\"},\"author\":{\"name\":\"Prensa EPEN\",\"@id\":\"https:\/\/www.epen.gov.ar\/#\/schema\/person\/ce6cff87c2fc01264becc10fa105ad4f\"},\"headline\":\"Se trabaja sobre la l\u00ednea a Piedra del \u00c1guila\",\"datePublished\":\"2020-07-22T14:36:10+00:00\",\"mainEntityOfPage\":{\"@id\":\"https:\/\/www.epen.gov.ar\/index.php\/2020\/07\/22\/se-trabaja-sobre-la-linea-a-piedra-del-aguila\/\"},\"wordCount\":701,\"commentCount\":0,\"publisher\":{\"@id\":\"https:\/\/www.epen.gov.ar\/#organization\"},\"image\":{\"@id\":\"https:\/\/www.epen.gov.ar\/index.php\/2020\/07\/22\/se-trabaja-sobre-la-linea-a-piedra-del-aguila\/#primaryimage\"},\"thumbnailUrl\":\"https:\/\/www.epen.gov.ar\/wp-content\/uploads\/2020\/07\/WhatsApp-Image-2020-07-22-at-11.24.11-e1595428496301.jpeg\",\"articleSection\":[\"Noticias\"],\"inLanguage\":\"es\",\"potentialAction\":[{\"@type\":\"CommentAction\",\"name\":\"Comment\",\"target\":[\"https:\/\/www.epen.gov.ar\/index.php\/2020\/07\/22\/se-trabaja-sobre-la-linea-a-piedra-del-aguila\/#respond\"]}]},{\"@type\":\"WebPage\",\"@id\":\"https:\/\/www.epen.gov.ar\/index.php\/2020\/07\/22\/se-trabaja-sobre-la-linea-a-piedra-del-aguila\/\",\"url\":\"https:\/\/www.epen.gov.ar\/index.php\/2020\/07\/22\/se-trabaja-sobre-la-linea-a-piedra-del-aguila\/\",\"name\":\"EPEN - Se trabaja sobre la l\u00ednea a Piedra del \u00c1guila\",\"isPartOf\":{\"@id\":\"https:\/\/www.epen.gov.ar\/#website\"},\"primaryImageOfPage\":{\"@id\":\"https:\/\/www.epen.gov.ar\/index.php\/2020\/07\/22\/se-trabaja-sobre-la-linea-a-piedra-del-aguila\/#primaryimage\"},\"image\":{\"@id\":\"https:\/\/www.epen.gov.ar\/index.php\/2020\/07\/22\/se-trabaja-sobre-la-linea-a-piedra-del-aguila\/#primaryimage\"},\"thumbnailUrl\":\"https:\/\/www.epen.gov.ar\/wp-content\/uploads\/2020\/07\/WhatsApp-Image-2020-07-22-at-11.24.11-e1595428496301.jpeg\",\"datePublished\":\"2020-07-22T14:36:10+00:00\",\"description\":\"Se trabaja sobre la l\u00ednea a Piedra del \u00c1guila\",\"breadcrumb\":{\"@id\":\"https:\/\/www.epen.gov.ar\/index.php\/2020\/07\/22\/se-trabaja-sobre-la-linea-a-piedra-del-aguila\/#breadcrumb\"},\"inLanguage\":\"es\",\"potentialAction\":[{\"@type\":\"ReadAction\",\"target\":[\"https:\/\/www.epen.gov.ar\/index.php\/2020\/07\/22\/se-trabaja-sobre-la-linea-a-piedra-del-aguila\/\"]}]},{\"@type\":\"ImageObject\",\"inLanguage\":\"es\",\"@id\":\"https:\/\/www.epen.gov.ar\/index.php\/2020\/07\/22\/se-trabaja-sobre-la-linea-a-piedra-del-aguila\/#primaryimage\",\"url\":\"https:\/\/www.epen.gov.ar\/wp-content\/uploads\/2020\/07\/WhatsApp-Image-2020-07-22-at-11.24.11-e1595428496301.jpeg\",\"contentUrl\":\"https:\/\/www.epen.gov.ar\/wp-content\/uploads\/2020\/07\/WhatsApp-Image-2020-07-22-at-11.24.11-e1595428496301.jpeg\",\"width\":1032,\"height\":681},{\"@type\":\"BreadcrumbList\",\"@id\":\"https:\/\/www.epen.gov.ar\/index.php\/2020\/07\/22\/se-trabaja-sobre-la-linea-a-piedra-del-aguila\/#breadcrumb\",\"itemListElement\":[{\"@type\":\"ListItem\",\"position\":1,\"name\":\"Inicio\",\"item\":\"https:\/\/www.epen.gov.ar\/\"},{\"@type\":\"ListItem\",\"position\":2,\"name\":\"Se trabaja sobre la l\u00ednea a Piedra del \u00c1guila\"}]},{\"@type\":\"WebSite\",\"@id\":\"https:\/\/www.epen.gov.ar\/#website\",\"url\":\"https:\/\/www.epen.gov.ar\/\",\"name\":\"EPEN\",\"description\":\"Ente Provincial de Energ\u00eda del Neuqu\u00e9n\",\"publisher\":{\"@id\":\"https:\/\/www.epen.gov.ar\/#organization\"},\"potentialAction\":[{\"@type\":\"SearchAction\",\"target\":{\"@type\":\"EntryPoint\",\"urlTemplate\":\"https:\/\/www.epen.gov.ar\/?s={search_term_string}\"},\"query-input\":{\"@type\":\"PropertyValueSpecification\",\"valueRequired\":true,\"valueName\":\"search_term_string\"}}],\"inLanguage\":\"es\"},{\"@type\":\"Organization\",\"@id\":\"https:\/\/www.epen.gov.ar\/#organization\",\"name\":\"Ente Provincial de Energ\u00eda del Neuqu\u00e9n\",\"url\":\"https:\/\/www.epen.gov.ar\/\",\"logo\":{\"@type\":\"ImageObject\",\"inLanguage\":\"es\",\"@id\":\"https:\/\/www.epen.gov.ar\/#\/schema\/logo\/image\/\",\"url\":\"https:\/\/www.epen.gov.ar\/wp-content\/uploads\/2024\/02\/Logo-EPEN-2.jpg\",\"contentUrl\":\"https:\/\/www.epen.gov.ar\/wp-content\/uploads\/2024\/02\/Logo-EPEN-2.jpg\",\"width\":696,\"height\":696,\"caption\":\"Ente Provincial de Energ\u00eda del Neuqu\u00e9n\"},\"image\":{\"@id\":\"https:\/\/www.epen.gov.ar\/#\/schema\/logo\/image\/\"},\"sameAs\":[\"https:\/\/www.facebook.com\/EPEN.Neuquen\",\"https:\/\/x.com\/EPEN_Informa\",\"https:\/\/www.youtube.com\/@epenprensa7384\"]},{\"@type\":\"Person\",\"@id\":\"https:\/\/www.epen.gov.ar\/#\/schema\/person\/ce6cff87c2fc01264becc10fa105ad4f\",\"name\":\"Prensa EPEN\",\"image\":{\"@type\":\"ImageObject\",\"inLanguage\":\"es\",\"@id\":\"https:\/\/secure.gravatar.com\/avatar\/f8120b8688012ccf2d7fbcf7a970cfbabf0ab63b09c2dbd72c194bee080070e9?s=96&d=mm&r=g\",\"url\":\"https:\/\/secure.gravatar.com\/avatar\/f8120b8688012ccf2d7fbcf7a970cfbabf0ab63b09c2dbd72c194bee080070e9?s=96&d=mm&r=g\",\"contentUrl\":\"https:\/\/secure.gravatar.com\/avatar\/f8120b8688012ccf2d7fbcf7a970cfbabf0ab63b09c2dbd72c194bee080070e9?s=96&d=mm&r=g\",\"caption\":\"Prensa EPEN\"},\"url\":\"https:\/\/www.epen.gov.ar\/index.php\/author\/admin\/\"}]}<\/script>\n<!-- \/ Yoast SEO plugin. -->","yoast_head_json":{"title":"EPEN - Se trabaja sobre la l\u00ednea a Piedra del \u00c1guila","description":"Se trabaja sobre la l\u00ednea a Piedra del \u00c1guila","robots":{"index":"index","follow":"follow","max-snippet":"max-snippet:-1","max-image-preview":"max-image-preview:large","max-video-preview":"max-video-preview:-1"},"canonical":"https:\/\/www.epen.gov.ar\/index.php\/2020\/07\/22\/se-trabaja-sobre-la-linea-a-piedra-del-aguila\/","og_locale":"es_ES","og_type":"article","og_title":"EPEN - Se trabaja sobre la l\u00ednea a Piedra del \u00c1guila","og_description":"Se trabaja sobre la l\u00ednea a Piedra del \u00c1guila","og_url":"https:\/\/www.epen.gov.ar\/index.php\/2020\/07\/22\/se-trabaja-sobre-la-linea-a-piedra-del-aguila\/","og_site_name":"EPEN","article_publisher":"https:\/\/www.facebook.com\/EPEN.Neuquen","article_published_time":"2020-07-22T14:36:10+00:00","og_image":[{"width":1032,"height":681,"url":"https:\/\/www.epen.gov.ar\/wp-content\/uploads\/2020\/07\/WhatsApp-Image-2020-07-22-at-11.24.11-e1595428496301.jpeg","type":"image\/jpeg"}],"author":"Prensa EPEN","twitter_card":"summary_large_image","twitter_creator":"@EPEN_Informa","twitter_site":"@EPEN_Informa","twitter_misc":{"Escrito por":"Prensa EPEN","Tiempo de lectura":"3 minutos"},"schema":{"@context":"https:\/\/schema.org","@graph":[{"@type":"Article","@id":"https:\/\/www.epen.gov.ar\/index.php\/2020\/07\/22\/se-trabaja-sobre-la-linea-a-piedra-del-aguila\/#article","isPartOf":{"@id":"https:\/\/www.epen.gov.ar\/index.php\/2020\/07\/22\/se-trabaja-sobre-la-linea-a-piedra-del-aguila\/"},"author":{"name":"Prensa EPEN","@id":"https:\/\/www.epen.gov.ar\/#\/schema\/person\/ce6cff87c2fc01264becc10fa105ad4f"},"headline":"Se trabaja sobre la l\u00ednea a Piedra del \u00c1guila","datePublished":"2020-07-22T14:36:10+00:00","mainEntityOfPage":{"@id":"https:\/\/www.epen.gov.ar\/index.php\/2020\/07\/22\/se-trabaja-sobre-la-linea-a-piedra-del-aguila\/"},"wordCount":701,"commentCount":0,"publisher":{"@id":"https:\/\/www.epen.gov.ar\/#organization"},"image":{"@id":"https:\/\/www.epen.gov.ar\/index.php\/2020\/07\/22\/se-trabaja-sobre-la-linea-a-piedra-del-aguila\/#primaryimage"},"thumbnailUrl":"https:\/\/www.epen.gov.ar\/wp-content\/uploads\/2020\/07\/WhatsApp-Image-2020-07-22-at-11.24.11-e1595428496301.jpeg","articleSection":["Noticias"],"inLanguage":"es","potentialAction":[{"@type":"CommentAction","name":"Comment","target":["https:\/\/www.epen.gov.ar\/index.php\/2020\/07\/22\/se-trabaja-sobre-la-linea-a-piedra-del-aguila\/#respond"]}]},{"@type":"WebPage","@id":"https:\/\/www.epen.gov.ar\/index.php\/2020\/07\/22\/se-trabaja-sobre-la-linea-a-piedra-del-aguila\/","url":"https:\/\/www.epen.gov.ar\/index.php\/2020\/07\/22\/se-trabaja-sobre-la-linea-a-piedra-del-aguila\/","name":"EPEN - Se trabaja sobre la l\u00ednea a Piedra del \u00c1guila","isPartOf":{"@id":"https:\/\/www.epen.gov.ar\/#website"},"primaryImageOfPage":{"@id":"https:\/\/www.epen.gov.ar\/index.php\/2020\/07\/22\/se-trabaja-sobre-la-linea-a-piedra-del-aguila\/#primaryimage"},"image":{"@id":"https:\/\/www.epen.gov.ar\/index.php\/2020\/07\/22\/se-trabaja-sobre-la-linea-a-piedra-del-aguila\/#primaryimage"},"thumbnailUrl":"https:\/\/www.epen.gov.ar\/wp-content\/uploads\/2020\/07\/WhatsApp-Image-2020-07-22-at-11.24.11-e1595428496301.jpeg","datePublished":"2020-07-22T14:36:10+00:00","description":"Se trabaja sobre la l\u00ednea a Piedra del \u00c1guila","breadcrumb":{"@id":"https:\/\/www.epen.gov.ar\/index.php\/2020\/07\/22\/se-trabaja-sobre-la-linea-a-piedra-del-aguila\/#breadcrumb"},"inLanguage":"es","potentialAction":[{"@type":"ReadAction","target":["https:\/\/www.epen.gov.ar\/index.php\/2020\/07\/22\/se-trabaja-sobre-la-linea-a-piedra-del-aguila\/"]}]},{"@type":"ImageObject","inLanguage":"es","@id":"https:\/\/www.epen.gov.ar\/index.php\/2020\/07\/22\/se-trabaja-sobre-la-linea-a-piedra-del-aguila\/#primaryimage","url":"https:\/\/www.epen.gov.ar\/wp-content\/uploads\/2020\/07\/WhatsApp-Image-2020-07-22-at-11.24.11-e1595428496301.jpeg","contentUrl":"https:\/\/www.epen.gov.ar\/wp-content\/uploads\/2020\/07\/WhatsApp-Image-2020-07-22-at-11.24.11-e1595428496301.jpeg","width":1032,"height":681},{"@type":"BreadcrumbList","@id":"https:\/\/www.epen.gov.ar\/index.php\/2020\/07\/22\/se-trabaja-sobre-la-linea-a-piedra-del-aguila\/#breadcrumb","itemListElement":[{"@type":"ListItem","position":1,"name":"Inicio","item":"https:\/\/www.epen.gov.ar\/"},{"@type":"ListItem","position":2,"name":"Se trabaja sobre la l\u00ednea a Piedra del \u00c1guila"}]},{"@type":"WebSite","@id":"https:\/\/www.epen.gov.ar\/#website","url":"https:\/\/www.epen.gov.ar\/","name":"EPEN","description":"Ente Provincial de Energ\u00eda del Neuqu\u00e9n","publisher":{"@id":"https:\/\/www.epen.gov.ar\/#organization"},"potentialAction":[{"@type":"SearchAction","target":{"@type":"EntryPoint","urlTemplate":"https:\/\/www.epen.gov.ar\/?s={search_term_string}"},"query-input":{"@type":"PropertyValueSpecification","valueRequired":true,"valueName":"search_term_string"}}],"inLanguage":"es"},{"@type":"Organization","@id":"https:\/\/www.epen.gov.ar\/#organization","name":"Ente Provincial de Energ\u00eda del Neuqu\u00e9n","url":"https:\/\/www.epen.gov.ar\/","logo":{"@type":"ImageObject","inLanguage":"es","@id":"https:\/\/www.epen.gov.ar\/#\/schema\/logo\/image\/","url":"https:\/\/www.epen.gov.ar\/wp-content\/uploads\/2024\/02\/Logo-EPEN-2.jpg","contentUrl":"https:\/\/www.epen.gov.ar\/wp-content\/uploads\/2024\/02\/Logo-EPEN-2.jpg","width":696,"height":696,"caption":"Ente Provincial de Energ\u00eda del Neuqu\u00e9n"},"image":{"@id":"https:\/\/www.epen.gov.ar\/#\/schema\/logo\/image\/"},"sameAs":["https:\/\/www.facebook.com\/EPEN.Neuquen","https:\/\/x.com\/EPEN_Informa","https:\/\/www.youtube.com\/@epenprensa7384"]},{"@type":"Person","@id":"https:\/\/www.epen.gov.ar\/#\/schema\/person\/ce6cff87c2fc01264becc10fa105ad4f","name":"Prensa EPEN","image":{"@type":"ImageObject","inLanguage":"es","@id":"https:\/\/secure.gravatar.com\/avatar\/f8120b8688012ccf2d7fbcf7a970cfbabf0ab63b09c2dbd72c194bee080070e9?s=96&d=mm&r=g","url":"https:\/\/secure.gravatar.com\/avatar\/f8120b8688012ccf2d7fbcf7a970cfbabf0ab63b09c2dbd72c194bee080070e9?s=96&d=mm&r=g","contentUrl":"https:\/\/secure.gravatar.com\/avatar\/f8120b8688012ccf2d7fbcf7a970cfbabf0ab63b09c2dbd72c194bee080070e9?s=96&d=mm&r=g","caption":"Prensa EPEN"},"url":"https:\/\/www.epen.gov.ar\/index.php\/author\/admin\/"}]}},"_links":{"self":[{"href":"https:\/\/www.epen.gov.ar\/index.php\/wp-json\/wp\/v2\/posts\/13424","targetHints":{"allow":["GET"]}}],"collection":[{"href":"https:\/\/www.epen.gov.ar\/index.php\/wp-json\/wp\/v2\/posts"}],"about":[{"href":"https:\/\/www.epen.gov.ar\/index.php\/wp-json\/wp\/v2\/types\/post"}],"author":[{"embeddable":true,"href":"https:\/\/www.epen.gov.ar\/index.php\/wp-json\/wp\/v2\/users\/1"}],"replies":[{"embeddable":true,"href":"https:\/\/www.epen.gov.ar\/index.php\/wp-json\/wp\/v2\/comments?post=13424"}],"version-history":[{"count":2,"href":"https:\/\/www.epen.gov.ar\/index.php\/wp-json\/wp\/v2\/posts\/13424\/revisions"}],"predecessor-version":[{"id":68105,"href":"https:\/\/www.epen.gov.ar\/index.php\/wp-json\/wp\/v2\/posts\/13424\/revisions\/68105"}],"wp:featuredmedia":[{"embeddable":true,"href":"https:\/\/www.epen.gov.ar\/index.php\/wp-json\/wp\/v2\/media\/13447"}],"wp:attachment":[{"href":"https:\/\/www.epen.gov.ar\/index.php\/wp-json\/wp\/v2\/media?parent=13424"}],"wp:term":[{"taxonomy":"category","embeddable":true,"href":"https:\/\/www.epen.gov.ar\/index.php\/wp-json\/wp\/v2\/categories?post=13424"},{"taxonomy":"post_tag","embeddable":true,"href":"https:\/\/www.epen.gov.ar\/index.php\/wp-json\/wp\/v2\/tags?post=13424"}],"curies":[{"name":"wp","href":"https:\/\/api.w.org\/{rel}","templated":true}]}}