{"id":13086,"date":"2020-07-12T20:43:11","date_gmt":"2020-07-12T23:43:11","guid":{"rendered":"http:\/\/192.168.200.48\/?p=13086"},"modified":"2020-07-12T20:43:11","modified_gmt":"2020-07-12T23:43:11","slug":"arduas-tareas-en-la-zona-cordillerana","status":"publish","type":"post","link":"https:\/\/www.epen.gov.ar\/index.php\/2020\/07\/12\/arduas-tareas-en-la-zona-cordillerana\/","title":{"rendered":"Arduas tareas en la zona cordillerana"},"content":{"rendered":"<div class=\"fusion-fullwidth fullwidth-box fusion-builder-row-1 nonhundred-percent-fullwidth non-hundred-percent-height-scrolling\" style=\"--awb-border-radius-top-left:0px;--awb-border-radius-top-right:0px;--awb-border-radius-bottom-right:0px;--awb-border-radius-bottom-left:0px;--awb-flex-wrap:wrap;\" ><div class=\"fusion-builder-row fusion-row\"><div class=\"fusion-layout-column fusion_builder_column fusion-builder-column-0 fusion_builder_column_2_3 2_3 fusion-two-third fusion-column-first\" style=\"--awb-bg-size:cover;width:66.666666666667%;width:calc(66.666666666667% - ( ( 4% ) * 0.66666666666667 ) );margin-right: 4%;\"><div class=\"fusion-column-wrapper fusion-column-has-shadow fusion-flex-column-wrapper-legacy\"><div class=\"fusion-text fusion-text-1\"><p class=\"bajada\" style=\"text-align: justify;\"><i><b>En las l\u00edneas hacia Chos Malal y Buta Ranquil, en El Cholar y Villa La Angostura, el personal del EPEN finaliz\u00f3 las tareas programadas. Ma\u00f1ana contin\u00faan los trabajos en la zona de El Huec\u00fa.<br \/>\n<\/b><\/i><br \/>\nInformamos que a ra\u00edz del temporal de viento, lluvia y nevadas que se registraron los \u00faltimos d\u00edas sobre la cordillera, las cuadrillas del Ente Provincial de Energ\u00eda del Neuqu\u00e9n (EPEN) trabajaron coordinadamente para restablecer el servicio en cada una de las localidades y reparar el equipamiento en aquellos puntos que se detectaron en recorridas realizadas.<\/p>\n<p class=\"bajada\" style=\"text-align: justify;\">De esta manera, hacia las 15:40 -m\u00e1s de 1 hora antes de lo previsto-entr\u00f3 en servicio la l\u00ednea de alta tensi\u00f3n 132 kilovolt Puesto Hern\u00e1ndez-Filo Morado-Chos Malal, luego de que, en un mantenimiento de emergencia realizado en la madrugada sobre la l\u00ednea hacia Andacollo, se detectara la rotura del hilo de guardia y una cadena de aisladores, da\u00f1o ocasionado por las inclemencias del temporal reinante en dicha zona.<\/p>\n<p class=\"bajada\" style=\"text-align: justify;\">Mientras tanto en Buta Ranquil, se desarroll\u00f3 esta tarde otro mantenimiento programado de emergencia, que finaliz\u00f3 hacia las 17:50 con la reparaci\u00f3n de una cadena de aisladores deteriorada, y el restablecimiento del servicio hacia la zona de Buta Ranquil y Barrancas.<\/p>\n<p class=\"bajada\" style=\"text-align: justify;\">Por otra parte, las tareas m\u00e1s complicadas a\u00fan continuaban en la zona oeste, y se inform\u00f3 que a las 18:45 hs qued\u00f3 normalizado el servicio hacia El Cholar. Se estima que las tareas en la zona de El Huec\u00fa finalizar\u00e1n ma\u00f1ana, sumando otra cuadrilla de Loncopu\u00e9 y Las Lajas que ya est\u00e1n en la zona.<\/p>\n<p class=\"bajada\" style=\"text-align: justify;\">En tanto, en Villa La Angostura, finalizaron todos los trabajos programados, luego que la ca\u00edda de varios \u00e1rboles cortara algunos conductores durante el fin de semana. Hacia las 19 qued\u00f3 energizado el \u00faltimo sector, en el ap\u00e9ndice de calle Los Pinos, mientras que esta ma\u00f1ana se restablecieron los suministros en parte del alimentador Cumelen -parte de Las Balsas calle Cruz del Sur, Los Rododendros, zona R\u00edo Bonito, Alto Manzano, Las Chacras y Bah\u00eda Manzano- y s\u00f3lo restaba reparar un cable que alimentaba un \u00e1rea con 5 usuarios, lo cual se ejecutar\u00e1 ma\u00f1ana.<\/p>\n<p class=\"bajada\" style=\"text-align: justify;\">El personal tambi\u00e9n realiz\u00f3 tareas en Atreuco Arriba, en la zona rural de Jun\u00edn de los Andes, donde pudieron subir -debido a la cantidad de nieve acumulada-solo caminando equipados con raquetas para reparar seccionadores y restablecer el servicio.<\/p>\n<p><img decoding=\"async\" class=\"wp-image-13099 aligncenter\" src=\"\/\/www.epen.gov.ar\/wp-content\/uploads\/2020\/07\/EPEN-trabajos-nieve-jul-2020-8.jpeg\" alt=\"\" width=\"452\" height=\"603\" srcset=\"https:\/\/www.epen.gov.ar\/wp-content\/uploads\/2020\/07\/EPEN-trabajos-nieve-jul-2020-8-200x267.jpeg 200w, https:\/\/www.epen.gov.ar\/wp-content\/uploads\/2020\/07\/EPEN-trabajos-nieve-jul-2020-8-225x300.jpeg 225w, https:\/\/www.epen.gov.ar\/wp-content\/uploads\/2020\/07\/EPEN-trabajos-nieve-jul-2020-8-400x533.jpeg 400w, https:\/\/www.epen.gov.ar\/wp-content\/uploads\/2020\/07\/EPEN-trabajos-nieve-jul-2020-8-600x800.jpeg 600w, https:\/\/www.epen.gov.ar\/wp-content\/uploads\/2020\/07\/EPEN-trabajos-nieve-jul-2020-8-768x1024.jpeg 768w, https:\/\/www.epen.gov.ar\/wp-content\/uploads\/2020\/07\/EPEN-trabajos-nieve-jul-2020-8.jpeg 780w\" sizes=\"(max-width: 452px) 100vw, 452px\" \/><\/p>\n<\/div><div class=\"fusion-clearfix\"><\/div><\/div><\/div><div class=\"fusion-layout-column fusion_builder_column fusion-builder-column-1 fusion_builder_column_1_3 1_3 fusion-one-third fusion-column-last\" style=\"--awb-bg-size:cover;width:33.333333333333%;width:calc(33.333333333333% - ( ( 4% ) * 0.33333333333333 ) );\"><div class=\"fusion-column-wrapper fusion-column-has-shadow fusion-flex-column-wrapper-legacy\"><div class=\"fusion-widget-area awb-widget-area-element fusion-widget-area-1 fusion-content-widget-area\" style=\"--awb-title-size:20px;--awb-title-color:#333333;--awb-padding:0px 0px 0px 0px;\"><style type=\"text\/css\" data-id=\"tweets-widget-2\">#tweets-widget-2 li { border-color:#eaeaea;}<\/style><section id=\"tweets-widget-2\" class=\"widget tweets\" style=\"border-style: solid;border-color: #eaeaea;border-color:transparent;border-width:0px;\">\t\t\t\t\n\t\t<div style=\"overflow:hidden\">\n\t\t\t\t\t\t\t\t\t\t\t<a class=\"twitter-timeline\" data-dnt=\"true\" href=\"https:\/\/twitter.com\/@EPEN_Informa\" data-width=\"500\" data-height=\"300\" width=\"500\" height=\"300\" data-theme=\"light\" data-link-color=\"##25a9bd\" data-border-color=\"#eaeaea\" data-chrome=\"\">Tweets por @EPEN_Informa<\/a>\n\t\t\t\t\t\t\t\n\t\t\t\t\t\t\t\t\t\t\t<script async src=\"\/\/platform.twitter.com\/widgets.js\" charset=\"utf-8\"><\/script>\n\t\t\t\t\t\t\t\n\t\t<\/div>\n\t\t<\/section>\n\t\t<section id=\"recent-posts-3\" class=\"widget widget_recent_entries\" style=\"border-style: solid;border-color:transparent;border-width:0px;\">\n\t\t<div class=\"heading\"><h4 class=\"widget-title\">Entradas recientes<\/h4><\/div>\n\t\t<ul>\n\t\t\t\t\t\t\t\t\t\t\t<li>\n\t\t\t\t\t<a href=\"https:\/\/www.epen.gov.ar\/index.php\/2026\/04\/29\/corte-programado-en-sectores-de-centenario-el-30-04-2026\/\">Corte Programado en sectores de Centenario el 30\/04\/2026<\/a>\n\t\t\t\t\t\t\t\t\t\t\t<span class=\"post-date\">29\/04\/2026<\/span>\n\t\t\t\t\t\t\t\t\t<\/li>\n\t\t\t\t\t\t\t\t\t\t\t<li>\n\t\t\t\t\t<a href=\"https:\/\/www.epen.gov.ar\/index.php\/2026\/04\/28\/el-epen-impulsa-el-desarrollo-de-varvarco-con-nueva-infraestructura-para-17-lotes\/\">El EPEN impulsa el desarrollo de Varvarco con nueva infraestructura para 17 lotes<\/a>\n\t\t\t\t\t\t\t\t\t\t\t<span class=\"post-date\">28\/04\/2026<\/span>\n\t\t\t\t\t\t\t\t\t<\/li>\n\t\t\t\t\t\t\t\t\t\t\t<li>\n\t\t\t\t\t<a href=\"https:\/\/www.epen.gov.ar\/index.php\/2026\/04\/28\/corte-programado-en-sectores-de-zona-nahueve-el-30-04-2026\/\">Corte Programado en sectores de zona Nahueve el 30\/04\/2026<\/a>\n\t\t\t\t\t\t\t\t\t\t\t<span class=\"post-date\">28\/04\/2026<\/span>\n\t\t\t\t\t\t\t\t\t<\/li>\n\t\t\t\t\t\t\t\t\t\t\t<li>\n\t\t\t\t\t<a href=\"https:\/\/www.epen.gov.ar\/index.php\/2026\/04\/24\/corte-programado-en-sectores-de-san-martin-de-los-andes-el-25-04-2026\/\">Corte Programado en sectores de San Mart\u00edn de los Andes el 25\/04\/2026<\/a>\n\t\t\t\t\t\t\t\t\t\t\t<span class=\"post-date\">24\/04\/2026<\/span>\n\t\t\t\t\t\t\t\t\t<\/li>\n\t\t\t\t\t\t\t\t\t\t\t<li>\n\t\t\t\t\t<a href=\"https:\/\/www.epen.gov.ar\/index.php\/2026\/04\/24\/corte-programado-en-sectores-de-centenario-el-25-04-2026\/\">Corte Programado en sectores de Centenario el 25\/04\/2026<\/a>\n\t\t\t\t\t\t\t\t\t\t\t<span class=\"post-date\">24\/04\/2026<\/span>\n\t\t\t\t\t\t\t\t\t<\/li>\n\t\t\t\t\t<\/ul>\n\n\t\t<\/section><div class=\"fusion-additional-widget-content\"><\/div><\/div><div class=\"fusion-clearfix\"><\/div><\/div><\/div><\/div><\/div>\n","protected":false},"excerpt":{"rendered":"","protected":false},"author":1,"featured_media":13098,"comment_status":"open","ping_status":"open","sticky":false,"template":"","format":"standard","meta":{"_exactmetrics_skip_tracking":false,"_exactmetrics_sitenote_active":false,"_exactmetrics_sitenote_note":"","_exactmetrics_sitenote_category":0,"footnotes":""},"categories":[84],"tags":[],"class_list":["post-13086","post","type-post","status-publish","format-standard","has-post-thumbnail","hentry","category-noticias"],"yoast_head":"<!-- This site is optimized with the Yoast SEO plugin v27.2 - https:\/\/yoast.com\/product\/yoast-seo-wordpress\/ -->\n<title>EPEN - Arduas tareas en la zona cordillerana<\/title>\n<meta name=\"description\" content=\"Arduas tareas en la zona cordillerana\" \/>\n<meta name=\"robots\" content=\"index, follow, max-snippet:-1, max-image-preview:large, max-video-preview:-1\" \/>\n<link rel=\"canonical\" href=\"https:\/\/www.epen.gov.ar\/index.php\/2020\/07\/12\/arduas-tareas-en-la-zona-cordillerana\/\" \/>\n<meta property=\"og:locale\" content=\"es_ES\" \/>\n<meta property=\"og:type\" content=\"article\" \/>\n<meta property=\"og:title\" content=\"EPEN - Arduas tareas en la zona cordillerana\" \/>\n<meta property=\"og:description\" content=\"Arduas tareas en la zona cordillerana\" \/>\n<meta property=\"og:url\" content=\"https:\/\/www.epen.gov.ar\/index.php\/2020\/07\/12\/arduas-tareas-en-la-zona-cordillerana\/\" \/>\n<meta property=\"og:site_name\" content=\"EPEN\" \/>\n<meta property=\"article:publisher\" content=\"https:\/\/www.facebook.com\/EPEN.Neuquen\" \/>\n<meta property=\"article:published_time\" content=\"2020-07-12T23:43:11+00:00\" \/>\n<meta property=\"og:image\" content=\"https:\/\/www.epen.gov.ar\/wp-content\/uploads\/2020\/07\/EPEN-trabajos-nieve-jul-2020-2-e1594597277854.jpeg\" \/>\n\t<meta property=\"og:image:width\" content=\"1039\" \/>\n\t<meta property=\"og:image:height\" content=\"595\" \/>\n\t<meta property=\"og:image:type\" content=\"image\/jpeg\" \/>\n<meta name=\"author\" content=\"Prensa EPEN\" \/>\n<meta name=\"twitter:card\" content=\"summary_large_image\" \/>\n<meta name=\"twitter:creator\" content=\"@EPEN_Informa\" \/>\n<meta name=\"twitter:site\" content=\"@EPEN_Informa\" \/>\n<meta name=\"twitter:label1\" content=\"Escrito por\" \/>\n\t<meta name=\"twitter:data1\" content=\"Prensa EPEN\" \/>\n\t<meta name=\"twitter:label2\" content=\"Tiempo de lectura\" \/>\n\t<meta name=\"twitter:data2\" content=\"4 minutos\" \/>\n<script type=\"application\/ld+json\" class=\"yoast-schema-graph\">{\"@context\":\"https:\/\/schema.org\",\"@graph\":[{\"@type\":\"Article\",\"@id\":\"https:\/\/www.epen.gov.ar\/index.php\/2020\/07\/12\/arduas-tareas-en-la-zona-cordillerana\/#article\",\"isPartOf\":{\"@id\":\"https:\/\/www.epen.gov.ar\/index.php\/2020\/07\/12\/arduas-tareas-en-la-zona-cordillerana\/\"},\"author\":{\"name\":\"Prensa EPEN\",\"@id\":\"https:\/\/www.epen.gov.ar\/#\/schema\/person\/ce6cff87c2fc01264becc10fa105ad4f\"},\"headline\":\"Arduas tareas en la zona cordillerana\",\"datePublished\":\"2020-07-12T23:43:11+00:00\",\"mainEntityOfPage\":{\"@id\":\"https:\/\/www.epen.gov.ar\/index.php\/2020\/07\/12\/arduas-tareas-en-la-zona-cordillerana\/\"},\"wordCount\":769,\"commentCount\":0,\"publisher\":{\"@id\":\"https:\/\/www.epen.gov.ar\/#organization\"},\"image\":{\"@id\":\"https:\/\/www.epen.gov.ar\/index.php\/2020\/07\/12\/arduas-tareas-en-la-zona-cordillerana\/#primaryimage\"},\"thumbnailUrl\":\"https:\/\/www.epen.gov.ar\/wp-content\/uploads\/2020\/07\/EPEN-trabajos-nieve-jul-2020-2-e1594597277854.jpeg\",\"articleSection\":[\"Noticias\"],\"inLanguage\":\"es\",\"potentialAction\":[{\"@type\":\"CommentAction\",\"name\":\"Comment\",\"target\":[\"https:\/\/www.epen.gov.ar\/index.php\/2020\/07\/12\/arduas-tareas-en-la-zona-cordillerana\/#respond\"]}]},{\"@type\":\"WebPage\",\"@id\":\"https:\/\/www.epen.gov.ar\/index.php\/2020\/07\/12\/arduas-tareas-en-la-zona-cordillerana\/\",\"url\":\"https:\/\/www.epen.gov.ar\/index.php\/2020\/07\/12\/arduas-tareas-en-la-zona-cordillerana\/\",\"name\":\"EPEN - Arduas tareas en la zona cordillerana\",\"isPartOf\":{\"@id\":\"https:\/\/www.epen.gov.ar\/#website\"},\"primaryImageOfPage\":{\"@id\":\"https:\/\/www.epen.gov.ar\/index.php\/2020\/07\/12\/arduas-tareas-en-la-zona-cordillerana\/#primaryimage\"},\"image\":{\"@id\":\"https:\/\/www.epen.gov.ar\/index.php\/2020\/07\/12\/arduas-tareas-en-la-zona-cordillerana\/#primaryimage\"},\"thumbnailUrl\":\"https:\/\/www.epen.gov.ar\/wp-content\/uploads\/2020\/07\/EPEN-trabajos-nieve-jul-2020-2-e1594597277854.jpeg\",\"datePublished\":\"2020-07-12T23:43:11+00:00\",\"description\":\"Arduas tareas en la zona cordillerana\",\"breadcrumb\":{\"@id\":\"https:\/\/www.epen.gov.ar\/index.php\/2020\/07\/12\/arduas-tareas-en-la-zona-cordillerana\/#breadcrumb\"},\"inLanguage\":\"es\",\"potentialAction\":[{\"@type\":\"ReadAction\",\"target\":[\"https:\/\/www.epen.gov.ar\/index.php\/2020\/07\/12\/arduas-tareas-en-la-zona-cordillerana\/\"]}]},{\"@type\":\"ImageObject\",\"inLanguage\":\"es\",\"@id\":\"https:\/\/www.epen.gov.ar\/index.php\/2020\/07\/12\/arduas-tareas-en-la-zona-cordillerana\/#primaryimage\",\"url\":\"https:\/\/www.epen.gov.ar\/wp-content\/uploads\/2020\/07\/EPEN-trabajos-nieve-jul-2020-2-e1594597277854.jpeg\",\"contentUrl\":\"https:\/\/www.epen.gov.ar\/wp-content\/uploads\/2020\/07\/EPEN-trabajos-nieve-jul-2020-2-e1594597277854.jpeg\",\"width\":1039,\"height\":595},{\"@type\":\"BreadcrumbList\",\"@id\":\"https:\/\/www.epen.gov.ar\/index.php\/2020\/07\/12\/arduas-tareas-en-la-zona-cordillerana\/#breadcrumb\",\"itemListElement\":[{\"@type\":\"ListItem\",\"position\":1,\"name\":\"Inicio\",\"item\":\"https:\/\/www.epen.gov.ar\/\"},{\"@type\":\"ListItem\",\"position\":2,\"name\":\"Arduas tareas en la zona cordillerana\"}]},{\"@type\":\"WebSite\",\"@id\":\"https:\/\/www.epen.gov.ar\/#website\",\"url\":\"https:\/\/www.epen.gov.ar\/\",\"name\":\"EPEN\",\"description\":\"Ente Provincial de Energ\u00eda del Neuqu\u00e9n\",\"publisher\":{\"@id\":\"https:\/\/www.epen.gov.ar\/#organization\"},\"potentialAction\":[{\"@type\":\"SearchAction\",\"target\":{\"@type\":\"EntryPoint\",\"urlTemplate\":\"https:\/\/www.epen.gov.ar\/?s={search_term_string}\"},\"query-input\":{\"@type\":\"PropertyValueSpecification\",\"valueRequired\":true,\"valueName\":\"search_term_string\"}}],\"inLanguage\":\"es\"},{\"@type\":\"Organization\",\"@id\":\"https:\/\/www.epen.gov.ar\/#organization\",\"name\":\"Ente Provincial de Energ\u00eda del Neuqu\u00e9n\",\"url\":\"https:\/\/www.epen.gov.ar\/\",\"logo\":{\"@type\":\"ImageObject\",\"inLanguage\":\"es\",\"@id\":\"https:\/\/www.epen.gov.ar\/#\/schema\/logo\/image\/\",\"url\":\"https:\/\/www.epen.gov.ar\/wp-content\/uploads\/2024\/02\/Logo-EPEN-2.jpg\",\"contentUrl\":\"https:\/\/www.epen.gov.ar\/wp-content\/uploads\/2024\/02\/Logo-EPEN-2.jpg\",\"width\":696,\"height\":696,\"caption\":\"Ente Provincial de Energ\u00eda del Neuqu\u00e9n\"},\"image\":{\"@id\":\"https:\/\/www.epen.gov.ar\/#\/schema\/logo\/image\/\"},\"sameAs\":[\"https:\/\/www.facebook.com\/EPEN.Neuquen\",\"https:\/\/x.com\/EPEN_Informa\",\"https:\/\/www.youtube.com\/@epenprensa7384\"]},{\"@type\":\"Person\",\"@id\":\"https:\/\/www.epen.gov.ar\/#\/schema\/person\/ce6cff87c2fc01264becc10fa105ad4f\",\"name\":\"Prensa EPEN\",\"image\":{\"@type\":\"ImageObject\",\"inLanguage\":\"es\",\"@id\":\"https:\/\/secure.gravatar.com\/avatar\/f8120b8688012ccf2d7fbcf7a970cfbabf0ab63b09c2dbd72c194bee080070e9?s=96&d=mm&r=g\",\"url\":\"https:\/\/secure.gravatar.com\/avatar\/f8120b8688012ccf2d7fbcf7a970cfbabf0ab63b09c2dbd72c194bee080070e9?s=96&d=mm&r=g\",\"contentUrl\":\"https:\/\/secure.gravatar.com\/avatar\/f8120b8688012ccf2d7fbcf7a970cfbabf0ab63b09c2dbd72c194bee080070e9?s=96&d=mm&r=g\",\"caption\":\"Prensa EPEN\"},\"url\":\"https:\/\/www.epen.gov.ar\/index.php\/author\/admin\/\"}]}<\/script>\n<!-- \/ Yoast SEO plugin. -->","yoast_head_json":{"title":"EPEN - Arduas tareas en la zona cordillerana","description":"Arduas tareas en la zona cordillerana","robots":{"index":"index","follow":"follow","max-snippet":"max-snippet:-1","max-image-preview":"max-image-preview:large","max-video-preview":"max-video-preview:-1"},"canonical":"https:\/\/www.epen.gov.ar\/index.php\/2020\/07\/12\/arduas-tareas-en-la-zona-cordillerana\/","og_locale":"es_ES","og_type":"article","og_title":"EPEN - Arduas tareas en la zona cordillerana","og_description":"Arduas tareas en la zona cordillerana","og_url":"https:\/\/www.epen.gov.ar\/index.php\/2020\/07\/12\/arduas-tareas-en-la-zona-cordillerana\/","og_site_name":"EPEN","article_publisher":"https:\/\/www.facebook.com\/EPEN.Neuquen","article_published_time":"2020-07-12T23:43:11+00:00","og_image":[{"width":1039,"height":595,"url":"https:\/\/www.epen.gov.ar\/wp-content\/uploads\/2020\/07\/EPEN-trabajos-nieve-jul-2020-2-e1594597277854.jpeg","type":"image\/jpeg"}],"author":"Prensa EPEN","twitter_card":"summary_large_image","twitter_creator":"@EPEN_Informa","twitter_site":"@EPEN_Informa","twitter_misc":{"Escrito por":"Prensa EPEN","Tiempo de lectura":"4 minutos"},"schema":{"@context":"https:\/\/schema.org","@graph":[{"@type":"Article","@id":"https:\/\/www.epen.gov.ar\/index.php\/2020\/07\/12\/arduas-tareas-en-la-zona-cordillerana\/#article","isPartOf":{"@id":"https:\/\/www.epen.gov.ar\/index.php\/2020\/07\/12\/arduas-tareas-en-la-zona-cordillerana\/"},"author":{"name":"Prensa EPEN","@id":"https:\/\/www.epen.gov.ar\/#\/schema\/person\/ce6cff87c2fc01264becc10fa105ad4f"},"headline":"Arduas tareas en la zona cordillerana","datePublished":"2020-07-12T23:43:11+00:00","mainEntityOfPage":{"@id":"https:\/\/www.epen.gov.ar\/index.php\/2020\/07\/12\/arduas-tareas-en-la-zona-cordillerana\/"},"wordCount":769,"commentCount":0,"publisher":{"@id":"https:\/\/www.epen.gov.ar\/#organization"},"image":{"@id":"https:\/\/www.epen.gov.ar\/index.php\/2020\/07\/12\/arduas-tareas-en-la-zona-cordillerana\/#primaryimage"},"thumbnailUrl":"https:\/\/www.epen.gov.ar\/wp-content\/uploads\/2020\/07\/EPEN-trabajos-nieve-jul-2020-2-e1594597277854.jpeg","articleSection":["Noticias"],"inLanguage":"es","potentialAction":[{"@type":"CommentAction","name":"Comment","target":["https:\/\/www.epen.gov.ar\/index.php\/2020\/07\/12\/arduas-tareas-en-la-zona-cordillerana\/#respond"]}]},{"@type":"WebPage","@id":"https:\/\/www.epen.gov.ar\/index.php\/2020\/07\/12\/arduas-tareas-en-la-zona-cordillerana\/","url":"https:\/\/www.epen.gov.ar\/index.php\/2020\/07\/12\/arduas-tareas-en-la-zona-cordillerana\/","name":"EPEN - Arduas tareas en la zona cordillerana","isPartOf":{"@id":"https:\/\/www.epen.gov.ar\/#website"},"primaryImageOfPage":{"@id":"https:\/\/www.epen.gov.ar\/index.php\/2020\/07\/12\/arduas-tareas-en-la-zona-cordillerana\/#primaryimage"},"image":{"@id":"https:\/\/www.epen.gov.ar\/index.php\/2020\/07\/12\/arduas-tareas-en-la-zona-cordillerana\/#primaryimage"},"thumbnailUrl":"https:\/\/www.epen.gov.ar\/wp-content\/uploads\/2020\/07\/EPEN-trabajos-nieve-jul-2020-2-e1594597277854.jpeg","datePublished":"2020-07-12T23:43:11+00:00","description":"Arduas tareas en la zona cordillerana","breadcrumb":{"@id":"https:\/\/www.epen.gov.ar\/index.php\/2020\/07\/12\/arduas-tareas-en-la-zona-cordillerana\/#breadcrumb"},"inLanguage":"es","potentialAction":[{"@type":"ReadAction","target":["https:\/\/www.epen.gov.ar\/index.php\/2020\/07\/12\/arduas-tareas-en-la-zona-cordillerana\/"]}]},{"@type":"ImageObject","inLanguage":"es","@id":"https:\/\/www.epen.gov.ar\/index.php\/2020\/07\/12\/arduas-tareas-en-la-zona-cordillerana\/#primaryimage","url":"https:\/\/www.epen.gov.ar\/wp-content\/uploads\/2020\/07\/EPEN-trabajos-nieve-jul-2020-2-e1594597277854.jpeg","contentUrl":"https:\/\/www.epen.gov.ar\/wp-content\/uploads\/2020\/07\/EPEN-trabajos-nieve-jul-2020-2-e1594597277854.jpeg","width":1039,"height":595},{"@type":"BreadcrumbList","@id":"https:\/\/www.epen.gov.ar\/index.php\/2020\/07\/12\/arduas-tareas-en-la-zona-cordillerana\/#breadcrumb","itemListElement":[{"@type":"ListItem","position":1,"name":"Inicio","item":"https:\/\/www.epen.gov.ar\/"},{"@type":"ListItem","position":2,"name":"Arduas tareas en la zona cordillerana"}]},{"@type":"WebSite","@id":"https:\/\/www.epen.gov.ar\/#website","url":"https:\/\/www.epen.gov.ar\/","name":"EPEN","description":"Ente Provincial de Energ\u00eda del Neuqu\u00e9n","publisher":{"@id":"https:\/\/www.epen.gov.ar\/#organization"},"potentialAction":[{"@type":"SearchAction","target":{"@type":"EntryPoint","urlTemplate":"https:\/\/www.epen.gov.ar\/?s={search_term_string}"},"query-input":{"@type":"PropertyValueSpecification","valueRequired":true,"valueName":"search_term_string"}}],"inLanguage":"es"},{"@type":"Organization","@id":"https:\/\/www.epen.gov.ar\/#organization","name":"Ente Provincial de Energ\u00eda del Neuqu\u00e9n","url":"https:\/\/www.epen.gov.ar\/","logo":{"@type":"ImageObject","inLanguage":"es","@id":"https:\/\/www.epen.gov.ar\/#\/schema\/logo\/image\/","url":"https:\/\/www.epen.gov.ar\/wp-content\/uploads\/2024\/02\/Logo-EPEN-2.jpg","contentUrl":"https:\/\/www.epen.gov.ar\/wp-content\/uploads\/2024\/02\/Logo-EPEN-2.jpg","width":696,"height":696,"caption":"Ente Provincial de Energ\u00eda del Neuqu\u00e9n"},"image":{"@id":"https:\/\/www.epen.gov.ar\/#\/schema\/logo\/image\/"},"sameAs":["https:\/\/www.facebook.com\/EPEN.Neuquen","https:\/\/x.com\/EPEN_Informa","https:\/\/www.youtube.com\/@epenprensa7384"]},{"@type":"Person","@id":"https:\/\/www.epen.gov.ar\/#\/schema\/person\/ce6cff87c2fc01264becc10fa105ad4f","name":"Prensa EPEN","image":{"@type":"ImageObject","inLanguage":"es","@id":"https:\/\/secure.gravatar.com\/avatar\/f8120b8688012ccf2d7fbcf7a970cfbabf0ab63b09c2dbd72c194bee080070e9?s=96&d=mm&r=g","url":"https:\/\/secure.gravatar.com\/avatar\/f8120b8688012ccf2d7fbcf7a970cfbabf0ab63b09c2dbd72c194bee080070e9?s=96&d=mm&r=g","contentUrl":"https:\/\/secure.gravatar.com\/avatar\/f8120b8688012ccf2d7fbcf7a970cfbabf0ab63b09c2dbd72c194bee080070e9?s=96&d=mm&r=g","caption":"Prensa EPEN"},"url":"https:\/\/www.epen.gov.ar\/index.php\/author\/admin\/"}]}},"_links":{"self":[{"href":"https:\/\/www.epen.gov.ar\/index.php\/wp-json\/wp\/v2\/posts\/13086","targetHints":{"allow":["GET"]}}],"collection":[{"href":"https:\/\/www.epen.gov.ar\/index.php\/wp-json\/wp\/v2\/posts"}],"about":[{"href":"https:\/\/www.epen.gov.ar\/index.php\/wp-json\/wp\/v2\/types\/post"}],"author":[{"embeddable":true,"href":"https:\/\/www.epen.gov.ar\/index.php\/wp-json\/wp\/v2\/users\/1"}],"replies":[{"embeddable":true,"href":"https:\/\/www.epen.gov.ar\/index.php\/wp-json\/wp\/v2\/comments?post=13086"}],"version-history":[{"count":3,"href":"https:\/\/www.epen.gov.ar\/index.php\/wp-json\/wp\/v2\/posts\/13086\/revisions"}],"predecessor-version":[{"id":68054,"href":"https:\/\/www.epen.gov.ar\/index.php\/wp-json\/wp\/v2\/posts\/13086\/revisions\/68054"}],"wp:featuredmedia":[{"embeddable":true,"href":"https:\/\/www.epen.gov.ar\/index.php\/wp-json\/wp\/v2\/media\/13098"}],"wp:attachment":[{"href":"https:\/\/www.epen.gov.ar\/index.php\/wp-json\/wp\/v2\/media?parent=13086"}],"wp:term":[{"taxonomy":"category","embeddable":true,"href":"https:\/\/www.epen.gov.ar\/index.php\/wp-json\/wp\/v2\/categories?post=13086"},{"taxonomy":"post_tag","embeddable":true,"href":"https:\/\/www.epen.gov.ar\/index.php\/wp-json\/wp\/v2\/tags?post=13086"}],"curies":[{"name":"wp","href":"https:\/\/api.w.org\/{rel}","templated":true}]}}