{"id":12497,"date":"2020-06-30T10:51:39","date_gmt":"2020-06-30T13:51:39","guid":{"rendered":"http:\/\/192.168.200.48\/?p=12497"},"modified":"2020-06-30T10:51:39","modified_gmt":"2020-06-30T13:51:39","slug":"firma-de-contratos-para-ampliar-la-electrificacion-rural-en-la-zona-sur","status":"publish","type":"post","link":"https:\/\/www.epen.gov.ar\/index.php\/2020\/06\/30\/firma-de-contratos-para-ampliar-la-electrificacion-rural-en-la-zona-sur\/","title":{"rendered":"Firma de contratos para ampliar la electrificaci\u00f3n rural en la zona sur"},"content":{"rendered":"<div class=\"fusion-fullwidth fullwidth-box fusion-builder-row-1 nonhundred-percent-fullwidth non-hundred-percent-height-scrolling\" style=\"--awb-border-radius-top-left:0px;--awb-border-radius-top-right:0px;--awb-border-radius-bottom-right:0px;--awb-border-radius-bottom-left:0px;--awb-flex-wrap:wrap;\" ><div class=\"fusion-builder-row fusion-row\"><div class=\"fusion-layout-column fusion_builder_column fusion-builder-column-0 fusion_builder_column_2_3 2_3 fusion-two-third fusion-column-first\" style=\"--awb-bg-size:cover;width:66.666666666667%;width:calc(66.666666666667% - ( ( 4% ) * 0.66666666666667 ) );margin-right: 4%;\"><div class=\"fusion-column-wrapper fusion-column-has-shadow fusion-flex-column-wrapper-legacy\"><div class=\"fusion-text fusion-text-1\"><p class=\"bajada\"><em><strong>Las obras beneficiar\u00e1n a poblaci\u00f3n dispersa de los departamentos L\u00e1car, Huiliches, Cat\u00e1n Lil, y Coll\u00f3n Cur\u00e1. La inversi\u00f3n total es del orden de los 18 millones de d\u00f3lares.<\/strong><\/em><\/p>\n<p>La firma de los contratos para la ejecuci\u00f3n de las obras de electrificaci\u00f3n rural que beneficiar\u00e1n al sur provincial, proyectadas en el marco del \u201cDesarrollo agropecuario en \u00e1reas rurales con electrificaci\u00f3n: Jun\u00edn de los Andes \u2013 Las Coloradas\u201d, ya es una realidad. Las obras pertenecen a la cuarta fase del Programa de Servicios Agr\u00edcolas Provinciales (PROSAP) que se coordina entre el Ministerio de Producci\u00f3n y Trabajo de la Naci\u00f3n, el Ministerio de Producci\u00f3n e Industria del Neuqu\u00e9n, la Unidad Provincial de Enlace y Ejecuci\u00f3n de Proyectos con Financiamiento Externo (UPEFE) y el EPEN como \u00f3rgano ejecutor.<\/p>\n<p>En este sentido, tres conjuntos de obras ser\u00e1n ejecutados por dos empresas contratistas, luego del an\u00e1lisis de siete ofertas presentadas en diciembre del a\u00f1o pasado. As\u00ed la firma Proyecci\u00f3n Electroluz S.R.L. fue adjudicataria de la construcci\u00f3n de una l\u00ednea doble terna en 33 kilovolt de 24.5 kil\u00f3metros de extensi\u00f3n desde Jun\u00edn de los Andes, que actuar\u00e1 como una doble alimentaci\u00f3n local. Adem\u00e1s, se realizar\u00e1 la construcci\u00f3n de m\u00e1s de 80 kil\u00f3metros de l\u00ednea de media tensi\u00f3n para conectar a la localidad de Las Coloradas al sistema interconectado. Dicha localidad actualmente se abastece mediante una central t\u00e9rmica que genera de manera aislada con cuatro grupos generadores, cuyo insumo principal es el gas oil.<\/p>\n<p>Por su parte la empresa Rovella Carranza S.A. -tambi\u00e9n bajo la supervisi\u00f3n del EPEN- construir\u00e1 138 kil\u00f3metros para llevar energ\u00eda a los parajes Chiquilihuin- Paso Mamuil Malal (ex Tromen), la zona de San Ignacio de la comunidad mapuche Namuncur\u00e1, El Salitral, Costa Catan lil, la Estancia Catan lil y la Estancia Fern\u00e1ndez, con todos los medidores prepagos monof\u00e1sicos y trif\u00e1sicos correspondientes.<\/p>\n<p>\u201cEste tipo de obras permiten fortalecer el desarrollo productivo de la provincia y mejorar la calidad de vida de muchas familias\u201d, sostuvo el Ministro de Producci\u00f3n e Industria, Facundo L\u00f3pez Raggi. \u201cEn este sentido y tal como lo expresara el gobernador (Omar Guti\u00e9rrez) al momento de apertura de sobres, queremos acompa\u00f1ar a las empresas adjudicatarias a que respeten y propicie el empleo y el compre local\u201d, se\u00f1al\u00f3 Raggi.<\/p>\n<p>Por su parte, el presidente del EPEN -organismo dependiente de la secretar\u00eda General y Servicios P\u00fablicos- Francisco Zambon indic\u00f3 que \u201cel plazo de ejecuci\u00f3n es de 16 meses. Vamos a supervisar las obras y acompa\u00f1ar este desarrollo que una vez finalizado, no s\u00f3lo beneficiar\u00e1 a m\u00e1s de 6 mil familias sino que reemplazar\u00e1 la generaci\u00f3n local al conectar Las Coloradas al sistema, lo cual redunda en calidad de servicio, menores costos y menor impacto ambiental\u201d.<\/p>\n<p>El programa de electrificaci\u00f3n rural prev\u00e9 una inversi\u00f3n estimada de 18 millones de d\u00f3lares, de los cuales el BID aportar\u00e1 tres cuartas partes y la provincia el cuarto restante. Se trata de una inversi\u00f3n que beneficiar\u00e1 a m\u00e1s de 6.500 familias localizadas en los departamentos L\u00e1car, Huiliches, Cat\u00e1n Lil y Coll\u00f3n Cur\u00e1. Los pobladores beneficiarios pertenecen a las comunidades Namuncur\u00e1 y Cayulef, usuarios actuales de Jun\u00edn de los Andes y Las Coloradas, y decenas de emprendimientos agropecuarios, puestos sanitarios y escuelas de la zona.<\/p>\n<\/div><div class=\"fusion-clearfix\"><\/div><\/div><\/div><div class=\"fusion-layout-column fusion_builder_column fusion-builder-column-1 fusion_builder_column_1_3 1_3 fusion-one-third fusion-column-last\" style=\"--awb-bg-size:cover;width:33.333333333333%;width:calc(33.333333333333% - ( ( 4% ) * 0.33333333333333 ) );\"><div class=\"fusion-column-wrapper fusion-column-has-shadow fusion-flex-column-wrapper-legacy\"><div class=\"fusion-widget-area awb-widget-area-element fusion-widget-area-1 fusion-content-widget-area\" style=\"--awb-title-size:20px;--awb-title-color:#333333;--awb-padding:0px 0px 0px 0px;\"><style type=\"text\/css\" data-id=\"tweets-widget-2\">#tweets-widget-2 li { border-color:#eaeaea;}<\/style><section id=\"tweets-widget-2\" class=\"widget tweets\" style=\"border-style: solid;border-color: #eaeaea;border-color:transparent;border-width:0px;\">\t\t\t\t\n\t\t<div style=\"overflow:hidden\">\n\t\t\t\t\t\t\t\t\t\t\t<a class=\"twitter-timeline\" data-dnt=\"true\" href=\"https:\/\/twitter.com\/@EPEN_Informa\" data-width=\"500\" data-height=\"300\" width=\"500\" height=\"300\" data-theme=\"light\" data-link-color=\"##25a9bd\" data-border-color=\"#eaeaea\" data-chrome=\"\">Tweets por @EPEN_Informa<\/a>\n\t\t\t\t\t\t\t\n\t\t\t\t\t\t\t\t\t\t\t<script async src=\"\/\/platform.twitter.com\/widgets.js\" charset=\"utf-8\"><\/script>\n\t\t\t\t\t\t\t\n\t\t<\/div>\n\t\t<\/section>\n\t\t<section id=\"recent-posts-3\" class=\"widget widget_recent_entries\" style=\"border-style: solid;border-color:transparent;border-width:0px;\">\n\t\t<div class=\"heading\"><h4 class=\"widget-title\">Entradas recientes<\/h4><\/div>\n\t\t<ul>\n\t\t\t\t\t\t\t\t\t\t\t<li>\n\t\t\t\t\t<a href=\"https:\/\/www.epen.gov.ar\/index.php\/2026\/04\/30\/corte-programado-en-sectores-de-rincon-de-los-sauces-el-02-05-2026\/\">Corte Programado en sectores de Rinc\u00f3n de los Sauces el 02\/05\/2026<\/a>\n\t\t\t\t\t\t\t\t\t\t\t<span class=\"post-date\">30\/04\/2026<\/span>\n\t\t\t\t\t\t\t\t\t<\/li>\n\t\t\t\t\t\t\t\t\t\t\t<li>\n\t\t\t\t\t<a href=\"https:\/\/www.epen.gov.ar\/index.php\/2026\/04\/30\/licitacion-publica-n-14-2026-contratacion-de-servicios-de-desarrollo-y-mantenimiento-de-sistemas-informaticos\/\">LICITACI\u00d3N P\u00daBLICA N\u00b0 14\/2026 CONTRATACI\u00d3N DE SERVICIOS DE DESARROLLO Y MANTENIMIENTO DE SISTEMAS INFORM\u00c1TICOS<\/a>\n\t\t\t\t\t\t\t\t\t\t\t<span class=\"post-date\">30\/04\/2026<\/span>\n\t\t\t\t\t\t\t\t\t<\/li>\n\t\t\t\t\t\t\t\t\t\t\t<li>\n\t\t\t\t\t<a href=\"https:\/\/www.epen.gov.ar\/index.php\/2026\/04\/29\/corte-programado-en-sectores-de-centenario-el-30-04-2026\/\">Corte Programado en sectores de Centenario el 30\/04\/2026<\/a>\n\t\t\t\t\t\t\t\t\t\t\t<span class=\"post-date\">29\/04\/2026<\/span>\n\t\t\t\t\t\t\t\t\t<\/li>\n\t\t\t\t\t\t\t\t\t\t\t<li>\n\t\t\t\t\t<a href=\"https:\/\/www.epen.gov.ar\/index.php\/2026\/04\/28\/el-epen-impulsa-el-desarrollo-de-varvarco-con-nueva-infraestructura-para-17-lotes\/\">El EPEN impulsa el desarrollo de Varvarco con nueva infraestructura para 17 lotes<\/a>\n\t\t\t\t\t\t\t\t\t\t\t<span class=\"post-date\">28\/04\/2026<\/span>\n\t\t\t\t\t\t\t\t\t<\/li>\n\t\t\t\t\t\t\t\t\t\t\t<li>\n\t\t\t\t\t<a href=\"https:\/\/www.epen.gov.ar\/index.php\/2026\/04\/28\/corte-programado-en-sectores-de-zona-nahueve-el-30-04-2026\/\">Corte Programado en sectores de zona Nahueve el 30\/04\/2026<\/a>\n\t\t\t\t\t\t\t\t\t\t\t<span class=\"post-date\">28\/04\/2026<\/span>\n\t\t\t\t\t\t\t\t\t<\/li>\n\t\t\t\t\t<\/ul>\n\n\t\t<\/section><div class=\"fusion-additional-widget-content\"><\/div><\/div><div class=\"fusion-clearfix\"><\/div><\/div><\/div><\/div><\/div>\n","protected":false},"excerpt":{"rendered":"","protected":false},"author":1,"featured_media":12509,"comment_status":"open","ping_status":"open","sticky":false,"template":"","format":"standard","meta":{"_exactmetrics_skip_tracking":false,"_exactmetrics_sitenote_active":false,"_exactmetrics_sitenote_note":"","_exactmetrics_sitenote_category":0,"footnotes":""},"categories":[84],"tags":[],"class_list":["post-12497","post","type-post","status-publish","format-standard","has-post-thumbnail","hentry","category-noticias"],"yoast_head":"<!-- This site is optimized with the Yoast SEO plugin v27.2 - https:\/\/yoast.com\/product\/yoast-seo-wordpress\/ -->\n<title>EPEN - Firma de contratos para ampliar la electrificaci\u00f3n rural en la zona sur<\/title>\n<meta name=\"description\" content=\"Firma de contratos para ampliar la electrificaci\u00f3n rural en la zona sur\" \/>\n<meta name=\"robots\" content=\"index, follow, max-snippet:-1, max-image-preview:large, max-video-preview:-1\" \/>\n<link rel=\"canonical\" href=\"https:\/\/www.epen.gov.ar\/index.php\/2020\/06\/30\/firma-de-contratos-para-ampliar-la-electrificacion-rural-en-la-zona-sur\/\" \/>\n<meta property=\"og:locale\" content=\"es_ES\" \/>\n<meta property=\"og:type\" content=\"article\" \/>\n<meta property=\"og:title\" content=\"EPEN - Firma de contratos para ampliar la electrificaci\u00f3n rural en la zona sur\" \/>\n<meta property=\"og:description\" content=\"Firma de contratos para ampliar la electrificaci\u00f3n rural en la zona sur\" \/>\n<meta property=\"og:url\" content=\"https:\/\/www.epen.gov.ar\/index.php\/2020\/06\/30\/firma-de-contratos-para-ampliar-la-electrificacion-rural-en-la-zona-sur\/\" \/>\n<meta property=\"og:site_name\" content=\"EPEN\" \/>\n<meta property=\"article:publisher\" content=\"https:\/\/www.facebook.com\/EPEN.Neuquen\" \/>\n<meta property=\"article:published_time\" content=\"2020-06-30T13:51:39+00:00\" \/>\n<meta property=\"og:image\" content=\"https:\/\/www.epen.gov.ar\/wp-content\/uploads\/2020\/06\/Electrificacion-Rural_0048-1-1068x528-1.jpg\" \/>\n\t<meta property=\"og:image:width\" content=\"1068\" \/>\n\t<meta property=\"og:image:height\" content=\"528\" \/>\n\t<meta property=\"og:image:type\" content=\"image\/jpeg\" \/>\n<meta name=\"author\" content=\"Prensa EPEN\" \/>\n<meta name=\"twitter:card\" content=\"summary_large_image\" \/>\n<meta name=\"twitter:creator\" content=\"@EPEN_Informa\" \/>\n<meta name=\"twitter:site\" content=\"@EPEN_Informa\" \/>\n<meta name=\"twitter:label1\" content=\"Escrito por\" \/>\n\t<meta name=\"twitter:data1\" content=\"Prensa EPEN\" \/>\n\t<meta name=\"twitter:label2\" content=\"Tiempo de lectura\" \/>\n\t<meta name=\"twitter:data2\" content=\"5 minutos\" \/>\n<script type=\"application\/ld+json\" class=\"yoast-schema-graph\">{\"@context\":\"https:\/\/schema.org\",\"@graph\":[{\"@type\":\"Article\",\"@id\":\"https:\/\/www.epen.gov.ar\/index.php\/2020\/06\/30\/firma-de-contratos-para-ampliar-la-electrificacion-rural-en-la-zona-sur\/#article\",\"isPartOf\":{\"@id\":\"https:\/\/www.epen.gov.ar\/index.php\/2020\/06\/30\/firma-de-contratos-para-ampliar-la-electrificacion-rural-en-la-zona-sur\/\"},\"author\":{\"name\":\"Prensa EPEN\",\"@id\":\"https:\/\/www.epen.gov.ar\/#\/schema\/person\/ce6cff87c2fc01264becc10fa105ad4f\"},\"headline\":\"Firma de contratos para ampliar la electrificaci\u00f3n rural en la zona sur\",\"datePublished\":\"2020-06-30T13:51:39+00:00\",\"mainEntityOfPage\":{\"@id\":\"https:\/\/www.epen.gov.ar\/index.php\/2020\/06\/30\/firma-de-contratos-para-ampliar-la-electrificacion-rural-en-la-zona-sur\/\"},\"wordCount\":952,\"commentCount\":0,\"publisher\":{\"@id\":\"https:\/\/www.epen.gov.ar\/#organization\"},\"image\":{\"@id\":\"https:\/\/www.epen.gov.ar\/index.php\/2020\/06\/30\/firma-de-contratos-para-ampliar-la-electrificacion-rural-en-la-zona-sur\/#primaryimage\"},\"thumbnailUrl\":\"https:\/\/www.epen.gov.ar\/wp-content\/uploads\/2020\/06\/Electrificacion-Rural_0048-1-1068x528-1.jpg\",\"articleSection\":[\"Noticias\"],\"inLanguage\":\"es\",\"potentialAction\":[{\"@type\":\"CommentAction\",\"name\":\"Comment\",\"target\":[\"https:\/\/www.epen.gov.ar\/index.php\/2020\/06\/30\/firma-de-contratos-para-ampliar-la-electrificacion-rural-en-la-zona-sur\/#respond\"]}]},{\"@type\":\"WebPage\",\"@id\":\"https:\/\/www.epen.gov.ar\/index.php\/2020\/06\/30\/firma-de-contratos-para-ampliar-la-electrificacion-rural-en-la-zona-sur\/\",\"url\":\"https:\/\/www.epen.gov.ar\/index.php\/2020\/06\/30\/firma-de-contratos-para-ampliar-la-electrificacion-rural-en-la-zona-sur\/\",\"name\":\"EPEN - Firma de contratos para ampliar la electrificaci\u00f3n rural en la zona sur\",\"isPartOf\":{\"@id\":\"https:\/\/www.epen.gov.ar\/#website\"},\"primaryImageOfPage\":{\"@id\":\"https:\/\/www.epen.gov.ar\/index.php\/2020\/06\/30\/firma-de-contratos-para-ampliar-la-electrificacion-rural-en-la-zona-sur\/#primaryimage\"},\"image\":{\"@id\":\"https:\/\/www.epen.gov.ar\/index.php\/2020\/06\/30\/firma-de-contratos-para-ampliar-la-electrificacion-rural-en-la-zona-sur\/#primaryimage\"},\"thumbnailUrl\":\"https:\/\/www.epen.gov.ar\/wp-content\/uploads\/2020\/06\/Electrificacion-Rural_0048-1-1068x528-1.jpg\",\"datePublished\":\"2020-06-30T13:51:39+00:00\",\"description\":\"Firma de contratos para ampliar la electrificaci\u00f3n rural en la zona sur\",\"breadcrumb\":{\"@id\":\"https:\/\/www.epen.gov.ar\/index.php\/2020\/06\/30\/firma-de-contratos-para-ampliar-la-electrificacion-rural-en-la-zona-sur\/#breadcrumb\"},\"inLanguage\":\"es\",\"potentialAction\":[{\"@type\":\"ReadAction\",\"target\":[\"https:\/\/www.epen.gov.ar\/index.php\/2020\/06\/30\/firma-de-contratos-para-ampliar-la-electrificacion-rural-en-la-zona-sur\/\"]}]},{\"@type\":\"ImageObject\",\"inLanguage\":\"es\",\"@id\":\"https:\/\/www.epen.gov.ar\/index.php\/2020\/06\/30\/firma-de-contratos-para-ampliar-la-electrificacion-rural-en-la-zona-sur\/#primaryimage\",\"url\":\"https:\/\/www.epen.gov.ar\/wp-content\/uploads\/2020\/06\/Electrificacion-Rural_0048-1-1068x528-1.jpg\",\"contentUrl\":\"https:\/\/www.epen.gov.ar\/wp-content\/uploads\/2020\/06\/Electrificacion-Rural_0048-1-1068x528-1.jpg\",\"width\":1068,\"height\":528},{\"@type\":\"BreadcrumbList\",\"@id\":\"https:\/\/www.epen.gov.ar\/index.php\/2020\/06\/30\/firma-de-contratos-para-ampliar-la-electrificacion-rural-en-la-zona-sur\/#breadcrumb\",\"itemListElement\":[{\"@type\":\"ListItem\",\"position\":1,\"name\":\"Inicio\",\"item\":\"https:\/\/www.epen.gov.ar\/\"},{\"@type\":\"ListItem\",\"position\":2,\"name\":\"Firma de contratos para ampliar la electrificaci\u00f3n rural en la zona sur\"}]},{\"@type\":\"WebSite\",\"@id\":\"https:\/\/www.epen.gov.ar\/#website\",\"url\":\"https:\/\/www.epen.gov.ar\/\",\"name\":\"EPEN\",\"description\":\"Ente Provincial de Energ\u00eda del Neuqu\u00e9n\",\"publisher\":{\"@id\":\"https:\/\/www.epen.gov.ar\/#organization\"},\"potentialAction\":[{\"@type\":\"SearchAction\",\"target\":{\"@type\":\"EntryPoint\",\"urlTemplate\":\"https:\/\/www.epen.gov.ar\/?s={search_term_string}\"},\"query-input\":{\"@type\":\"PropertyValueSpecification\",\"valueRequired\":true,\"valueName\":\"search_term_string\"}}],\"inLanguage\":\"es\"},{\"@type\":\"Organization\",\"@id\":\"https:\/\/www.epen.gov.ar\/#organization\",\"name\":\"Ente Provincial de Energ\u00eda del Neuqu\u00e9n\",\"url\":\"https:\/\/www.epen.gov.ar\/\",\"logo\":{\"@type\":\"ImageObject\",\"inLanguage\":\"es\",\"@id\":\"https:\/\/www.epen.gov.ar\/#\/schema\/logo\/image\/\",\"url\":\"https:\/\/www.epen.gov.ar\/wp-content\/uploads\/2024\/02\/Logo-EPEN-2.jpg\",\"contentUrl\":\"https:\/\/www.epen.gov.ar\/wp-content\/uploads\/2024\/02\/Logo-EPEN-2.jpg\",\"width\":696,\"height\":696,\"caption\":\"Ente Provincial de Energ\u00eda del Neuqu\u00e9n\"},\"image\":{\"@id\":\"https:\/\/www.epen.gov.ar\/#\/schema\/logo\/image\/\"},\"sameAs\":[\"https:\/\/www.facebook.com\/EPEN.Neuquen\",\"https:\/\/x.com\/EPEN_Informa\",\"https:\/\/www.youtube.com\/@epenprensa7384\"]},{\"@type\":\"Person\",\"@id\":\"https:\/\/www.epen.gov.ar\/#\/schema\/person\/ce6cff87c2fc01264becc10fa105ad4f\",\"name\":\"Prensa EPEN\",\"image\":{\"@type\":\"ImageObject\",\"inLanguage\":\"es\",\"@id\":\"https:\/\/secure.gravatar.com\/avatar\/f8120b8688012ccf2d7fbcf7a970cfbabf0ab63b09c2dbd72c194bee080070e9?s=96&d=mm&r=g\",\"url\":\"https:\/\/secure.gravatar.com\/avatar\/f8120b8688012ccf2d7fbcf7a970cfbabf0ab63b09c2dbd72c194bee080070e9?s=96&d=mm&r=g\",\"contentUrl\":\"https:\/\/secure.gravatar.com\/avatar\/f8120b8688012ccf2d7fbcf7a970cfbabf0ab63b09c2dbd72c194bee080070e9?s=96&d=mm&r=g\",\"caption\":\"Prensa EPEN\"},\"url\":\"https:\/\/www.epen.gov.ar\/index.php\/author\/admin\/\"}]}<\/script>\n<!-- \/ Yoast SEO plugin. -->","yoast_head_json":{"title":"EPEN - Firma de contratos para ampliar la electrificaci\u00f3n rural en la zona sur","description":"Firma de contratos para ampliar la electrificaci\u00f3n rural en la zona sur","robots":{"index":"index","follow":"follow","max-snippet":"max-snippet:-1","max-image-preview":"max-image-preview:large","max-video-preview":"max-video-preview:-1"},"canonical":"https:\/\/www.epen.gov.ar\/index.php\/2020\/06\/30\/firma-de-contratos-para-ampliar-la-electrificacion-rural-en-la-zona-sur\/","og_locale":"es_ES","og_type":"article","og_title":"EPEN - Firma de contratos para ampliar la electrificaci\u00f3n rural en la zona sur","og_description":"Firma de contratos para ampliar la electrificaci\u00f3n rural en la zona sur","og_url":"https:\/\/www.epen.gov.ar\/index.php\/2020\/06\/30\/firma-de-contratos-para-ampliar-la-electrificacion-rural-en-la-zona-sur\/","og_site_name":"EPEN","article_publisher":"https:\/\/www.facebook.com\/EPEN.Neuquen","article_published_time":"2020-06-30T13:51:39+00:00","og_image":[{"width":1068,"height":528,"url":"https:\/\/www.epen.gov.ar\/wp-content\/uploads\/2020\/06\/Electrificacion-Rural_0048-1-1068x528-1.jpg","type":"image\/jpeg"}],"author":"Prensa EPEN","twitter_card":"summary_large_image","twitter_creator":"@EPEN_Informa","twitter_site":"@EPEN_Informa","twitter_misc":{"Escrito por":"Prensa EPEN","Tiempo de lectura":"5 minutos"},"schema":{"@context":"https:\/\/schema.org","@graph":[{"@type":"Article","@id":"https:\/\/www.epen.gov.ar\/index.php\/2020\/06\/30\/firma-de-contratos-para-ampliar-la-electrificacion-rural-en-la-zona-sur\/#article","isPartOf":{"@id":"https:\/\/www.epen.gov.ar\/index.php\/2020\/06\/30\/firma-de-contratos-para-ampliar-la-electrificacion-rural-en-la-zona-sur\/"},"author":{"name":"Prensa EPEN","@id":"https:\/\/www.epen.gov.ar\/#\/schema\/person\/ce6cff87c2fc01264becc10fa105ad4f"},"headline":"Firma de contratos para ampliar la electrificaci\u00f3n rural en la zona sur","datePublished":"2020-06-30T13:51:39+00:00","mainEntityOfPage":{"@id":"https:\/\/www.epen.gov.ar\/index.php\/2020\/06\/30\/firma-de-contratos-para-ampliar-la-electrificacion-rural-en-la-zona-sur\/"},"wordCount":952,"commentCount":0,"publisher":{"@id":"https:\/\/www.epen.gov.ar\/#organization"},"image":{"@id":"https:\/\/www.epen.gov.ar\/index.php\/2020\/06\/30\/firma-de-contratos-para-ampliar-la-electrificacion-rural-en-la-zona-sur\/#primaryimage"},"thumbnailUrl":"https:\/\/www.epen.gov.ar\/wp-content\/uploads\/2020\/06\/Electrificacion-Rural_0048-1-1068x528-1.jpg","articleSection":["Noticias"],"inLanguage":"es","potentialAction":[{"@type":"CommentAction","name":"Comment","target":["https:\/\/www.epen.gov.ar\/index.php\/2020\/06\/30\/firma-de-contratos-para-ampliar-la-electrificacion-rural-en-la-zona-sur\/#respond"]}]},{"@type":"WebPage","@id":"https:\/\/www.epen.gov.ar\/index.php\/2020\/06\/30\/firma-de-contratos-para-ampliar-la-electrificacion-rural-en-la-zona-sur\/","url":"https:\/\/www.epen.gov.ar\/index.php\/2020\/06\/30\/firma-de-contratos-para-ampliar-la-electrificacion-rural-en-la-zona-sur\/","name":"EPEN - Firma de contratos para ampliar la electrificaci\u00f3n rural en la zona sur","isPartOf":{"@id":"https:\/\/www.epen.gov.ar\/#website"},"primaryImageOfPage":{"@id":"https:\/\/www.epen.gov.ar\/index.php\/2020\/06\/30\/firma-de-contratos-para-ampliar-la-electrificacion-rural-en-la-zona-sur\/#primaryimage"},"image":{"@id":"https:\/\/www.epen.gov.ar\/index.php\/2020\/06\/30\/firma-de-contratos-para-ampliar-la-electrificacion-rural-en-la-zona-sur\/#primaryimage"},"thumbnailUrl":"https:\/\/www.epen.gov.ar\/wp-content\/uploads\/2020\/06\/Electrificacion-Rural_0048-1-1068x528-1.jpg","datePublished":"2020-06-30T13:51:39+00:00","description":"Firma de contratos para ampliar la electrificaci\u00f3n rural en la zona sur","breadcrumb":{"@id":"https:\/\/www.epen.gov.ar\/index.php\/2020\/06\/30\/firma-de-contratos-para-ampliar-la-electrificacion-rural-en-la-zona-sur\/#breadcrumb"},"inLanguage":"es","potentialAction":[{"@type":"ReadAction","target":["https:\/\/www.epen.gov.ar\/index.php\/2020\/06\/30\/firma-de-contratos-para-ampliar-la-electrificacion-rural-en-la-zona-sur\/"]}]},{"@type":"ImageObject","inLanguage":"es","@id":"https:\/\/www.epen.gov.ar\/index.php\/2020\/06\/30\/firma-de-contratos-para-ampliar-la-electrificacion-rural-en-la-zona-sur\/#primaryimage","url":"https:\/\/www.epen.gov.ar\/wp-content\/uploads\/2020\/06\/Electrificacion-Rural_0048-1-1068x528-1.jpg","contentUrl":"https:\/\/www.epen.gov.ar\/wp-content\/uploads\/2020\/06\/Electrificacion-Rural_0048-1-1068x528-1.jpg","width":1068,"height":528},{"@type":"BreadcrumbList","@id":"https:\/\/www.epen.gov.ar\/index.php\/2020\/06\/30\/firma-de-contratos-para-ampliar-la-electrificacion-rural-en-la-zona-sur\/#breadcrumb","itemListElement":[{"@type":"ListItem","position":1,"name":"Inicio","item":"https:\/\/www.epen.gov.ar\/"},{"@type":"ListItem","position":2,"name":"Firma de contratos para ampliar la electrificaci\u00f3n rural en la zona sur"}]},{"@type":"WebSite","@id":"https:\/\/www.epen.gov.ar\/#website","url":"https:\/\/www.epen.gov.ar\/","name":"EPEN","description":"Ente Provincial de Energ\u00eda del Neuqu\u00e9n","publisher":{"@id":"https:\/\/www.epen.gov.ar\/#organization"},"potentialAction":[{"@type":"SearchAction","target":{"@type":"EntryPoint","urlTemplate":"https:\/\/www.epen.gov.ar\/?s={search_term_string}"},"query-input":{"@type":"PropertyValueSpecification","valueRequired":true,"valueName":"search_term_string"}}],"inLanguage":"es"},{"@type":"Organization","@id":"https:\/\/www.epen.gov.ar\/#organization","name":"Ente Provincial de Energ\u00eda del Neuqu\u00e9n","url":"https:\/\/www.epen.gov.ar\/","logo":{"@type":"ImageObject","inLanguage":"es","@id":"https:\/\/www.epen.gov.ar\/#\/schema\/logo\/image\/","url":"https:\/\/www.epen.gov.ar\/wp-content\/uploads\/2024\/02\/Logo-EPEN-2.jpg","contentUrl":"https:\/\/www.epen.gov.ar\/wp-content\/uploads\/2024\/02\/Logo-EPEN-2.jpg","width":696,"height":696,"caption":"Ente Provincial de Energ\u00eda del Neuqu\u00e9n"},"image":{"@id":"https:\/\/www.epen.gov.ar\/#\/schema\/logo\/image\/"},"sameAs":["https:\/\/www.facebook.com\/EPEN.Neuquen","https:\/\/x.com\/EPEN_Informa","https:\/\/www.youtube.com\/@epenprensa7384"]},{"@type":"Person","@id":"https:\/\/www.epen.gov.ar\/#\/schema\/person\/ce6cff87c2fc01264becc10fa105ad4f","name":"Prensa EPEN","image":{"@type":"ImageObject","inLanguage":"es","@id":"https:\/\/secure.gravatar.com\/avatar\/f8120b8688012ccf2d7fbcf7a970cfbabf0ab63b09c2dbd72c194bee080070e9?s=96&d=mm&r=g","url":"https:\/\/secure.gravatar.com\/avatar\/f8120b8688012ccf2d7fbcf7a970cfbabf0ab63b09c2dbd72c194bee080070e9?s=96&d=mm&r=g","contentUrl":"https:\/\/secure.gravatar.com\/avatar\/f8120b8688012ccf2d7fbcf7a970cfbabf0ab63b09c2dbd72c194bee080070e9?s=96&d=mm&r=g","caption":"Prensa EPEN"},"url":"https:\/\/www.epen.gov.ar\/index.php\/author\/admin\/"}]}},"_links":{"self":[{"href":"https:\/\/www.epen.gov.ar\/index.php\/wp-json\/wp\/v2\/posts\/12497","targetHints":{"allow":["GET"]}}],"collection":[{"href":"https:\/\/www.epen.gov.ar\/index.php\/wp-json\/wp\/v2\/posts"}],"about":[{"href":"https:\/\/www.epen.gov.ar\/index.php\/wp-json\/wp\/v2\/types\/post"}],"author":[{"embeddable":true,"href":"https:\/\/www.epen.gov.ar\/index.php\/wp-json\/wp\/v2\/users\/1"}],"replies":[{"embeddable":true,"href":"https:\/\/www.epen.gov.ar\/index.php\/wp-json\/wp\/v2\/comments?post=12497"}],"version-history":[{"count":2,"href":"https:\/\/www.epen.gov.ar\/index.php\/wp-json\/wp\/v2\/posts\/12497\/revisions"}],"predecessor-version":[{"id":67938,"href":"https:\/\/www.epen.gov.ar\/index.php\/wp-json\/wp\/v2\/posts\/12497\/revisions\/67938"}],"wp:featuredmedia":[{"embeddable":true,"href":"https:\/\/www.epen.gov.ar\/index.php\/wp-json\/wp\/v2\/media\/12509"}],"wp:attachment":[{"href":"https:\/\/www.epen.gov.ar\/index.php\/wp-json\/wp\/v2\/media?parent=12497"}],"wp:term":[{"taxonomy":"category","embeddable":true,"href":"https:\/\/www.epen.gov.ar\/index.php\/wp-json\/wp\/v2\/categories?post=12497"},{"taxonomy":"post_tag","embeddable":true,"href":"https:\/\/www.epen.gov.ar\/index.php\/wp-json\/wp\/v2\/tags?post=12497"}],"curies":[{"name":"wp","href":"https:\/\/api.w.org\/{rel}","templated":true}]}}