{"id":12447,"date":"2020-06-29T12:57:54","date_gmt":"2020-06-29T15:57:54","guid":{"rendered":"http:\/\/192.168.200.48\/?p=12447"},"modified":"2020-06-29T13:00:15","modified_gmt":"2020-06-29T16:00:15","slug":"el-epen-continua-trabajando-en-villa-la-angostura-y-monitorea-lineas-de-transporte","status":"publish","type":"post","link":"https:\/\/www.epen.gov.ar\/index.php\/2020\/06\/29\/el-epen-continua-trabajando-en-villa-la-angostura-y-monitorea-lineas-de-transporte\/","title":{"rendered":"El EPEN contin\u00faa trabajando en Villa La Angostura y monitorea l\u00edneas de transporte"},"content":{"rendered":"<div class=\"fusion-fullwidth fullwidth-box fusion-builder-row-1 nonhundred-percent-fullwidth non-hundred-percent-height-scrolling\" style=\"--awb-border-radius-top-left:0px;--awb-border-radius-top-right:0px;--awb-border-radius-bottom-right:0px;--awb-border-radius-bottom-left:0px;--awb-flex-wrap:wrap;\" ><div class=\"fusion-builder-row fusion-row\"><div class=\"fusion-layout-column fusion_builder_column fusion-builder-column-0 fusion_builder_column_2_3 2_3 fusion-two-third fusion-column-first\" style=\"--awb-bg-size:cover;width:66.666666666667%;width:calc(66.666666666667% - ( ( 4% ) * 0.66666666666667 ) );margin-right: 4%;\"><div class=\"fusion-column-wrapper fusion-column-has-shadow fusion-flex-column-wrapper-legacy\"><div class=\"fusion-text fusion-text-1\"><p><em><strong>Mas cuadrillas se sumaron a la tarea en el sur. Se monitorean l\u00edneas de transporte en toda la provincia.<\/strong><\/em><\/p>\n<p>Desde el Ente Provincial de Energ\u00eda del Neuqu\u00e9n dependiente de la Secretar\u00eda General y Servicios P\u00fablicos, y en el marco del temporal de nieve y bajas temperaturas en toda la Provincia, informa que se han registrado algunos inconvenientes durante el fin de semana, donde la zona m\u00e1s complicada contin\u00faa siendo, principalmente Villa La Angostura en sectores con mucha acumulaci\u00f3n de nieve, m\u00e1s alejados del casco c\u00e9ntrico.<\/p>\n<p>Se ha trabajado tambi\u00e9n en San Mart\u00edn y Jun\u00edn de los Andes que -salvo alg\u00fan caso puntual de alg\u00fan suministro rural -ya est\u00e1n subsanados. Anoche se registraron salidas en servicio -de aproximadamente 40 minutos- en l\u00edneas de transporte hacia la zona oeste y el norte, en una l\u00ednea que va desde Zapala a Las Lajas, y en Puesto Hern\u00e1ndez hacia Chos Malal y tambi\u00e9n algunos inconvenientes puntuales en Ruca Choroy -que fueron solucionados- y en la l\u00ednea que va a Gua\u00f1acos, que afecta la zona de la Primavera en el norte provincial.<\/p>\n<p>En este sentido el presidente del EPEN, Francisco Zambon explic\u00f3 que \u201c-En particular, en cuanto a las l\u00edneas de transporte que tienen una afectaci\u00f3n m\u00e1s amplia, es decir que son las que alimentan a m\u00e1s localidades, se realizan recorridos en las l\u00edneas para relevar y reparar posibles salidas de servicio\u201d.<\/p>\n<p>Con respecto a la l\u00ednea Cutral Co-Zapala y el problema que se gener\u00f3 hace dos a\u00f1os -por el temporal junto a la formaci\u00f3n de hielo y el viento, que afecto a las columnas de alta tensi\u00f3n- Zambon indico que \u2013\u201cSe realiz\u00f3 un relevamiento exhaustivo, se hizo un estudio con la Universidad del Comahue, el tramo afectado fue reconstruido a nuevo, y se hizo un mantenimiento importante previo a este invierno\u201d.<\/p>\n<p>Con respecto a Villa La Angostura, expres\u00f3 que: -\u201cSe diferencia con el a\u00f1o pasado, y si bien se hizo un mantenimiento y poda, en la zona muy boscosa de todas formas las ramas -incluso las que est\u00e1n al otro lado de la calle- caen por el peso de la nieve, sobre todo de pinos muy grandes. Pero, gracias al trabajo preventivo de poda, las ramas ca\u00eddas son las m\u00e1s altas, y adem\u00e1s no ha habido cables cortados o l\u00edneas completas en el suelo, como el a\u00f1o pasado. Trabajamos con la colaboraci\u00f3n del municipio y manejo del fuego para abrir caminos\u201d.<\/p>\n<p><strong>Villa La Angostura<\/strong><\/p>\n<p>Hoy lunes, en particular en Villa La Angostura, con un 20% aproximadamente de sectores sin servicio, los trabajos se reforzaron con las cuadrillas que ayer arribaron a la localidad, provenientes de Zapala. Las tareas incluyen el apoyo de la Brigada de Incendios y m\u00e1quinas de la Municipalidad.<br \/>\nLas tareas programadas para hoy, desde primera hora se trabaja en acondicionar el alimentador Cumel\u00e9n en la l\u00ednea de media tensi\u00f3n troncal desde el reconectador. Hacia Puerto Manzano y zonas de Barrio Las Balsas, donde ayer se conect\u00f3 una parte, restando dos sectores de esa zona para el d\u00eda de hoy \u2013 desde Jean Pierre y la Subestaci\u00f3n Cohen y la Hoster\u00eda.<\/p>\n<p>Tambi\u00e9n se trabaja para conectar Faldeo del Bayo, Cumel\u00e9n, Puerto Manzano, Las Chacras, Calfuco, Aguas Azules, Muelle de Piedra y Cerro Bayo pertenecientes al Alimentador Cumel\u00e9n, sin energ\u00eda.<\/p>\n<p>En tanto un equipo trabajar\u00e1 en Villa Correntoso y sobre la l\u00ednea troncal hac\u00eda Parque Arauco y Bandurrias.<\/p>\n<p>Ayer por la tarde, se produjo la salida de servicio por fallas en Alimentador Correntoso en Calle Las Retamas por ramas de pinos sobre la l\u00ednea de media tensi\u00f3n, y posterior corte de Alimentadores Correntoso y Cumelen desde la Central, para cortar ramas de pinos sobre Los Araucanos. En este sentido se terminaron las maniobras y se energizaron las instalaciones a las 20 horas.<\/p>\n<p>Ayer tambi\u00e9n quedaron en servicio adem\u00e1s en Alimentador La Villa, y la zona del casco urbano, los Barrios Maikana, Barrio Selvana, Barrio Inacayal, zona Universidad de Cuyo, completando as\u00ed dicho Alimentador.<\/p>\n<p>En Alimentador Correntoso se energiz\u00f3 Barrio Epulafquen y se restableci\u00f3 alimentaci\u00f3n a Bombeos Correntoso y Rebombeo de Lomas de Correntoso.<\/p>\n<p>En Alimentador Cumel\u00e9n se energiz\u00f3 parte de Barrio Las Balsas.<\/p>\n<\/div><div class=\"fusion-clearfix\"><\/div><\/div><\/div><div class=\"fusion-layout-column fusion_builder_column fusion-builder-column-1 fusion_builder_column_1_3 1_3 fusion-one-third fusion-column-last\" style=\"--awb-bg-size:cover;width:33.333333333333%;width:calc(33.333333333333% - ( ( 4% ) * 0.33333333333333 ) );\"><div class=\"fusion-column-wrapper fusion-column-has-shadow fusion-flex-column-wrapper-legacy\"><div class=\"fusion-widget-area awb-widget-area-element fusion-widget-area-1 fusion-content-widget-area\" style=\"--awb-title-size:20px;--awb-title-color:#333333;--awb-padding:0px 0px 0px 0px;\"><style type=\"text\/css\" data-id=\"tweets-widget-2\">#tweets-widget-2 li { border-color:#eaeaea;}<\/style><section id=\"tweets-widget-2\" class=\"widget tweets\" style=\"border-style: solid;border-color: #eaeaea;border-color:transparent;border-width:0px;\">\t\t\t\t\n\t\t<div style=\"overflow:hidden\">\n\t\t\t\t\t\t\t\t\t\t\t<a class=\"twitter-timeline\" data-dnt=\"true\" href=\"https:\/\/twitter.com\/@EPEN_Informa\" data-width=\"500\" data-height=\"300\" width=\"500\" height=\"300\" data-theme=\"light\" data-link-color=\"##25a9bd\" data-border-color=\"#eaeaea\" data-chrome=\"\">Tweets por @EPEN_Informa<\/a>\n\t\t\t\t\t\t\t\n\t\t\t\t\t\t\t\t\t\t\t<script async src=\"\/\/platform.twitter.com\/widgets.js\" charset=\"utf-8\"><\/script>\n\t\t\t\t\t\t\t\n\t\t<\/div>\n\t\t<\/section>\n\t\t<section id=\"recent-posts-3\" class=\"widget widget_recent_entries\" style=\"border-style: solid;border-color:transparent;border-width:0px;\">\n\t\t<div class=\"heading\"><h4 class=\"widget-title\">Entradas recientes<\/h4><\/div>\n\t\t<ul>\n\t\t\t\t\t\t\t\t\t\t\t<li>\n\t\t\t\t\t<a href=\"https:\/\/www.epen.gov.ar\/index.php\/2026\/04\/30\/corte-programado-en-sectores-de-rincon-de-los-sauces-el-02-05-2026\/\">Corte Programado en sectores de Rinc\u00f3n de los Sauces el 02\/05\/2026<\/a>\n\t\t\t\t\t\t\t\t\t\t\t<span class=\"post-date\">30\/04\/2026<\/span>\n\t\t\t\t\t\t\t\t\t<\/li>\n\t\t\t\t\t\t\t\t\t\t\t<li>\n\t\t\t\t\t<a href=\"https:\/\/www.epen.gov.ar\/index.php\/2026\/04\/30\/licitacion-publica-n-14-2026-contratacion-de-servicios-de-desarrollo-y-mantenimiento-de-sistemas-informaticos\/\">LICITACI\u00d3N P\u00daBLICA N\u00b0 14\/2026 CONTRATACI\u00d3N DE SERVICIOS DE DESARROLLO Y MANTENIMIENTO DE SISTEMAS INFORM\u00c1TICOS<\/a>\n\t\t\t\t\t\t\t\t\t\t\t<span class=\"post-date\">30\/04\/2026<\/span>\n\t\t\t\t\t\t\t\t\t<\/li>\n\t\t\t\t\t\t\t\t\t\t\t<li>\n\t\t\t\t\t<a href=\"https:\/\/www.epen.gov.ar\/index.php\/2026\/04\/29\/corte-programado-en-sectores-de-centenario-el-30-04-2026\/\">Corte Programado en sectores de Centenario el 30\/04\/2026<\/a>\n\t\t\t\t\t\t\t\t\t\t\t<span class=\"post-date\">29\/04\/2026<\/span>\n\t\t\t\t\t\t\t\t\t<\/li>\n\t\t\t\t\t\t\t\t\t\t\t<li>\n\t\t\t\t\t<a href=\"https:\/\/www.epen.gov.ar\/index.php\/2026\/04\/28\/el-epen-impulsa-el-desarrollo-de-varvarco-con-nueva-infraestructura-para-17-lotes\/\">El EPEN impulsa el desarrollo de Varvarco con nueva infraestructura para 17 lotes<\/a>\n\t\t\t\t\t\t\t\t\t\t\t<span class=\"post-date\">28\/04\/2026<\/span>\n\t\t\t\t\t\t\t\t\t<\/li>\n\t\t\t\t\t\t\t\t\t\t\t<li>\n\t\t\t\t\t<a href=\"https:\/\/www.epen.gov.ar\/index.php\/2026\/04\/28\/corte-programado-en-sectores-de-zona-nahueve-el-30-04-2026\/\">Corte Programado en sectores de zona Nahueve el 30\/04\/2026<\/a>\n\t\t\t\t\t\t\t\t\t\t\t<span class=\"post-date\">28\/04\/2026<\/span>\n\t\t\t\t\t\t\t\t\t<\/li>\n\t\t\t\t\t<\/ul>\n\n\t\t<\/section><div class=\"fusion-additional-widget-content\"><\/div><\/div><div class=\"fusion-clearfix\"><\/div><\/div><\/div><\/div><\/div>\n","protected":false},"excerpt":{"rendered":"","protected":false},"author":1,"featured_media":12459,"comment_status":"open","ping_status":"open","sticky":false,"template":"","format":"standard","meta":{"_exactmetrics_skip_tracking":false,"_exactmetrics_sitenote_active":false,"_exactmetrics_sitenote_note":"","_exactmetrics_sitenote_category":0,"footnotes":""},"categories":[84],"tags":[],"class_list":["post-12447","post","type-post","status-publish","format-standard","has-post-thumbnail","hentry","category-noticias"],"yoast_head":"<!-- This site is optimized with the Yoast SEO plugin v27.2 - https:\/\/yoast.com\/product\/yoast-seo-wordpress\/ -->\n<title>EPEN - El EPEN contin\u00faa trabajando en Villa La Angostura y monitorea l\u00edneas de transporte<\/title>\n<meta name=\"description\" content=\"El EPEN contin\u00faa trabajando en Villa La Angostura y monitorea l\u00edneas de transporte\" \/>\n<meta name=\"robots\" content=\"index, follow, max-snippet:-1, max-image-preview:large, max-video-preview:-1\" \/>\n<link rel=\"canonical\" href=\"https:\/\/www.epen.gov.ar\/index.php\/2020\/06\/29\/el-epen-continua-trabajando-en-villa-la-angostura-y-monitorea-lineas-de-transporte\/\" \/>\n<meta property=\"og:locale\" content=\"es_ES\" \/>\n<meta property=\"og:type\" content=\"article\" \/>\n<meta property=\"og:title\" content=\"EPEN - El EPEN contin\u00faa trabajando en Villa La Angostura y monitorea l\u00edneas de transporte\" \/>\n<meta property=\"og:description\" content=\"El EPEN contin\u00faa trabajando en Villa La Angostura y monitorea l\u00edneas de transporte\" \/>\n<meta property=\"og:url\" content=\"https:\/\/www.epen.gov.ar\/index.php\/2020\/06\/29\/el-epen-continua-trabajando-en-villa-la-angostura-y-monitorea-lineas-de-transporte\/\" \/>\n<meta property=\"og:site_name\" content=\"EPEN\" \/>\n<meta property=\"article:publisher\" content=\"https:\/\/www.facebook.com\/EPEN.Neuquen\" \/>\n<meta property=\"article:published_time\" content=\"2020-06-29T15:57:54+00:00\" \/>\n<meta property=\"article:modified_time\" content=\"2020-06-29T16:00:15+00:00\" \/>\n<meta property=\"og:image\" content=\"https:\/\/www.epen.gov.ar\/wp-content\/uploads\/2020\/06\/BSLH3496-e1593445153609.jpg\" \/>\n\t<meta property=\"og:image:width\" content=\"960\" \/>\n\t<meta property=\"og:image:height\" content=\"633\" \/>\n\t<meta property=\"og:image:type\" content=\"image\/jpeg\" \/>\n<meta name=\"author\" content=\"Prensa EPEN\" \/>\n<meta name=\"twitter:card\" content=\"summary_large_image\" \/>\n<meta name=\"twitter:creator\" content=\"@EPEN_Informa\" \/>\n<meta name=\"twitter:site\" content=\"@EPEN_Informa\" \/>\n<meta name=\"twitter:label1\" content=\"Escrito por\" \/>\n\t<meta name=\"twitter:data1\" content=\"Prensa EPEN\" \/>\n\t<meta name=\"twitter:label2\" content=\"Tiempo de lectura\" \/>\n\t<meta name=\"twitter:data2\" content=\"5 minutos\" \/>\n<script type=\"application\/ld+json\" class=\"yoast-schema-graph\">{\"@context\":\"https:\/\/schema.org\",\"@graph\":[{\"@type\":\"Article\",\"@id\":\"https:\/\/www.epen.gov.ar\/index.php\/2020\/06\/29\/el-epen-continua-trabajando-en-villa-la-angostura-y-monitorea-lineas-de-transporte\/#article\",\"isPartOf\":{\"@id\":\"https:\/\/www.epen.gov.ar\/index.php\/2020\/06\/29\/el-epen-continua-trabajando-en-villa-la-angostura-y-monitorea-lineas-de-transporte\/\"},\"author\":{\"name\":\"Prensa EPEN\",\"@id\":\"https:\/\/www.epen.gov.ar\/#\/schema\/person\/ce6cff87c2fc01264becc10fa105ad4f\"},\"headline\":\"El EPEN contin\u00faa trabajando en Villa La Angostura y monitorea l\u00edneas de transporte\",\"datePublished\":\"2020-06-29T15:57:54+00:00\",\"dateModified\":\"2020-06-29T16:00:15+00:00\",\"mainEntityOfPage\":{\"@id\":\"https:\/\/www.epen.gov.ar\/index.php\/2020\/06\/29\/el-epen-continua-trabajando-en-villa-la-angostura-y-monitorea-lineas-de-transporte\/\"},\"wordCount\":1109,\"commentCount\":0,\"publisher\":{\"@id\":\"https:\/\/www.epen.gov.ar\/#organization\"},\"image\":{\"@id\":\"https:\/\/www.epen.gov.ar\/index.php\/2020\/06\/29\/el-epen-continua-trabajando-en-villa-la-angostura-y-monitorea-lineas-de-transporte\/#primaryimage\"},\"thumbnailUrl\":\"https:\/\/www.epen.gov.ar\/wp-content\/uploads\/2020\/06\/BSLH3496-e1593445153609.jpg\",\"articleSection\":[\"Noticias\"],\"inLanguage\":\"es\",\"potentialAction\":[{\"@type\":\"CommentAction\",\"name\":\"Comment\",\"target\":[\"https:\/\/www.epen.gov.ar\/index.php\/2020\/06\/29\/el-epen-continua-trabajando-en-villa-la-angostura-y-monitorea-lineas-de-transporte\/#respond\"]}]},{\"@type\":\"WebPage\",\"@id\":\"https:\/\/www.epen.gov.ar\/index.php\/2020\/06\/29\/el-epen-continua-trabajando-en-villa-la-angostura-y-monitorea-lineas-de-transporte\/\",\"url\":\"https:\/\/www.epen.gov.ar\/index.php\/2020\/06\/29\/el-epen-continua-trabajando-en-villa-la-angostura-y-monitorea-lineas-de-transporte\/\",\"name\":\"EPEN - El EPEN contin\u00faa trabajando en Villa La Angostura y monitorea l\u00edneas de transporte\",\"isPartOf\":{\"@id\":\"https:\/\/www.epen.gov.ar\/#website\"},\"primaryImageOfPage\":{\"@id\":\"https:\/\/www.epen.gov.ar\/index.php\/2020\/06\/29\/el-epen-continua-trabajando-en-villa-la-angostura-y-monitorea-lineas-de-transporte\/#primaryimage\"},\"image\":{\"@id\":\"https:\/\/www.epen.gov.ar\/index.php\/2020\/06\/29\/el-epen-continua-trabajando-en-villa-la-angostura-y-monitorea-lineas-de-transporte\/#primaryimage\"},\"thumbnailUrl\":\"https:\/\/www.epen.gov.ar\/wp-content\/uploads\/2020\/06\/BSLH3496-e1593445153609.jpg\",\"datePublished\":\"2020-06-29T15:57:54+00:00\",\"dateModified\":\"2020-06-29T16:00:15+00:00\",\"description\":\"El EPEN contin\u00faa trabajando en Villa La Angostura y monitorea l\u00edneas de transporte\",\"breadcrumb\":{\"@id\":\"https:\/\/www.epen.gov.ar\/index.php\/2020\/06\/29\/el-epen-continua-trabajando-en-villa-la-angostura-y-monitorea-lineas-de-transporte\/#breadcrumb\"},\"inLanguage\":\"es\",\"potentialAction\":[{\"@type\":\"ReadAction\",\"target\":[\"https:\/\/www.epen.gov.ar\/index.php\/2020\/06\/29\/el-epen-continua-trabajando-en-villa-la-angostura-y-monitorea-lineas-de-transporte\/\"]}]},{\"@type\":\"ImageObject\",\"inLanguage\":\"es\",\"@id\":\"https:\/\/www.epen.gov.ar\/index.php\/2020\/06\/29\/el-epen-continua-trabajando-en-villa-la-angostura-y-monitorea-lineas-de-transporte\/#primaryimage\",\"url\":\"https:\/\/www.epen.gov.ar\/wp-content\/uploads\/2020\/06\/BSLH3496-e1593445153609.jpg\",\"contentUrl\":\"https:\/\/www.epen.gov.ar\/wp-content\/uploads\/2020\/06\/BSLH3496-e1593445153609.jpg\",\"width\":960,\"height\":633},{\"@type\":\"BreadcrumbList\",\"@id\":\"https:\/\/www.epen.gov.ar\/index.php\/2020\/06\/29\/el-epen-continua-trabajando-en-villa-la-angostura-y-monitorea-lineas-de-transporte\/#breadcrumb\",\"itemListElement\":[{\"@type\":\"ListItem\",\"position\":1,\"name\":\"Inicio\",\"item\":\"https:\/\/www.epen.gov.ar\/\"},{\"@type\":\"ListItem\",\"position\":2,\"name\":\"El EPEN contin\u00faa trabajando en Villa La Angostura y monitorea l\u00edneas de transporte\"}]},{\"@type\":\"WebSite\",\"@id\":\"https:\/\/www.epen.gov.ar\/#website\",\"url\":\"https:\/\/www.epen.gov.ar\/\",\"name\":\"EPEN\",\"description\":\"Ente Provincial de Energ\u00eda del Neuqu\u00e9n\",\"publisher\":{\"@id\":\"https:\/\/www.epen.gov.ar\/#organization\"},\"potentialAction\":[{\"@type\":\"SearchAction\",\"target\":{\"@type\":\"EntryPoint\",\"urlTemplate\":\"https:\/\/www.epen.gov.ar\/?s={search_term_string}\"},\"query-input\":{\"@type\":\"PropertyValueSpecification\",\"valueRequired\":true,\"valueName\":\"search_term_string\"}}],\"inLanguage\":\"es\"},{\"@type\":\"Organization\",\"@id\":\"https:\/\/www.epen.gov.ar\/#organization\",\"name\":\"Ente Provincial de Energ\u00eda del Neuqu\u00e9n\",\"url\":\"https:\/\/www.epen.gov.ar\/\",\"logo\":{\"@type\":\"ImageObject\",\"inLanguage\":\"es\",\"@id\":\"https:\/\/www.epen.gov.ar\/#\/schema\/logo\/image\/\",\"url\":\"https:\/\/www.epen.gov.ar\/wp-content\/uploads\/2024\/02\/Logo-EPEN-2.jpg\",\"contentUrl\":\"https:\/\/www.epen.gov.ar\/wp-content\/uploads\/2024\/02\/Logo-EPEN-2.jpg\",\"width\":696,\"height\":696,\"caption\":\"Ente Provincial de Energ\u00eda del Neuqu\u00e9n\"},\"image\":{\"@id\":\"https:\/\/www.epen.gov.ar\/#\/schema\/logo\/image\/\"},\"sameAs\":[\"https:\/\/www.facebook.com\/EPEN.Neuquen\",\"https:\/\/x.com\/EPEN_Informa\",\"https:\/\/www.youtube.com\/@epenprensa7384\"]},{\"@type\":\"Person\",\"@id\":\"https:\/\/www.epen.gov.ar\/#\/schema\/person\/ce6cff87c2fc01264becc10fa105ad4f\",\"name\":\"Prensa EPEN\",\"image\":{\"@type\":\"ImageObject\",\"inLanguage\":\"es\",\"@id\":\"https:\/\/secure.gravatar.com\/avatar\/f8120b8688012ccf2d7fbcf7a970cfbabf0ab63b09c2dbd72c194bee080070e9?s=96&d=mm&r=g\",\"url\":\"https:\/\/secure.gravatar.com\/avatar\/f8120b8688012ccf2d7fbcf7a970cfbabf0ab63b09c2dbd72c194bee080070e9?s=96&d=mm&r=g\",\"contentUrl\":\"https:\/\/secure.gravatar.com\/avatar\/f8120b8688012ccf2d7fbcf7a970cfbabf0ab63b09c2dbd72c194bee080070e9?s=96&d=mm&r=g\",\"caption\":\"Prensa EPEN\"},\"url\":\"https:\/\/www.epen.gov.ar\/index.php\/author\/admin\/\"}]}<\/script>\n<!-- \/ Yoast SEO plugin. -->","yoast_head_json":{"title":"EPEN - El EPEN contin\u00faa trabajando en Villa La Angostura y monitorea l\u00edneas de transporte","description":"El EPEN contin\u00faa trabajando en Villa La Angostura y monitorea l\u00edneas de transporte","robots":{"index":"index","follow":"follow","max-snippet":"max-snippet:-1","max-image-preview":"max-image-preview:large","max-video-preview":"max-video-preview:-1"},"canonical":"https:\/\/www.epen.gov.ar\/index.php\/2020\/06\/29\/el-epen-continua-trabajando-en-villa-la-angostura-y-monitorea-lineas-de-transporte\/","og_locale":"es_ES","og_type":"article","og_title":"EPEN - El EPEN contin\u00faa trabajando en Villa La Angostura y monitorea l\u00edneas de transporte","og_description":"El EPEN contin\u00faa trabajando en Villa La Angostura y monitorea l\u00edneas de transporte","og_url":"https:\/\/www.epen.gov.ar\/index.php\/2020\/06\/29\/el-epen-continua-trabajando-en-villa-la-angostura-y-monitorea-lineas-de-transporte\/","og_site_name":"EPEN","article_publisher":"https:\/\/www.facebook.com\/EPEN.Neuquen","article_published_time":"2020-06-29T15:57:54+00:00","article_modified_time":"2020-06-29T16:00:15+00:00","og_image":[{"width":960,"height":633,"url":"https:\/\/www.epen.gov.ar\/wp-content\/uploads\/2020\/06\/BSLH3496-e1593445153609.jpg","type":"image\/jpeg"}],"author":"Prensa EPEN","twitter_card":"summary_large_image","twitter_creator":"@EPEN_Informa","twitter_site":"@EPEN_Informa","twitter_misc":{"Escrito por":"Prensa EPEN","Tiempo de lectura":"5 minutos"},"schema":{"@context":"https:\/\/schema.org","@graph":[{"@type":"Article","@id":"https:\/\/www.epen.gov.ar\/index.php\/2020\/06\/29\/el-epen-continua-trabajando-en-villa-la-angostura-y-monitorea-lineas-de-transporte\/#article","isPartOf":{"@id":"https:\/\/www.epen.gov.ar\/index.php\/2020\/06\/29\/el-epen-continua-trabajando-en-villa-la-angostura-y-monitorea-lineas-de-transporte\/"},"author":{"name":"Prensa EPEN","@id":"https:\/\/www.epen.gov.ar\/#\/schema\/person\/ce6cff87c2fc01264becc10fa105ad4f"},"headline":"El EPEN contin\u00faa trabajando en Villa La Angostura y monitorea l\u00edneas de transporte","datePublished":"2020-06-29T15:57:54+00:00","dateModified":"2020-06-29T16:00:15+00:00","mainEntityOfPage":{"@id":"https:\/\/www.epen.gov.ar\/index.php\/2020\/06\/29\/el-epen-continua-trabajando-en-villa-la-angostura-y-monitorea-lineas-de-transporte\/"},"wordCount":1109,"commentCount":0,"publisher":{"@id":"https:\/\/www.epen.gov.ar\/#organization"},"image":{"@id":"https:\/\/www.epen.gov.ar\/index.php\/2020\/06\/29\/el-epen-continua-trabajando-en-villa-la-angostura-y-monitorea-lineas-de-transporte\/#primaryimage"},"thumbnailUrl":"https:\/\/www.epen.gov.ar\/wp-content\/uploads\/2020\/06\/BSLH3496-e1593445153609.jpg","articleSection":["Noticias"],"inLanguage":"es","potentialAction":[{"@type":"CommentAction","name":"Comment","target":["https:\/\/www.epen.gov.ar\/index.php\/2020\/06\/29\/el-epen-continua-trabajando-en-villa-la-angostura-y-monitorea-lineas-de-transporte\/#respond"]}]},{"@type":"WebPage","@id":"https:\/\/www.epen.gov.ar\/index.php\/2020\/06\/29\/el-epen-continua-trabajando-en-villa-la-angostura-y-monitorea-lineas-de-transporte\/","url":"https:\/\/www.epen.gov.ar\/index.php\/2020\/06\/29\/el-epen-continua-trabajando-en-villa-la-angostura-y-monitorea-lineas-de-transporte\/","name":"EPEN - El EPEN contin\u00faa trabajando en Villa La Angostura y monitorea l\u00edneas de transporte","isPartOf":{"@id":"https:\/\/www.epen.gov.ar\/#website"},"primaryImageOfPage":{"@id":"https:\/\/www.epen.gov.ar\/index.php\/2020\/06\/29\/el-epen-continua-trabajando-en-villa-la-angostura-y-monitorea-lineas-de-transporte\/#primaryimage"},"image":{"@id":"https:\/\/www.epen.gov.ar\/index.php\/2020\/06\/29\/el-epen-continua-trabajando-en-villa-la-angostura-y-monitorea-lineas-de-transporte\/#primaryimage"},"thumbnailUrl":"https:\/\/www.epen.gov.ar\/wp-content\/uploads\/2020\/06\/BSLH3496-e1593445153609.jpg","datePublished":"2020-06-29T15:57:54+00:00","dateModified":"2020-06-29T16:00:15+00:00","description":"El EPEN contin\u00faa trabajando en Villa La Angostura y monitorea l\u00edneas de transporte","breadcrumb":{"@id":"https:\/\/www.epen.gov.ar\/index.php\/2020\/06\/29\/el-epen-continua-trabajando-en-villa-la-angostura-y-monitorea-lineas-de-transporte\/#breadcrumb"},"inLanguage":"es","potentialAction":[{"@type":"ReadAction","target":["https:\/\/www.epen.gov.ar\/index.php\/2020\/06\/29\/el-epen-continua-trabajando-en-villa-la-angostura-y-monitorea-lineas-de-transporte\/"]}]},{"@type":"ImageObject","inLanguage":"es","@id":"https:\/\/www.epen.gov.ar\/index.php\/2020\/06\/29\/el-epen-continua-trabajando-en-villa-la-angostura-y-monitorea-lineas-de-transporte\/#primaryimage","url":"https:\/\/www.epen.gov.ar\/wp-content\/uploads\/2020\/06\/BSLH3496-e1593445153609.jpg","contentUrl":"https:\/\/www.epen.gov.ar\/wp-content\/uploads\/2020\/06\/BSLH3496-e1593445153609.jpg","width":960,"height":633},{"@type":"BreadcrumbList","@id":"https:\/\/www.epen.gov.ar\/index.php\/2020\/06\/29\/el-epen-continua-trabajando-en-villa-la-angostura-y-monitorea-lineas-de-transporte\/#breadcrumb","itemListElement":[{"@type":"ListItem","position":1,"name":"Inicio","item":"https:\/\/www.epen.gov.ar\/"},{"@type":"ListItem","position":2,"name":"El EPEN contin\u00faa trabajando en Villa La Angostura y monitorea l\u00edneas de transporte"}]},{"@type":"WebSite","@id":"https:\/\/www.epen.gov.ar\/#website","url":"https:\/\/www.epen.gov.ar\/","name":"EPEN","description":"Ente Provincial de Energ\u00eda del Neuqu\u00e9n","publisher":{"@id":"https:\/\/www.epen.gov.ar\/#organization"},"potentialAction":[{"@type":"SearchAction","target":{"@type":"EntryPoint","urlTemplate":"https:\/\/www.epen.gov.ar\/?s={search_term_string}"},"query-input":{"@type":"PropertyValueSpecification","valueRequired":true,"valueName":"search_term_string"}}],"inLanguage":"es"},{"@type":"Organization","@id":"https:\/\/www.epen.gov.ar\/#organization","name":"Ente Provincial de Energ\u00eda del Neuqu\u00e9n","url":"https:\/\/www.epen.gov.ar\/","logo":{"@type":"ImageObject","inLanguage":"es","@id":"https:\/\/www.epen.gov.ar\/#\/schema\/logo\/image\/","url":"https:\/\/www.epen.gov.ar\/wp-content\/uploads\/2024\/02\/Logo-EPEN-2.jpg","contentUrl":"https:\/\/www.epen.gov.ar\/wp-content\/uploads\/2024\/02\/Logo-EPEN-2.jpg","width":696,"height":696,"caption":"Ente Provincial de Energ\u00eda del Neuqu\u00e9n"},"image":{"@id":"https:\/\/www.epen.gov.ar\/#\/schema\/logo\/image\/"},"sameAs":["https:\/\/www.facebook.com\/EPEN.Neuquen","https:\/\/x.com\/EPEN_Informa","https:\/\/www.youtube.com\/@epenprensa7384"]},{"@type":"Person","@id":"https:\/\/www.epen.gov.ar\/#\/schema\/person\/ce6cff87c2fc01264becc10fa105ad4f","name":"Prensa EPEN","image":{"@type":"ImageObject","inLanguage":"es","@id":"https:\/\/secure.gravatar.com\/avatar\/f8120b8688012ccf2d7fbcf7a970cfbabf0ab63b09c2dbd72c194bee080070e9?s=96&d=mm&r=g","url":"https:\/\/secure.gravatar.com\/avatar\/f8120b8688012ccf2d7fbcf7a970cfbabf0ab63b09c2dbd72c194bee080070e9?s=96&d=mm&r=g","contentUrl":"https:\/\/secure.gravatar.com\/avatar\/f8120b8688012ccf2d7fbcf7a970cfbabf0ab63b09c2dbd72c194bee080070e9?s=96&d=mm&r=g","caption":"Prensa EPEN"},"url":"https:\/\/www.epen.gov.ar\/index.php\/author\/admin\/"}]}},"_links":{"self":[{"href":"https:\/\/www.epen.gov.ar\/index.php\/wp-json\/wp\/v2\/posts\/12447","targetHints":{"allow":["GET"]}}],"collection":[{"href":"https:\/\/www.epen.gov.ar\/index.php\/wp-json\/wp\/v2\/posts"}],"about":[{"href":"https:\/\/www.epen.gov.ar\/index.php\/wp-json\/wp\/v2\/types\/post"}],"author":[{"embeddable":true,"href":"https:\/\/www.epen.gov.ar\/index.php\/wp-json\/wp\/v2\/users\/1"}],"replies":[{"embeddable":true,"href":"https:\/\/www.epen.gov.ar\/index.php\/wp-json\/wp\/v2\/comments?post=12447"}],"version-history":[{"count":3,"href":"https:\/\/www.epen.gov.ar\/index.php\/wp-json\/wp\/v2\/posts\/12447\/revisions"}],"predecessor-version":[{"id":67925,"href":"https:\/\/www.epen.gov.ar\/index.php\/wp-json\/wp\/v2\/posts\/12447\/revisions\/67925"}],"wp:featuredmedia":[{"embeddable":true,"href":"https:\/\/www.epen.gov.ar\/index.php\/wp-json\/wp\/v2\/media\/12459"}],"wp:attachment":[{"href":"https:\/\/www.epen.gov.ar\/index.php\/wp-json\/wp\/v2\/media?parent=12447"}],"wp:term":[{"taxonomy":"category","embeddable":true,"href":"https:\/\/www.epen.gov.ar\/index.php\/wp-json\/wp\/v2\/categories?post=12447"},{"taxonomy":"post_tag","embeddable":true,"href":"https:\/\/www.epen.gov.ar\/index.php\/wp-json\/wp\/v2\/tags?post=12447"}],"curies":[{"name":"wp","href":"https:\/\/api.w.org\/{rel}","templated":true}]}}