{"id":118894,"date":"2023-10-09T10:10:04","date_gmt":"2023-10-09T13:10:04","guid":{"rendered":"http:\/\/192.168.200.48\/?p=118894"},"modified":"2023-10-09T11:26:20","modified_gmt":"2023-10-09T14:26:20","slug":"mantenimiento-programado-en-piedra-del-aguila-y-santo-tomas","status":"publish","type":"post","link":"https:\/\/www.epen.gov.ar\/index.php\/2023\/10\/09\/mantenimiento-programado-en-piedra-del-aguila-y-santo-tomas\/","title":{"rendered":"Mantenimiento programado en Piedra del \u00c1guila y Santo Tom\u00e1s"},"content":{"rendered":"<div class=\"fusion-fullwidth fullwidth-box fusion-builder-row-1 nonhundred-percent-fullwidth non-hundred-percent-height-scrolling\" style=\"--awb-border-radius-top-left:0px;--awb-border-radius-top-right:0px;--awb-border-radius-bottom-right:0px;--awb-border-radius-bottom-left:0px;--awb-flex-wrap:wrap;\" ><div class=\"fusion-builder-row fusion-row\"><div class=\"fusion-layout-column fusion_builder_column fusion-builder-column-0 fusion_builder_column_2_3 2_3 fusion-two-third fusion-column-first\" style=\"--awb-bg-size:cover;width:66.666666666667%;width:calc(66.666666666667% - ( ( 4% ) * 0.66666666666667 ) );margin-right: 4%;\"><div class=\"fusion-column-wrapper fusion-column-has-shadow fusion-flex-column-wrapper-legacy\"><div class=\"fusion-text fusion-text-1\"><p style=\"text-align: justify;\"><em>El EPEN realizar\u00e1 tareas de mantenimiento durante 3 jornadas en ambas localidades. Ser\u00e1 desde el martes 10 al jueves 12 de octubre en diferentes horarios, durante los cuales se ver\u00e1 afectado el servicio el\u00e9ctrico en Piedra del \u00c1guila, Santo Tom\u00e1s y alrededores.<\/em><\/p>\n<p style=\"text-align: justify;\">El Ente Provincial de Energ\u00eda del Neuqu\u00e9n (EPEN) informa que se llevar\u00e1n a cabo tareas de mantenimiento programado en Piedra del \u00c1guila, Santo Tom\u00e1s y alrededores, desde el martes 10 al jueves 12 de octubre. Durante estas tres jornadas se realizar\u00e1n cortes de energ\u00eda en diferentes horarios, que afectar\u00e1n a ambas localidades y zonas rurales. Se incluye un corte general hacia Piedra del \u00c1guila y Santo Tom\u00e1s para el mi\u00e9rcoles 11.<\/p>\n<p style=\"text-align: justify;\">Los cortes afectar\u00e1n el suministro de acuerdo al siguiente detalle:<\/p>\n<p style=\"text-align: justify;\"><strong><u>Martes 10<\/u><\/strong><\/p>\n<ul>\n<li><strong>De 9 hs a 13:30 hs:<\/strong>\n<ul>\n<li style=\"text-align: justify;\">Piedra del \u00c1guila: Zona Corral\u00f3n Municipal, Chacras y Bombeo Municipal 850.<\/li>\n<li style=\"text-align: justify;\">Estancia Yunc\u00f3n, Zona Rural y Repetidoras.<\/li>\n<li style=\"text-align: justify;\">Santo Tom\u00e1s.<\/li>\n<\/ul>\n<\/li>\n<li><strong>De 16 hs a 19 hs:<\/strong>\n<ul>\n<li style=\"text-align: justify;\">Estancia Yunc\u00f3n.<\/li>\n<\/ul>\n<\/li>\n<li><strong>De 17 hs a 19:30 hs:<\/strong>\n<ul>\n<li style=\"text-align: justify;\">Santo Tom\u00e1s.<\/li>\n<\/ul>\n<\/li>\n<\/ul>\n<p style=\"text-align: justify;\"><strong><u>Mi\u00e9rcoles 11 <\/u><\/strong><\/p>\n<ul>\n<li><strong>De 9 hs a 13 hs:<\/strong>\n<ul>\n<li style=\"text-align: justify;\">Piedra del \u00c1guila en su totalidad.<\/li>\n<li style=\"text-align: justify;\">Santo Tom\u00e1s.<\/li>\n<\/ul>\n<\/li>\n<\/ul>\n<p style=\"text-align: justify;\"><strong><u>Jueves 12 <\/u><\/strong><\/p>\n<ul>\n<li><strong>De 9 hs a 13:30 hs:<\/strong>\n<ul>\n<li style=\"text-align: justify;\">Piedra del \u00c1guila: B\u00b0 Huiliches, B\u00b0 80 Viviendas, B\u00b0 Centro Este, entre las calles Winter y Volc\u00e1n Domuyo, Zona Hospital, B\u00b0 Mud\u00f3n, B\u00b0 Centro Oeste, B\u00b0 Hidroel\u00e9ctrica, B\u00b0 Jard\u00edn, B\u00b0 Norte, B\u00b0 20 Viviendas y Zona Rural.<\/li>\n<li style=\"text-align: justify;\">Zona Rural, Chacras, Matadero y Perilago.<\/li>\n<li style=\"text-align: justify;\">Santo Tom\u00e1s.<\/li>\n<\/ul>\n<\/li>\n<\/ul>\n<p style=\"text-align: justify;\">Solicitamos tomar los recaudos necesarios a fin de evitar los inconvenientes que la falta de energ\u00eda pudiese ocasionar.<\/p>\n<\/div><div class=\"fusion-clearfix\"><\/div><\/div><\/div><div class=\"fusion-layout-column fusion_builder_column fusion-builder-column-1 fusion_builder_column_1_3 1_3 fusion-one-third fusion-column-last\" style=\"--awb-bg-size:cover;width:33.333333333333%;width:calc(33.333333333333% - ( ( 4% ) * 0.33333333333333 ) );\"><div class=\"fusion-column-wrapper fusion-column-has-shadow fusion-flex-column-wrapper-legacy\"><div class=\"fusion-widget-area awb-widget-area-element fusion-widget-area-1 fusion-content-widget-area\" style=\"--awb-title-size:20px;--awb-title-color:#333333;--awb-padding:0px 0px 0px 0px;\"><style type=\"text\/css\" data-id=\"tweets-widget-2\">#tweets-widget-2 li { border-color:#eaeaea;}<\/style><section id=\"tweets-widget-2\" class=\"widget tweets\" style=\"border-style: solid;border-color: #eaeaea;border-color:transparent;border-width:0px;\">\t\t\t\t\n\t\t<div style=\"overflow:hidden\">\n\t\t\t\t\t\t\t\t\t\t\t<a class=\"twitter-timeline\" data-dnt=\"true\" href=\"https:\/\/twitter.com\/@EPEN_Informa\" data-width=\"500\" data-height=\"300\" width=\"500\" height=\"300\" data-theme=\"light\" data-link-color=\"##25a9bd\" data-border-color=\"#eaeaea\" data-chrome=\"\">Tweets por @EPEN_Informa<\/a>\n\t\t\t\t\t\t\t\n\t\t\t\t\t\t\t\t\t\t\t<script async src=\"\/\/platform.twitter.com\/widgets.js\" charset=\"utf-8\"><\/script>\n\t\t\t\t\t\t\t\n\t\t<\/div>\n\t\t<\/section>\n\t\t<section id=\"recent-posts-3\" class=\"widget widget_recent_entries\" style=\"border-style: solid;border-color:transparent;border-width:0px;\">\n\t\t<div class=\"heading\"><h4 class=\"widget-title\">Entradas recientes<\/h4><\/div>\n\t\t<ul>\n\t\t\t\t\t\t\t\t\t\t\t<li>\n\t\t\t\t\t<a href=\"https:\/\/www.epen.gov.ar\/index.php\/2026\/04\/30\/corte-programado-en-sectores-de-rincon-de-los-sauces-el-02-05-2026\/\">Corte Programado en sectores de Rinc\u00f3n de los Sauces el 02\/05\/2026<\/a>\n\t\t\t\t\t\t\t\t\t\t\t<span class=\"post-date\">30\/04\/2026<\/span>\n\t\t\t\t\t\t\t\t\t<\/li>\n\t\t\t\t\t\t\t\t\t\t\t<li>\n\t\t\t\t\t<a href=\"https:\/\/www.epen.gov.ar\/index.php\/2026\/04\/30\/licitacion-publica-n-14-2026-contratacion-de-servicios-de-desarrollo-y-mantenimiento-de-sistemas-informaticos\/\">LICITACI\u00d3N P\u00daBLICA N\u00b0 14\/2026 CONTRATACI\u00d3N DE SERVICIOS DE DESARROLLO Y MANTENIMIENTO DE SISTEMAS INFORM\u00c1TICOS<\/a>\n\t\t\t\t\t\t\t\t\t\t\t<span class=\"post-date\">30\/04\/2026<\/span>\n\t\t\t\t\t\t\t\t\t<\/li>\n\t\t\t\t\t\t\t\t\t\t\t<li>\n\t\t\t\t\t<a href=\"https:\/\/www.epen.gov.ar\/index.php\/2026\/04\/29\/corte-programado-en-sectores-de-centenario-el-30-04-2026\/\">Corte Programado en sectores de Centenario el 30\/04\/2026<\/a>\n\t\t\t\t\t\t\t\t\t\t\t<span class=\"post-date\">29\/04\/2026<\/span>\n\t\t\t\t\t\t\t\t\t<\/li>\n\t\t\t\t\t\t\t\t\t\t\t<li>\n\t\t\t\t\t<a href=\"https:\/\/www.epen.gov.ar\/index.php\/2026\/04\/28\/el-epen-impulsa-el-desarrollo-de-varvarco-con-nueva-infraestructura-para-17-lotes\/\">El EPEN impulsa el desarrollo de Varvarco con nueva infraestructura para 17 lotes<\/a>\n\t\t\t\t\t\t\t\t\t\t\t<span class=\"post-date\">28\/04\/2026<\/span>\n\t\t\t\t\t\t\t\t\t<\/li>\n\t\t\t\t\t\t\t\t\t\t\t<li>\n\t\t\t\t\t<a href=\"https:\/\/www.epen.gov.ar\/index.php\/2026\/04\/28\/corte-programado-en-sectores-de-zona-nahueve-el-30-04-2026\/\">Corte Programado en sectores de zona Nahueve el 30\/04\/2026<\/a>\n\t\t\t\t\t\t\t\t\t\t\t<span class=\"post-date\">28\/04\/2026<\/span>\n\t\t\t\t\t\t\t\t\t<\/li>\n\t\t\t\t\t<\/ul>\n\n\t\t<\/section><div class=\"fusion-additional-widget-content\"><\/div><\/div><div class=\"fusion-image-element in-legacy-container\" style=\"--awb-caption-title-font-family:var(--h2_typography-font-family);--awb-caption-title-font-weight:var(--h2_typography-font-weight);--awb-caption-title-font-style:var(--h2_typography-font-style);--awb-caption-title-size:var(--h2_typography-font-size);--awb-caption-title-transform:var(--h2_typography-text-transform);--awb-caption-title-line-height:var(--h2_typography-line-height);--awb-caption-title-letter-spacing:var(--h2_typography-letter-spacing);\"><span class=\" fusion-imageframe imageframe-none imageframe-1 hover-type-none\"><img decoding=\"async\" src=\"https:\/\/www.epen.gov.ar\/wp-content\/uploads\/2023\/05\/Consumos-Invierno.gif\" alt class=\"img-responsive\"\/><\/span><\/div><div class=\"fusion-image-element in-legacy-container\" style=\"--awb-caption-title-font-family:var(--h2_typography-font-family);--awb-caption-title-font-weight:var(--h2_typography-font-weight);--awb-caption-title-font-style:var(--h2_typography-font-style);--awb-caption-title-size:var(--h2_typography-font-size);--awb-caption-title-transform:var(--h2_typography-text-transform);--awb-caption-title-line-height:var(--h2_typography-line-height);--awb-caption-title-letter-spacing:var(--h2_typography-letter-spacing);\"><span class=\" fusion-imageframe imageframe-none imageframe-2 hover-type-none\"><img decoding=\"async\" width=\"287\" height=\"287\" title=\"gif-energia-solar-2\" src=\"https:\/\/www.epen.gov.ar\/wp-content\/uploads\/2020\/11\/gif-energia-solar-2.gif\" alt class=\"img-responsive wp-image-19110\"\/><\/span><\/div><div class=\"fusion-clearfix\"><\/div><\/div><\/div><\/div><\/div>\n","protected":false},"excerpt":{"rendered":"","protected":false},"author":1,"featured_media":118949,"comment_status":"closed","ping_status":"closed","sticky":false,"template":"","format":"standard","meta":{"_exactmetrics_skip_tracking":false,"_exactmetrics_sitenote_active":false,"_exactmetrics_sitenote_note":"","_exactmetrics_sitenote_category":0,"footnotes":""},"categories":[84],"tags":[336,561,491,236],"class_list":["post-118894","post","type-post","status-publish","format-standard","has-post-thumbnail","hentry","category-noticias","tag-corteprogramado","tag-piedradelaguila","tag-mantenimiento-programado","tag-media-tension"],"yoast_head":"<!-- This site is optimized with the Yoast SEO plugin v27.2 - https:\/\/yoast.com\/product\/yoast-seo-wordpress\/ -->\n<title>EPEN - Mantenimiento programado en Piedra del \u00c1guila y Santo Tom\u00e1s<\/title>\n<meta name=\"description\" content=\"Mantenimiento programado en Piedra del \u00c1guila y Santo Tom\u00e1s\" \/>\n<meta name=\"robots\" content=\"index, follow, max-snippet:-1, max-image-preview:large, max-video-preview:-1\" \/>\n<link rel=\"canonical\" href=\"https:\/\/www.epen.gov.ar\/index.php\/2023\/10\/09\/mantenimiento-programado-en-piedra-del-aguila-y-santo-tomas\/\" \/>\n<meta property=\"og:locale\" content=\"es_ES\" \/>\n<meta property=\"og:type\" content=\"article\" \/>\n<meta property=\"og:title\" content=\"EPEN - Mantenimiento programado en Piedra del \u00c1guila y Santo Tom\u00e1s\" \/>\n<meta property=\"og:description\" content=\"Mantenimiento programado en Piedra del \u00c1guila y Santo Tom\u00e1s\" \/>\n<meta property=\"og:url\" content=\"https:\/\/www.epen.gov.ar\/index.php\/2023\/10\/09\/mantenimiento-programado-en-piedra-del-aguila-y-santo-tomas\/\" \/>\n<meta property=\"og:site_name\" content=\"EPEN\" \/>\n<meta property=\"article:publisher\" content=\"https:\/\/www.facebook.com\/EPEN.Neuquen\" \/>\n<meta property=\"article:published_time\" content=\"2023-10-09T13:10:04+00:00\" \/>\n<meta property=\"article:modified_time\" content=\"2023-10-09T14:26:20+00:00\" \/>\n<meta property=\"og:image\" content=\"https:\/\/www.epen.gov.ar\/wp-content\/uploads\/2023\/10\/picun-piedra-EPEN-scaled.jpg\" \/>\n\t<meta property=\"og:image:width\" content=\"2560\" \/>\n\t<meta property=\"og:image:height\" content=\"1920\" \/>\n\t<meta property=\"og:image:type\" content=\"image\/jpeg\" \/>\n<meta name=\"author\" content=\"Prensa EPEN\" \/>\n<meta name=\"twitter:card\" content=\"summary_large_image\" \/>\n<meta name=\"twitter:creator\" content=\"@EPEN_Informa\" \/>\n<meta name=\"twitter:site\" content=\"@EPEN_Informa\" \/>\n<meta name=\"twitter:label1\" content=\"Escrito por\" \/>\n\t<meta name=\"twitter:data1\" content=\"Prensa EPEN\" \/>\n\t<meta name=\"twitter:label2\" content=\"Tiempo de lectura\" \/>\n\t<meta name=\"twitter:data2\" content=\"6 minutos\" \/>\n<script type=\"application\/ld+json\" class=\"yoast-schema-graph\">{\"@context\":\"https:\/\/schema.org\",\"@graph\":[{\"@type\":\"Article\",\"@id\":\"https:\/\/www.epen.gov.ar\/index.php\/2023\/10\/09\/mantenimiento-programado-en-piedra-del-aguila-y-santo-tomas\/#article\",\"isPartOf\":{\"@id\":\"https:\/\/www.epen.gov.ar\/index.php\/2023\/10\/09\/mantenimiento-programado-en-piedra-del-aguila-y-santo-tomas\/\"},\"author\":{\"name\":\"Prensa EPEN\",\"@id\":\"https:\/\/www.epen.gov.ar\/#\/schema\/person\/ce6cff87c2fc01264becc10fa105ad4f\"},\"headline\":\"Mantenimiento programado en Piedra del \u00c1guila y Santo Tom\u00e1s\",\"datePublished\":\"2023-10-09T13:10:04+00:00\",\"dateModified\":\"2023-10-09T14:26:20+00:00\",\"mainEntityOfPage\":{\"@id\":\"https:\/\/www.epen.gov.ar\/index.php\/2023\/10\/09\/mantenimiento-programado-en-piedra-del-aguila-y-santo-tomas\/\"},\"wordCount\":1279,\"publisher\":{\"@id\":\"https:\/\/www.epen.gov.ar\/#organization\"},\"image\":{\"@id\":\"https:\/\/www.epen.gov.ar\/index.php\/2023\/10\/09\/mantenimiento-programado-en-piedra-del-aguila-y-santo-tomas\/#primaryimage\"},\"thumbnailUrl\":\"https:\/\/www.epen.gov.ar\/wp-content\/uploads\/2023\/10\/picun-piedra-EPEN-scaled.jpg\",\"keywords\":[\"#CorteProgramado\",\"#PiedraDel\u00c1guila\",\"Mantenimiento programado\",\"Media Tensi\u00f3n\"],\"articleSection\":[\"Noticias\"],\"inLanguage\":\"es\"},{\"@type\":\"WebPage\",\"@id\":\"https:\/\/www.epen.gov.ar\/index.php\/2023\/10\/09\/mantenimiento-programado-en-piedra-del-aguila-y-santo-tomas\/\",\"url\":\"https:\/\/www.epen.gov.ar\/index.php\/2023\/10\/09\/mantenimiento-programado-en-piedra-del-aguila-y-santo-tomas\/\",\"name\":\"EPEN - Mantenimiento programado en Piedra del \u00c1guila y Santo Tom\u00e1s\",\"isPartOf\":{\"@id\":\"https:\/\/www.epen.gov.ar\/#website\"},\"primaryImageOfPage\":{\"@id\":\"https:\/\/www.epen.gov.ar\/index.php\/2023\/10\/09\/mantenimiento-programado-en-piedra-del-aguila-y-santo-tomas\/#primaryimage\"},\"image\":{\"@id\":\"https:\/\/www.epen.gov.ar\/index.php\/2023\/10\/09\/mantenimiento-programado-en-piedra-del-aguila-y-santo-tomas\/#primaryimage\"},\"thumbnailUrl\":\"https:\/\/www.epen.gov.ar\/wp-content\/uploads\/2023\/10\/picun-piedra-EPEN-scaled.jpg\",\"datePublished\":\"2023-10-09T13:10:04+00:00\",\"dateModified\":\"2023-10-09T14:26:20+00:00\",\"description\":\"Mantenimiento programado en Piedra del \u00c1guila y Santo Tom\u00e1s\",\"breadcrumb\":{\"@id\":\"https:\/\/www.epen.gov.ar\/index.php\/2023\/10\/09\/mantenimiento-programado-en-piedra-del-aguila-y-santo-tomas\/#breadcrumb\"},\"inLanguage\":\"es\",\"potentialAction\":[{\"@type\":\"ReadAction\",\"target\":[\"https:\/\/www.epen.gov.ar\/index.php\/2023\/10\/09\/mantenimiento-programado-en-piedra-del-aguila-y-santo-tomas\/\"]}]},{\"@type\":\"ImageObject\",\"inLanguage\":\"es\",\"@id\":\"https:\/\/www.epen.gov.ar\/index.php\/2023\/10\/09\/mantenimiento-programado-en-piedra-del-aguila-y-santo-tomas\/#primaryimage\",\"url\":\"https:\/\/www.epen.gov.ar\/wp-content\/uploads\/2023\/10\/picun-piedra-EPEN-scaled.jpg\",\"contentUrl\":\"https:\/\/www.epen.gov.ar\/wp-content\/uploads\/2023\/10\/picun-piedra-EPEN-scaled.jpg\",\"width\":2560,\"height\":1920},{\"@type\":\"BreadcrumbList\",\"@id\":\"https:\/\/www.epen.gov.ar\/index.php\/2023\/10\/09\/mantenimiento-programado-en-piedra-del-aguila-y-santo-tomas\/#breadcrumb\",\"itemListElement\":[{\"@type\":\"ListItem\",\"position\":1,\"name\":\"Inicio\",\"item\":\"https:\/\/www.epen.gov.ar\/\"},{\"@type\":\"ListItem\",\"position\":2,\"name\":\"Mantenimiento programado en Piedra del \u00c1guila y Santo Tom\u00e1s\"}]},{\"@type\":\"WebSite\",\"@id\":\"https:\/\/www.epen.gov.ar\/#website\",\"url\":\"https:\/\/www.epen.gov.ar\/\",\"name\":\"EPEN\",\"description\":\"Ente Provincial de Energ\u00eda del Neuqu\u00e9n\",\"publisher\":{\"@id\":\"https:\/\/www.epen.gov.ar\/#organization\"},\"potentialAction\":[{\"@type\":\"SearchAction\",\"target\":{\"@type\":\"EntryPoint\",\"urlTemplate\":\"https:\/\/www.epen.gov.ar\/?s={search_term_string}\"},\"query-input\":{\"@type\":\"PropertyValueSpecification\",\"valueRequired\":true,\"valueName\":\"search_term_string\"}}],\"inLanguage\":\"es\"},{\"@type\":\"Organization\",\"@id\":\"https:\/\/www.epen.gov.ar\/#organization\",\"name\":\"Ente Provincial de Energ\u00eda del Neuqu\u00e9n\",\"url\":\"https:\/\/www.epen.gov.ar\/\",\"logo\":{\"@type\":\"ImageObject\",\"inLanguage\":\"es\",\"@id\":\"https:\/\/www.epen.gov.ar\/#\/schema\/logo\/image\/\",\"url\":\"https:\/\/www.epen.gov.ar\/wp-content\/uploads\/2024\/02\/Logo-EPEN-2.jpg\",\"contentUrl\":\"https:\/\/www.epen.gov.ar\/wp-content\/uploads\/2024\/02\/Logo-EPEN-2.jpg\",\"width\":696,\"height\":696,\"caption\":\"Ente Provincial de Energ\u00eda del Neuqu\u00e9n\"},\"image\":{\"@id\":\"https:\/\/www.epen.gov.ar\/#\/schema\/logo\/image\/\"},\"sameAs\":[\"https:\/\/www.facebook.com\/EPEN.Neuquen\",\"https:\/\/x.com\/EPEN_Informa\",\"https:\/\/www.youtube.com\/@epenprensa7384\"]},{\"@type\":\"Person\",\"@id\":\"https:\/\/www.epen.gov.ar\/#\/schema\/person\/ce6cff87c2fc01264becc10fa105ad4f\",\"name\":\"Prensa EPEN\",\"image\":{\"@type\":\"ImageObject\",\"inLanguage\":\"es\",\"@id\":\"https:\/\/secure.gravatar.com\/avatar\/f8120b8688012ccf2d7fbcf7a970cfbabf0ab63b09c2dbd72c194bee080070e9?s=96&d=mm&r=g\",\"url\":\"https:\/\/secure.gravatar.com\/avatar\/f8120b8688012ccf2d7fbcf7a970cfbabf0ab63b09c2dbd72c194bee080070e9?s=96&d=mm&r=g\",\"contentUrl\":\"https:\/\/secure.gravatar.com\/avatar\/f8120b8688012ccf2d7fbcf7a970cfbabf0ab63b09c2dbd72c194bee080070e9?s=96&d=mm&r=g\",\"caption\":\"Prensa EPEN\"},\"url\":\"https:\/\/www.epen.gov.ar\/index.php\/author\/admin\/\"}]}<\/script>\n<!-- \/ Yoast SEO plugin. -->","yoast_head_json":{"title":"EPEN - Mantenimiento programado en Piedra del \u00c1guila y Santo Tom\u00e1s","description":"Mantenimiento programado en Piedra del \u00c1guila y Santo Tom\u00e1s","robots":{"index":"index","follow":"follow","max-snippet":"max-snippet:-1","max-image-preview":"max-image-preview:large","max-video-preview":"max-video-preview:-1"},"canonical":"https:\/\/www.epen.gov.ar\/index.php\/2023\/10\/09\/mantenimiento-programado-en-piedra-del-aguila-y-santo-tomas\/","og_locale":"es_ES","og_type":"article","og_title":"EPEN - Mantenimiento programado en Piedra del \u00c1guila y Santo Tom\u00e1s","og_description":"Mantenimiento programado en Piedra del \u00c1guila y Santo Tom\u00e1s","og_url":"https:\/\/www.epen.gov.ar\/index.php\/2023\/10\/09\/mantenimiento-programado-en-piedra-del-aguila-y-santo-tomas\/","og_site_name":"EPEN","article_publisher":"https:\/\/www.facebook.com\/EPEN.Neuquen","article_published_time":"2023-10-09T13:10:04+00:00","article_modified_time":"2023-10-09T14:26:20+00:00","og_image":[{"width":2560,"height":1920,"url":"https:\/\/www.epen.gov.ar\/wp-content\/uploads\/2023\/10\/picun-piedra-EPEN-scaled.jpg","type":"image\/jpeg"}],"author":"Prensa EPEN","twitter_card":"summary_large_image","twitter_creator":"@EPEN_Informa","twitter_site":"@EPEN_Informa","twitter_misc":{"Escrito por":"Prensa EPEN","Tiempo de lectura":"6 minutos"},"schema":{"@context":"https:\/\/schema.org","@graph":[{"@type":"Article","@id":"https:\/\/www.epen.gov.ar\/index.php\/2023\/10\/09\/mantenimiento-programado-en-piedra-del-aguila-y-santo-tomas\/#article","isPartOf":{"@id":"https:\/\/www.epen.gov.ar\/index.php\/2023\/10\/09\/mantenimiento-programado-en-piedra-del-aguila-y-santo-tomas\/"},"author":{"name":"Prensa EPEN","@id":"https:\/\/www.epen.gov.ar\/#\/schema\/person\/ce6cff87c2fc01264becc10fa105ad4f"},"headline":"Mantenimiento programado en Piedra del \u00c1guila y Santo Tom\u00e1s","datePublished":"2023-10-09T13:10:04+00:00","dateModified":"2023-10-09T14:26:20+00:00","mainEntityOfPage":{"@id":"https:\/\/www.epen.gov.ar\/index.php\/2023\/10\/09\/mantenimiento-programado-en-piedra-del-aguila-y-santo-tomas\/"},"wordCount":1279,"publisher":{"@id":"https:\/\/www.epen.gov.ar\/#organization"},"image":{"@id":"https:\/\/www.epen.gov.ar\/index.php\/2023\/10\/09\/mantenimiento-programado-en-piedra-del-aguila-y-santo-tomas\/#primaryimage"},"thumbnailUrl":"https:\/\/www.epen.gov.ar\/wp-content\/uploads\/2023\/10\/picun-piedra-EPEN-scaled.jpg","keywords":["#CorteProgramado","#PiedraDel\u00c1guila","Mantenimiento programado","Media Tensi\u00f3n"],"articleSection":["Noticias"],"inLanguage":"es"},{"@type":"WebPage","@id":"https:\/\/www.epen.gov.ar\/index.php\/2023\/10\/09\/mantenimiento-programado-en-piedra-del-aguila-y-santo-tomas\/","url":"https:\/\/www.epen.gov.ar\/index.php\/2023\/10\/09\/mantenimiento-programado-en-piedra-del-aguila-y-santo-tomas\/","name":"EPEN - Mantenimiento programado en Piedra del \u00c1guila y Santo Tom\u00e1s","isPartOf":{"@id":"https:\/\/www.epen.gov.ar\/#website"},"primaryImageOfPage":{"@id":"https:\/\/www.epen.gov.ar\/index.php\/2023\/10\/09\/mantenimiento-programado-en-piedra-del-aguila-y-santo-tomas\/#primaryimage"},"image":{"@id":"https:\/\/www.epen.gov.ar\/index.php\/2023\/10\/09\/mantenimiento-programado-en-piedra-del-aguila-y-santo-tomas\/#primaryimage"},"thumbnailUrl":"https:\/\/www.epen.gov.ar\/wp-content\/uploads\/2023\/10\/picun-piedra-EPEN-scaled.jpg","datePublished":"2023-10-09T13:10:04+00:00","dateModified":"2023-10-09T14:26:20+00:00","description":"Mantenimiento programado en Piedra del \u00c1guila y Santo Tom\u00e1s","breadcrumb":{"@id":"https:\/\/www.epen.gov.ar\/index.php\/2023\/10\/09\/mantenimiento-programado-en-piedra-del-aguila-y-santo-tomas\/#breadcrumb"},"inLanguage":"es","potentialAction":[{"@type":"ReadAction","target":["https:\/\/www.epen.gov.ar\/index.php\/2023\/10\/09\/mantenimiento-programado-en-piedra-del-aguila-y-santo-tomas\/"]}]},{"@type":"ImageObject","inLanguage":"es","@id":"https:\/\/www.epen.gov.ar\/index.php\/2023\/10\/09\/mantenimiento-programado-en-piedra-del-aguila-y-santo-tomas\/#primaryimage","url":"https:\/\/www.epen.gov.ar\/wp-content\/uploads\/2023\/10\/picun-piedra-EPEN-scaled.jpg","contentUrl":"https:\/\/www.epen.gov.ar\/wp-content\/uploads\/2023\/10\/picun-piedra-EPEN-scaled.jpg","width":2560,"height":1920},{"@type":"BreadcrumbList","@id":"https:\/\/www.epen.gov.ar\/index.php\/2023\/10\/09\/mantenimiento-programado-en-piedra-del-aguila-y-santo-tomas\/#breadcrumb","itemListElement":[{"@type":"ListItem","position":1,"name":"Inicio","item":"https:\/\/www.epen.gov.ar\/"},{"@type":"ListItem","position":2,"name":"Mantenimiento programado en Piedra del \u00c1guila y Santo Tom\u00e1s"}]},{"@type":"WebSite","@id":"https:\/\/www.epen.gov.ar\/#website","url":"https:\/\/www.epen.gov.ar\/","name":"EPEN","description":"Ente Provincial de Energ\u00eda del Neuqu\u00e9n","publisher":{"@id":"https:\/\/www.epen.gov.ar\/#organization"},"potentialAction":[{"@type":"SearchAction","target":{"@type":"EntryPoint","urlTemplate":"https:\/\/www.epen.gov.ar\/?s={search_term_string}"},"query-input":{"@type":"PropertyValueSpecification","valueRequired":true,"valueName":"search_term_string"}}],"inLanguage":"es"},{"@type":"Organization","@id":"https:\/\/www.epen.gov.ar\/#organization","name":"Ente Provincial de Energ\u00eda del Neuqu\u00e9n","url":"https:\/\/www.epen.gov.ar\/","logo":{"@type":"ImageObject","inLanguage":"es","@id":"https:\/\/www.epen.gov.ar\/#\/schema\/logo\/image\/","url":"https:\/\/www.epen.gov.ar\/wp-content\/uploads\/2024\/02\/Logo-EPEN-2.jpg","contentUrl":"https:\/\/www.epen.gov.ar\/wp-content\/uploads\/2024\/02\/Logo-EPEN-2.jpg","width":696,"height":696,"caption":"Ente Provincial de Energ\u00eda del Neuqu\u00e9n"},"image":{"@id":"https:\/\/www.epen.gov.ar\/#\/schema\/logo\/image\/"},"sameAs":["https:\/\/www.facebook.com\/EPEN.Neuquen","https:\/\/x.com\/EPEN_Informa","https:\/\/www.youtube.com\/@epenprensa7384"]},{"@type":"Person","@id":"https:\/\/www.epen.gov.ar\/#\/schema\/person\/ce6cff87c2fc01264becc10fa105ad4f","name":"Prensa EPEN","image":{"@type":"ImageObject","inLanguage":"es","@id":"https:\/\/secure.gravatar.com\/avatar\/f8120b8688012ccf2d7fbcf7a970cfbabf0ab63b09c2dbd72c194bee080070e9?s=96&d=mm&r=g","url":"https:\/\/secure.gravatar.com\/avatar\/f8120b8688012ccf2d7fbcf7a970cfbabf0ab63b09c2dbd72c194bee080070e9?s=96&d=mm&r=g","contentUrl":"https:\/\/secure.gravatar.com\/avatar\/f8120b8688012ccf2d7fbcf7a970cfbabf0ab63b09c2dbd72c194bee080070e9?s=96&d=mm&r=g","caption":"Prensa EPEN"},"url":"https:\/\/www.epen.gov.ar\/index.php\/author\/admin\/"}]}},"_links":{"self":[{"href":"https:\/\/www.epen.gov.ar\/index.php\/wp-json\/wp\/v2\/posts\/118894","targetHints":{"allow":["GET"]}}],"collection":[{"href":"https:\/\/www.epen.gov.ar\/index.php\/wp-json\/wp\/v2\/posts"}],"about":[{"href":"https:\/\/www.epen.gov.ar\/index.php\/wp-json\/wp\/v2\/types\/post"}],"author":[{"embeddable":true,"href":"https:\/\/www.epen.gov.ar\/index.php\/wp-json\/wp\/v2\/users\/1"}],"replies":[{"embeddable":true,"href":"https:\/\/www.epen.gov.ar\/index.php\/wp-json\/wp\/v2\/comments?post=118894"}],"version-history":[{"count":5,"href":"https:\/\/www.epen.gov.ar\/index.php\/wp-json\/wp\/v2\/posts\/118894\/revisions"}],"predecessor-version":[{"id":119143,"href":"https:\/\/www.epen.gov.ar\/index.php\/wp-json\/wp\/v2\/posts\/118894\/revisions\/119143"}],"wp:featuredmedia":[{"embeddable":true,"href":"https:\/\/www.epen.gov.ar\/index.php\/wp-json\/wp\/v2\/media\/118949"}],"wp:attachment":[{"href":"https:\/\/www.epen.gov.ar\/index.php\/wp-json\/wp\/v2\/media?parent=118894"}],"wp:term":[{"taxonomy":"category","embeddable":true,"href":"https:\/\/www.epen.gov.ar\/index.php\/wp-json\/wp\/v2\/categories?post=118894"},{"taxonomy":"post_tag","embeddable":true,"href":"https:\/\/www.epen.gov.ar\/index.php\/wp-json\/wp\/v2\/tags?post=118894"}],"curies":[{"name":"wp","href":"https:\/\/api.w.org\/{rel}","templated":true}]}}