{"id":106398,"date":"2023-06-03T14:42:15","date_gmt":"2023-06-03T17:42:15","guid":{"rendered":"http:\/\/192.168.200.48\/?p=106398"},"modified":"2023-06-05T13:58:58","modified_gmt":"2023-06-05T16:58:58","slug":"mujeres-de-la-energia-electrica-dijeron-presente-en-el-encuentro-de-la-region-comahue","status":"publish","type":"post","link":"https:\/\/www.epen.gov.ar\/index.php\/2023\/06\/03\/mujeres-de-la-energia-electrica-dijeron-presente-en-el-encuentro-de-la-region-comahue\/","title":{"rendered":"Mujeres de la energ\u00eda el\u00e9ctrica dijeron presente en el Encuentro de la regi\u00f3n Comahue"},"content":{"rendered":"<div class=\"fusion-fullwidth fullwidth-box fusion-builder-row-1 nonhundred-percent-fullwidth non-hundred-percent-height-scrolling\" style=\"--awb-border-radius-top-left:0px;--awb-border-radius-top-right:0px;--awb-border-radius-bottom-right:0px;--awb-border-radius-bottom-left:0px;--awb-flex-wrap:wrap;\" ><div class=\"fusion-builder-row fusion-row\"><div class=\"fusion-layout-column fusion_builder_column fusion-builder-column-0 fusion_builder_column_2_3 2_3 fusion-two-third fusion-column-first\" style=\"--awb-bg-size:cover;width:66.666666666667%;width:calc(66.666666666667% - ( ( 4% ) * 0.66666666666667 ) );margin-right: 4%;\"><div class=\"fusion-column-wrapper fusion-column-has-shadow fusion-flex-column-wrapper-legacy\"><div class=\"fusion-text fusion-text-1\"><div id=\":1ea\" class=\"ii gt\">\n<div id=\":1e9\" class=\"a3s aiL \">\n<div dir=\"auto\">\n<div dir=\"auto\" style=\"text-align: justify;\">\n<p><strong><em>El Segundo Encuentro de mujeres de la energ\u00eda el\u00e9ctrica, que se desarroll\u00f3 el pasado 1 y 2 de junio, reuni\u00f3 a m\u00e1s de 350 trabajadoras no solo del EPEN y de la Cooperativa CALF por la provincia del Neuqu\u00e9n, sino tambi\u00e9n de las empresas EdERSA y Transcomahue de la vecina R\u00edo Negro. El Encuentro -que comprendi\u00f3 dos intensas jornadas- finaliz\u00f3 compartiendo distintas experiencias dentro del \u00e1mbito de la industria el\u00e9ctrica por parte de referentes de distintas \u00e1reas y con varias propuestas que se analizaron en talleres, y que se relacionaron a la continuidad de estas acciones de visibilizaci\u00f3n, dentro de las cuales se proclam\u00f3 la de repetir un futuro encuentro de las trabajadoras, pero esta vez, a nivel Nacional.<\/em><\/strong><\/p>\n<p>Ambas jornadas se desarrollaron en la ciudad de Plottier, en el predio de la Asociaci\u00f3n de Trabajadores del Estado (ATE) y contaron con la presencia de numerosas trabajadoras y prestigiosas panelistas.\u00a0 En este sentido, el Encuentro cont\u00f3 con la palabra de distintas referentes desde el \u00e1mbito de la pol\u00edtica, del Derecho, de la Sociolog\u00eda, y de movimientos sociales y de Mujeres.<\/p>\n<\/div>\n<div dir=\"auto\"><img decoding=\"async\" class=\"alignnone size-large wp-image-106452\" src=\"https:\/\/www.epen.gov.ar\/wp-content\/uploads\/2023\/06\/fotor_2023-6-5_9_57_38-1280x479.jpg\" alt=\"\" width=\"1280\" height=\"479\" srcset=\"https:\/\/www.epen.gov.ar\/wp-content\/uploads\/2023\/06\/fotor_2023-6-5_9_57_38-200x75.jpg 200w, https:\/\/www.epen.gov.ar\/wp-content\/uploads\/2023\/06\/fotor_2023-6-5_9_57_38-300x112.jpg 300w, https:\/\/www.epen.gov.ar\/wp-content\/uploads\/2023\/06\/fotor_2023-6-5_9_57_38-400x150.jpg 400w, https:\/\/www.epen.gov.ar\/wp-content\/uploads\/2023\/06\/fotor_2023-6-5_9_57_38-600x225.jpg 600w, https:\/\/www.epen.gov.ar\/wp-content\/uploads\/2023\/06\/fotor_2023-6-5_9_57_38-768x287.jpg 768w, https:\/\/www.epen.gov.ar\/wp-content\/uploads\/2023\/06\/fotor_2023-6-5_9_57_38-800x299.jpg 800w, https:\/\/www.epen.gov.ar\/wp-content\/uploads\/2023\/06\/fotor_2023-6-5_9_57_38-1200x449.jpg 1200w, https:\/\/www.epen.gov.ar\/wp-content\/uploads\/2023\/06\/fotor_2023-6-5_9_57_38-1280x479.jpg 1280w, https:\/\/www.epen.gov.ar\/wp-content\/uploads\/2023\/06\/fotor_2023-6-5_9_57_38-1536x575.jpg 1536w\" sizes=\"(max-width: 1280px) 100vw, 1280px\" \/><\/div>\n<div dir=\"auto\"><\/div>\n<div dir=\"auto\" style=\"text-align: justify;\">\n<p>Durante la ponencia de los talleres y conclusiones, que fueron analizadas en distintos grupos, se presentaron denominadores comunes relacionados a generar una apertura a las mujeres a los sectores operativos -que en algunas empresas ya se lleva a cabo con muy buenos resultados- la creaci\u00f3n de convenios de profesionales desde una mirada con perspectiva de g\u00e9nero, equiparar el acceso a niveles de conducci\u00f3n o decisi\u00f3n, continuar avanzando con capacitaciones y dar a conocer las herramientas al alcance y protocolos de acci\u00f3n ante situaciones de violencia o desigualdad por cuestiones de g\u00e9nero, entre otras.<\/p>\n<p>En el cierre, donde las m\u00e1ximas referentes de cada una de las empresas se mostraron emocionadas por el \u00e9xito que signific\u00f3 el trabajo realizado, el Encuentro concluy\u00f3 en la idea de \u201cprofundizar el rol social de cada una de las organizaciones, ir a la b\u00fasqueda de m\u00e1s profesionales de la ingenier\u00eda, ofrecer m\u00e1s posibilidades a nivel laboral y continuar con la sensibilizaci\u00f3n de estos temas, bregando para que cada vez tengamos m\u00e1s participaci\u00f3n de las mujeres en este tipo de encuentros\u201d.<\/p>\n<p>Al finalizar, se hizo extensiva la convocatoria a participar hoy, como mujeres de la energ\u00eda el\u00e9ctrica, a partir de las 16:30 en el Monumento a San Mart\u00edn, de la marcha que enarbola el #NiUnaMenos, que es la octava manifestaci\u00f3n contra los femicidios y la violencia de g\u00e9nero a nivel nacional.<\/p>\n<\/div>\n<\/div>\n<div class=\"yj6qo\"><\/div>\n<div class=\"adL\"><\/div>\n<\/div>\n<\/div>\n<div id=\":1dt\" class=\"hq gt\"><\/div>\n<\/div><div class=\"fusion-clearfix\"><\/div><\/div><\/div><div class=\"fusion-layout-column fusion_builder_column fusion-builder-column-1 fusion_builder_column_1_3 1_3 fusion-one-third fusion-column-last\" style=\"--awb-bg-size:cover;width:33.333333333333%;width:calc(33.333333333333% - ( ( 4% ) * 0.33333333333333 ) );\"><div class=\"fusion-column-wrapper fusion-column-has-shadow fusion-flex-column-wrapper-legacy\"><div class=\"fusion-widget-area awb-widget-area-element fusion-widget-area-1 fusion-content-widget-area\" style=\"--awb-title-size:20px;--awb-title-color:#333333;--awb-padding:0px 0px 0px 0px;\"><style type=\"text\/css\" data-id=\"tweets-widget-2\">#tweets-widget-2 li { border-color:#eaeaea;}<\/style><section id=\"tweets-widget-2\" class=\"widget tweets\" style=\"border-style: solid;border-color: #eaeaea;border-color:transparent;border-width:0px;\">\t\t\t\t\n\t\t<div style=\"overflow:hidden\">\n\t\t\t\t\t\t\t\t\t\t\t<a class=\"twitter-timeline\" data-dnt=\"true\" href=\"https:\/\/twitter.com\/@EPEN_Informa\" data-width=\"500\" data-height=\"300\" width=\"500\" height=\"300\" data-theme=\"light\" data-link-color=\"##25a9bd\" data-border-color=\"#eaeaea\" data-chrome=\"\">Tweets por @EPEN_Informa<\/a>\n\t\t\t\t\t\t\t\n\t\t\t\t\t\t\t\t\t\t\t<script async src=\"\/\/platform.twitter.com\/widgets.js\" charset=\"utf-8\"><\/script>\n\t\t\t\t\t\t\t\n\t\t<\/div>\n\t\t<\/section>\n\t\t<section id=\"recent-posts-3\" class=\"widget widget_recent_entries\" style=\"border-style: solid;border-color:transparent;border-width:0px;\">\n\t\t<div class=\"heading\"><h4 class=\"widget-title\">Entradas recientes<\/h4><\/div>\n\t\t<ul>\n\t\t\t\t\t\t\t\t\t\t\t<li>\n\t\t\t\t\t<a href=\"https:\/\/www.epen.gov.ar\/index.php\/2026\/04\/24\/corte-programado-en-sectores-de-san-martin-de-los-andes-el-25-04-2026\/\">Corte Programado en sectores de San Mart\u00edn de los Andes el 25\/04\/2026<\/a>\n\t\t\t\t\t\t\t\t\t\t\t<span class=\"post-date\">24\/04\/2026<\/span>\n\t\t\t\t\t\t\t\t\t<\/li>\n\t\t\t\t\t\t\t\t\t\t\t<li>\n\t\t\t\t\t<a href=\"https:\/\/www.epen.gov.ar\/index.php\/2026\/04\/24\/corte-programado-en-sectores-de-centenario-el-25-04-2026\/\">Corte Programado en sectores de Centenario el 25\/04\/2026<\/a>\n\t\t\t\t\t\t\t\t\t\t\t<span class=\"post-date\">24\/04\/2026<\/span>\n\t\t\t\t\t\t\t\t\t<\/li>\n\t\t\t\t\t\t\t\t\t\t\t<li>\n\t\t\t\t\t<a href=\"https:\/\/www.epen.gov.ar\/index.php\/2026\/04\/24\/corte-programado-en-sectores-de-loncopue-y-el-huecu-el-29-y-30-04-2026\/\">Cortes Programados en Loncopu\u00e9, El Huec\u00fa y zona rural de Caviahue y El Cholar el 29 y 30\/04\/2026<\/a>\n\t\t\t\t\t\t\t\t\t\t\t<span class=\"post-date\">24\/04\/2026<\/span>\n\t\t\t\t\t\t\t\t\t<\/li>\n\t\t\t\t\t\t\t\t\t\t\t<li>\n\t\t\t\t\t<a href=\"https:\/\/www.epen.gov.ar\/index.php\/2026\/04\/24\/corte-programado-en-sectores-de-anelo-el-25-04-2026\/\">Corte Programado en sectores de A\u00f1elo el 25\/04\/2026<\/a>\n\t\t\t\t\t\t\t\t\t\t\t<span class=\"post-date\">24\/04\/2026<\/span>\n\t\t\t\t\t\t\t\t\t<\/li>\n\t\t\t\t\t\t\t\t\t\t\t<li>\n\t\t\t\t\t<a href=\"https:\/\/www.epen.gov.ar\/index.php\/2026\/04\/24\/corte-programado-en-sectores-de-alto-neuquen-el-25-04-2026\/\">Corte Programado en sectores de la regi\u00f3n Alto Neuqu\u00e9n el 25\/04\/2026<\/a>\n\t\t\t\t\t\t\t\t\t\t\t<span class=\"post-date\">24\/04\/2026<\/span>\n\t\t\t\t\t\t\t\t\t<\/li>\n\t\t\t\t\t<\/ul>\n\n\t\t<\/section><div class=\"fusion-additional-widget-content\"><\/div><\/div><div class=\"fusion-image-element in-legacy-container\" style=\"--awb-caption-title-font-family:var(--h2_typography-font-family);--awb-caption-title-font-weight:var(--h2_typography-font-weight);--awb-caption-title-font-style:var(--h2_typography-font-style);--awb-caption-title-size:var(--h2_typography-font-size);--awb-caption-title-transform:var(--h2_typography-text-transform);--awb-caption-title-line-height:var(--h2_typography-line-height);--awb-caption-title-letter-spacing:var(--h2_typography-letter-spacing);\"><span class=\" fusion-imageframe imageframe-none imageframe-1 hover-type-none\"><img decoding=\"async\" src=\"https:\/\/www.epen.gov.ar\/wp-content\/uploads\/2023\/05\/Consumos-Invierno.gif\" alt class=\"img-responsive\"\/><\/span><\/div><div class=\"fusion-image-element in-legacy-container\" style=\"--awb-caption-title-font-family:var(--h2_typography-font-family);--awb-caption-title-font-weight:var(--h2_typography-font-weight);--awb-caption-title-font-style:var(--h2_typography-font-style);--awb-caption-title-size:var(--h2_typography-font-size);--awb-caption-title-transform:var(--h2_typography-text-transform);--awb-caption-title-line-height:var(--h2_typography-line-height);--awb-caption-title-letter-spacing:var(--h2_typography-letter-spacing);\"><span class=\" fusion-imageframe imageframe-none imageframe-2 hover-type-none\"><img decoding=\"async\" width=\"287\" height=\"287\" title=\"gif-energia-solar-2\" src=\"https:\/\/www.epen.gov.ar\/wp-content\/uploads\/2020\/11\/gif-energia-solar-2.gif\" alt class=\"img-responsive wp-image-19110\"\/><\/span><\/div><div class=\"fusion-clearfix\"><\/div><\/div><\/div><\/div><\/div>\n","protected":false},"excerpt":{"rendered":"","protected":false},"author":1,"featured_media":106411,"comment_status":"closed","ping_status":"closed","sticky":false,"template":"","format":"standard","meta":{"_exactmetrics_skip_tracking":false,"_exactmetrics_sitenote_active":false,"_exactmetrics_sitenote_note":"","_exactmetrics_sitenote_category":0,"footnotes":""},"categories":[84],"tags":[511,513,512,514],"class_list":["post-106398","post","type-post","status-publish","format-standard","has-post-thumbnail","hentry","category-noticias","tag-encuentro-de-mujeres","tag-igualdad","tag-inclusion","tag-mujeres-en-la-energia"],"yoast_head":"<!-- This site is optimized with the Yoast SEO plugin v27.2 - https:\/\/yoast.com\/product\/yoast-seo-wordpress\/ -->\n<title>EPEN - Mujeres de la energ\u00eda el\u00e9ctrica dijeron presente en el Encuentro de la regi\u00f3n Comahue<\/title>\n<meta name=\"description\" content=\"Mujeres de la energ\u00eda el\u00e9ctrica dijeron presente en el Encuentro de la regi\u00f3n Comahue\" \/>\n<meta name=\"robots\" content=\"index, follow, max-snippet:-1, max-image-preview:large, max-video-preview:-1\" \/>\n<link rel=\"canonical\" href=\"https:\/\/www.epen.gov.ar\/index.php\/2023\/06\/03\/mujeres-de-la-energia-electrica-dijeron-presente-en-el-encuentro-de-la-region-comahue\/\" \/>\n<meta property=\"og:locale\" content=\"es_ES\" \/>\n<meta property=\"og:type\" content=\"article\" \/>\n<meta property=\"og:title\" content=\"EPEN - Mujeres de la energ\u00eda el\u00e9ctrica dijeron presente en el Encuentro de la regi\u00f3n Comahue\" \/>\n<meta property=\"og:description\" content=\"Mujeres de la energ\u00eda el\u00e9ctrica dijeron presente en el Encuentro de la regi\u00f3n Comahue\" \/>\n<meta property=\"og:url\" content=\"https:\/\/www.epen.gov.ar\/index.php\/2023\/06\/03\/mujeres-de-la-energia-electrica-dijeron-presente-en-el-encuentro-de-la-region-comahue\/\" \/>\n<meta property=\"og:site_name\" content=\"EPEN\" \/>\n<meta property=\"article:publisher\" content=\"https:\/\/www.facebook.com\/EPEN.Neuquen\" \/>\n<meta property=\"article:published_time\" content=\"2023-06-03T17:42:15+00:00\" \/>\n<meta property=\"article:modified_time\" content=\"2023-06-05T16:58:58+00:00\" \/>\n<meta property=\"og:image\" content=\"https:\/\/www.epen.gov.ar\/wp-content\/uploads\/2023\/06\/20230602_153318-scaled.jpg\" \/>\n\t<meta property=\"og:image:width\" content=\"2560\" \/>\n\t<meta property=\"og:image:height\" content=\"1441\" \/>\n\t<meta property=\"og:image:type\" content=\"image\/jpeg\" \/>\n<meta name=\"author\" content=\"Prensa EPEN\" \/>\n<meta name=\"twitter:card\" content=\"summary_large_image\" \/>\n<meta name=\"twitter:creator\" content=\"@EPEN_Informa\" \/>\n<meta name=\"twitter:site\" content=\"@EPEN_Informa\" \/>\n<meta name=\"twitter:label1\" content=\"Escrito por\" \/>\n\t<meta name=\"twitter:data1\" content=\"Prensa EPEN\" \/>\n\t<meta name=\"twitter:label2\" content=\"Tiempo de lectura\" \/>\n\t<meta name=\"twitter:data2\" content=\"7 minutos\" \/>\n<script type=\"application\/ld+json\" class=\"yoast-schema-graph\">{\"@context\":\"https:\/\/schema.org\",\"@graph\":[{\"@type\":\"Article\",\"@id\":\"https:\/\/www.epen.gov.ar\/index.php\/2023\/06\/03\/mujeres-de-la-energia-electrica-dijeron-presente-en-el-encuentro-de-la-region-comahue\/#article\",\"isPartOf\":{\"@id\":\"https:\/\/www.epen.gov.ar\/index.php\/2023\/06\/03\/mujeres-de-la-energia-electrica-dijeron-presente-en-el-encuentro-de-la-region-comahue\/\"},\"author\":{\"name\":\"Prensa EPEN\",\"@id\":\"https:\/\/www.epen.gov.ar\/#\/schema\/person\/ce6cff87c2fc01264becc10fa105ad4f\"},\"headline\":\"Mujeres de la energ\u00eda el\u00e9ctrica dijeron presente en el Encuentro de la regi\u00f3n Comahue\",\"datePublished\":\"2023-06-03T17:42:15+00:00\",\"dateModified\":\"2023-06-05T16:58:58+00:00\",\"mainEntityOfPage\":{\"@id\":\"https:\/\/www.epen.gov.ar\/index.php\/2023\/06\/03\/mujeres-de-la-energia-electrica-dijeron-presente-en-el-encuentro-de-la-region-comahue\/\"},\"wordCount\":1459,\"publisher\":{\"@id\":\"https:\/\/www.epen.gov.ar\/#organization\"},\"image\":{\"@id\":\"https:\/\/www.epen.gov.ar\/index.php\/2023\/06\/03\/mujeres-de-la-energia-electrica-dijeron-presente-en-el-encuentro-de-la-region-comahue\/#primaryimage\"},\"thumbnailUrl\":\"https:\/\/www.epen.gov.ar\/wp-content\/uploads\/2023\/06\/20230602_153318-scaled.jpg\",\"keywords\":[\"Encuentro de mujeres\",\"Igualdad\",\"Inclusi\u00f3n\",\"Mujeres en la energ\u00eda\"],\"articleSection\":[\"Noticias\"],\"inLanguage\":\"es\"},{\"@type\":\"WebPage\",\"@id\":\"https:\/\/www.epen.gov.ar\/index.php\/2023\/06\/03\/mujeres-de-la-energia-electrica-dijeron-presente-en-el-encuentro-de-la-region-comahue\/\",\"url\":\"https:\/\/www.epen.gov.ar\/index.php\/2023\/06\/03\/mujeres-de-la-energia-electrica-dijeron-presente-en-el-encuentro-de-la-region-comahue\/\",\"name\":\"EPEN - Mujeres de la energ\u00eda el\u00e9ctrica dijeron presente en el Encuentro de la regi\u00f3n Comahue\",\"isPartOf\":{\"@id\":\"https:\/\/www.epen.gov.ar\/#website\"},\"primaryImageOfPage\":{\"@id\":\"https:\/\/www.epen.gov.ar\/index.php\/2023\/06\/03\/mujeres-de-la-energia-electrica-dijeron-presente-en-el-encuentro-de-la-region-comahue\/#primaryimage\"},\"image\":{\"@id\":\"https:\/\/www.epen.gov.ar\/index.php\/2023\/06\/03\/mujeres-de-la-energia-electrica-dijeron-presente-en-el-encuentro-de-la-region-comahue\/#primaryimage\"},\"thumbnailUrl\":\"https:\/\/www.epen.gov.ar\/wp-content\/uploads\/2023\/06\/20230602_153318-scaled.jpg\",\"datePublished\":\"2023-06-03T17:42:15+00:00\",\"dateModified\":\"2023-06-05T16:58:58+00:00\",\"description\":\"Mujeres de la energ\u00eda el\u00e9ctrica dijeron presente en el Encuentro de la regi\u00f3n Comahue\",\"breadcrumb\":{\"@id\":\"https:\/\/www.epen.gov.ar\/index.php\/2023\/06\/03\/mujeres-de-la-energia-electrica-dijeron-presente-en-el-encuentro-de-la-region-comahue\/#breadcrumb\"},\"inLanguage\":\"es\",\"potentialAction\":[{\"@type\":\"ReadAction\",\"target\":[\"https:\/\/www.epen.gov.ar\/index.php\/2023\/06\/03\/mujeres-de-la-energia-electrica-dijeron-presente-en-el-encuentro-de-la-region-comahue\/\"]}]},{\"@type\":\"ImageObject\",\"inLanguage\":\"es\",\"@id\":\"https:\/\/www.epen.gov.ar\/index.php\/2023\/06\/03\/mujeres-de-la-energia-electrica-dijeron-presente-en-el-encuentro-de-la-region-comahue\/#primaryimage\",\"url\":\"https:\/\/www.epen.gov.ar\/wp-content\/uploads\/2023\/06\/20230602_153318-scaled.jpg\",\"contentUrl\":\"https:\/\/www.epen.gov.ar\/wp-content\/uploads\/2023\/06\/20230602_153318-scaled.jpg\",\"width\":2560,\"height\":1441},{\"@type\":\"BreadcrumbList\",\"@id\":\"https:\/\/www.epen.gov.ar\/index.php\/2023\/06\/03\/mujeres-de-la-energia-electrica-dijeron-presente-en-el-encuentro-de-la-region-comahue\/#breadcrumb\",\"itemListElement\":[{\"@type\":\"ListItem\",\"position\":1,\"name\":\"Inicio\",\"item\":\"https:\/\/www.epen.gov.ar\/\"},{\"@type\":\"ListItem\",\"position\":2,\"name\":\"Mujeres de la energ\u00eda el\u00e9ctrica dijeron presente en el Encuentro de la regi\u00f3n Comahue\"}]},{\"@type\":\"WebSite\",\"@id\":\"https:\/\/www.epen.gov.ar\/#website\",\"url\":\"https:\/\/www.epen.gov.ar\/\",\"name\":\"EPEN\",\"description\":\"Ente Provincial de Energ\u00eda del Neuqu\u00e9n\",\"publisher\":{\"@id\":\"https:\/\/www.epen.gov.ar\/#organization\"},\"potentialAction\":[{\"@type\":\"SearchAction\",\"target\":{\"@type\":\"EntryPoint\",\"urlTemplate\":\"https:\/\/www.epen.gov.ar\/?s={search_term_string}\"},\"query-input\":{\"@type\":\"PropertyValueSpecification\",\"valueRequired\":true,\"valueName\":\"search_term_string\"}}],\"inLanguage\":\"es\"},{\"@type\":\"Organization\",\"@id\":\"https:\/\/www.epen.gov.ar\/#organization\",\"name\":\"Ente Provincial de Energ\u00eda del Neuqu\u00e9n\",\"url\":\"https:\/\/www.epen.gov.ar\/\",\"logo\":{\"@type\":\"ImageObject\",\"inLanguage\":\"es\",\"@id\":\"https:\/\/www.epen.gov.ar\/#\/schema\/logo\/image\/\",\"url\":\"https:\/\/www.epen.gov.ar\/wp-content\/uploads\/2024\/02\/Logo-EPEN-2.jpg\",\"contentUrl\":\"https:\/\/www.epen.gov.ar\/wp-content\/uploads\/2024\/02\/Logo-EPEN-2.jpg\",\"width\":696,\"height\":696,\"caption\":\"Ente Provincial de Energ\u00eda del Neuqu\u00e9n\"},\"image\":{\"@id\":\"https:\/\/www.epen.gov.ar\/#\/schema\/logo\/image\/\"},\"sameAs\":[\"https:\/\/www.facebook.com\/EPEN.Neuquen\",\"https:\/\/x.com\/EPEN_Informa\",\"https:\/\/www.youtube.com\/@epenprensa7384\"]},{\"@type\":\"Person\",\"@id\":\"https:\/\/www.epen.gov.ar\/#\/schema\/person\/ce6cff87c2fc01264becc10fa105ad4f\",\"name\":\"Prensa EPEN\",\"image\":{\"@type\":\"ImageObject\",\"inLanguage\":\"es\",\"@id\":\"https:\/\/secure.gravatar.com\/avatar\/f8120b8688012ccf2d7fbcf7a970cfbabf0ab63b09c2dbd72c194bee080070e9?s=96&d=mm&r=g\",\"url\":\"https:\/\/secure.gravatar.com\/avatar\/f8120b8688012ccf2d7fbcf7a970cfbabf0ab63b09c2dbd72c194bee080070e9?s=96&d=mm&r=g\",\"contentUrl\":\"https:\/\/secure.gravatar.com\/avatar\/f8120b8688012ccf2d7fbcf7a970cfbabf0ab63b09c2dbd72c194bee080070e9?s=96&d=mm&r=g\",\"caption\":\"Prensa EPEN\"},\"url\":\"https:\/\/www.epen.gov.ar\/index.php\/author\/admin\/\"}]}<\/script>\n<!-- \/ Yoast SEO plugin. -->","yoast_head_json":{"title":"EPEN - Mujeres de la energ\u00eda el\u00e9ctrica dijeron presente en el Encuentro de la regi\u00f3n Comahue","description":"Mujeres de la energ\u00eda el\u00e9ctrica dijeron presente en el Encuentro de la regi\u00f3n Comahue","robots":{"index":"index","follow":"follow","max-snippet":"max-snippet:-1","max-image-preview":"max-image-preview:large","max-video-preview":"max-video-preview:-1"},"canonical":"https:\/\/www.epen.gov.ar\/index.php\/2023\/06\/03\/mujeres-de-la-energia-electrica-dijeron-presente-en-el-encuentro-de-la-region-comahue\/","og_locale":"es_ES","og_type":"article","og_title":"EPEN - Mujeres de la energ\u00eda el\u00e9ctrica dijeron presente en el Encuentro de la regi\u00f3n Comahue","og_description":"Mujeres de la energ\u00eda el\u00e9ctrica dijeron presente en el Encuentro de la regi\u00f3n Comahue","og_url":"https:\/\/www.epen.gov.ar\/index.php\/2023\/06\/03\/mujeres-de-la-energia-electrica-dijeron-presente-en-el-encuentro-de-la-region-comahue\/","og_site_name":"EPEN","article_publisher":"https:\/\/www.facebook.com\/EPEN.Neuquen","article_published_time":"2023-06-03T17:42:15+00:00","article_modified_time":"2023-06-05T16:58:58+00:00","og_image":[{"width":2560,"height":1441,"url":"https:\/\/www.epen.gov.ar\/wp-content\/uploads\/2023\/06\/20230602_153318-scaled.jpg","type":"image\/jpeg"}],"author":"Prensa EPEN","twitter_card":"summary_large_image","twitter_creator":"@EPEN_Informa","twitter_site":"@EPEN_Informa","twitter_misc":{"Escrito por":"Prensa EPEN","Tiempo de lectura":"7 minutos"},"schema":{"@context":"https:\/\/schema.org","@graph":[{"@type":"Article","@id":"https:\/\/www.epen.gov.ar\/index.php\/2023\/06\/03\/mujeres-de-la-energia-electrica-dijeron-presente-en-el-encuentro-de-la-region-comahue\/#article","isPartOf":{"@id":"https:\/\/www.epen.gov.ar\/index.php\/2023\/06\/03\/mujeres-de-la-energia-electrica-dijeron-presente-en-el-encuentro-de-la-region-comahue\/"},"author":{"name":"Prensa EPEN","@id":"https:\/\/www.epen.gov.ar\/#\/schema\/person\/ce6cff87c2fc01264becc10fa105ad4f"},"headline":"Mujeres de la energ\u00eda el\u00e9ctrica dijeron presente en el Encuentro de la regi\u00f3n Comahue","datePublished":"2023-06-03T17:42:15+00:00","dateModified":"2023-06-05T16:58:58+00:00","mainEntityOfPage":{"@id":"https:\/\/www.epen.gov.ar\/index.php\/2023\/06\/03\/mujeres-de-la-energia-electrica-dijeron-presente-en-el-encuentro-de-la-region-comahue\/"},"wordCount":1459,"publisher":{"@id":"https:\/\/www.epen.gov.ar\/#organization"},"image":{"@id":"https:\/\/www.epen.gov.ar\/index.php\/2023\/06\/03\/mujeres-de-la-energia-electrica-dijeron-presente-en-el-encuentro-de-la-region-comahue\/#primaryimage"},"thumbnailUrl":"https:\/\/www.epen.gov.ar\/wp-content\/uploads\/2023\/06\/20230602_153318-scaled.jpg","keywords":["Encuentro de mujeres","Igualdad","Inclusi\u00f3n","Mujeres en la energ\u00eda"],"articleSection":["Noticias"],"inLanguage":"es"},{"@type":"WebPage","@id":"https:\/\/www.epen.gov.ar\/index.php\/2023\/06\/03\/mujeres-de-la-energia-electrica-dijeron-presente-en-el-encuentro-de-la-region-comahue\/","url":"https:\/\/www.epen.gov.ar\/index.php\/2023\/06\/03\/mujeres-de-la-energia-electrica-dijeron-presente-en-el-encuentro-de-la-region-comahue\/","name":"EPEN - Mujeres de la energ\u00eda el\u00e9ctrica dijeron presente en el Encuentro de la regi\u00f3n Comahue","isPartOf":{"@id":"https:\/\/www.epen.gov.ar\/#website"},"primaryImageOfPage":{"@id":"https:\/\/www.epen.gov.ar\/index.php\/2023\/06\/03\/mujeres-de-la-energia-electrica-dijeron-presente-en-el-encuentro-de-la-region-comahue\/#primaryimage"},"image":{"@id":"https:\/\/www.epen.gov.ar\/index.php\/2023\/06\/03\/mujeres-de-la-energia-electrica-dijeron-presente-en-el-encuentro-de-la-region-comahue\/#primaryimage"},"thumbnailUrl":"https:\/\/www.epen.gov.ar\/wp-content\/uploads\/2023\/06\/20230602_153318-scaled.jpg","datePublished":"2023-06-03T17:42:15+00:00","dateModified":"2023-06-05T16:58:58+00:00","description":"Mujeres de la energ\u00eda el\u00e9ctrica dijeron presente en el Encuentro de la regi\u00f3n Comahue","breadcrumb":{"@id":"https:\/\/www.epen.gov.ar\/index.php\/2023\/06\/03\/mujeres-de-la-energia-electrica-dijeron-presente-en-el-encuentro-de-la-region-comahue\/#breadcrumb"},"inLanguage":"es","potentialAction":[{"@type":"ReadAction","target":["https:\/\/www.epen.gov.ar\/index.php\/2023\/06\/03\/mujeres-de-la-energia-electrica-dijeron-presente-en-el-encuentro-de-la-region-comahue\/"]}]},{"@type":"ImageObject","inLanguage":"es","@id":"https:\/\/www.epen.gov.ar\/index.php\/2023\/06\/03\/mujeres-de-la-energia-electrica-dijeron-presente-en-el-encuentro-de-la-region-comahue\/#primaryimage","url":"https:\/\/www.epen.gov.ar\/wp-content\/uploads\/2023\/06\/20230602_153318-scaled.jpg","contentUrl":"https:\/\/www.epen.gov.ar\/wp-content\/uploads\/2023\/06\/20230602_153318-scaled.jpg","width":2560,"height":1441},{"@type":"BreadcrumbList","@id":"https:\/\/www.epen.gov.ar\/index.php\/2023\/06\/03\/mujeres-de-la-energia-electrica-dijeron-presente-en-el-encuentro-de-la-region-comahue\/#breadcrumb","itemListElement":[{"@type":"ListItem","position":1,"name":"Inicio","item":"https:\/\/www.epen.gov.ar\/"},{"@type":"ListItem","position":2,"name":"Mujeres de la energ\u00eda el\u00e9ctrica dijeron presente en el Encuentro de la regi\u00f3n Comahue"}]},{"@type":"WebSite","@id":"https:\/\/www.epen.gov.ar\/#website","url":"https:\/\/www.epen.gov.ar\/","name":"EPEN","description":"Ente Provincial de Energ\u00eda del Neuqu\u00e9n","publisher":{"@id":"https:\/\/www.epen.gov.ar\/#organization"},"potentialAction":[{"@type":"SearchAction","target":{"@type":"EntryPoint","urlTemplate":"https:\/\/www.epen.gov.ar\/?s={search_term_string}"},"query-input":{"@type":"PropertyValueSpecification","valueRequired":true,"valueName":"search_term_string"}}],"inLanguage":"es"},{"@type":"Organization","@id":"https:\/\/www.epen.gov.ar\/#organization","name":"Ente Provincial de Energ\u00eda del Neuqu\u00e9n","url":"https:\/\/www.epen.gov.ar\/","logo":{"@type":"ImageObject","inLanguage":"es","@id":"https:\/\/www.epen.gov.ar\/#\/schema\/logo\/image\/","url":"https:\/\/www.epen.gov.ar\/wp-content\/uploads\/2024\/02\/Logo-EPEN-2.jpg","contentUrl":"https:\/\/www.epen.gov.ar\/wp-content\/uploads\/2024\/02\/Logo-EPEN-2.jpg","width":696,"height":696,"caption":"Ente Provincial de Energ\u00eda del Neuqu\u00e9n"},"image":{"@id":"https:\/\/www.epen.gov.ar\/#\/schema\/logo\/image\/"},"sameAs":["https:\/\/www.facebook.com\/EPEN.Neuquen","https:\/\/x.com\/EPEN_Informa","https:\/\/www.youtube.com\/@epenprensa7384"]},{"@type":"Person","@id":"https:\/\/www.epen.gov.ar\/#\/schema\/person\/ce6cff87c2fc01264becc10fa105ad4f","name":"Prensa EPEN","image":{"@type":"ImageObject","inLanguage":"es","@id":"https:\/\/secure.gravatar.com\/avatar\/f8120b8688012ccf2d7fbcf7a970cfbabf0ab63b09c2dbd72c194bee080070e9?s=96&d=mm&r=g","url":"https:\/\/secure.gravatar.com\/avatar\/f8120b8688012ccf2d7fbcf7a970cfbabf0ab63b09c2dbd72c194bee080070e9?s=96&d=mm&r=g","contentUrl":"https:\/\/secure.gravatar.com\/avatar\/f8120b8688012ccf2d7fbcf7a970cfbabf0ab63b09c2dbd72c194bee080070e9?s=96&d=mm&r=g","caption":"Prensa EPEN"},"url":"https:\/\/www.epen.gov.ar\/index.php\/author\/admin\/"}]}},"_links":{"self":[{"href":"https:\/\/www.epen.gov.ar\/index.php\/wp-json\/wp\/v2\/posts\/106398","targetHints":{"allow":["GET"]}}],"collection":[{"href":"https:\/\/www.epen.gov.ar\/index.php\/wp-json\/wp\/v2\/posts"}],"about":[{"href":"https:\/\/www.epen.gov.ar\/index.php\/wp-json\/wp\/v2\/types\/post"}],"author":[{"embeddable":true,"href":"https:\/\/www.epen.gov.ar\/index.php\/wp-json\/wp\/v2\/users\/1"}],"replies":[{"embeddable":true,"href":"https:\/\/www.epen.gov.ar\/index.php\/wp-json\/wp\/v2\/comments?post=106398"}],"version-history":[{"count":8,"href":"https:\/\/www.epen.gov.ar\/index.php\/wp-json\/wp\/v2\/posts\/106398\/revisions"}],"predecessor-version":[{"id":106639,"href":"https:\/\/www.epen.gov.ar\/index.php\/wp-json\/wp\/v2\/posts\/106398\/revisions\/106639"}],"wp:featuredmedia":[{"embeddable":true,"href":"https:\/\/www.epen.gov.ar\/index.php\/wp-json\/wp\/v2\/media\/106411"}],"wp:attachment":[{"href":"https:\/\/www.epen.gov.ar\/index.php\/wp-json\/wp\/v2\/media?parent=106398"}],"wp:term":[{"taxonomy":"category","embeddable":true,"href":"https:\/\/www.epen.gov.ar\/index.php\/wp-json\/wp\/v2\/categories?post=106398"},{"taxonomy":"post_tag","embeddable":true,"href":"https:\/\/www.epen.gov.ar\/index.php\/wp-json\/wp\/v2\/tags?post=106398"}],"curies":[{"name":"wp","href":"https:\/\/api.w.org\/{rel}","templated":true}]}}