{"id":101284,"date":"2023-04-25T14:23:48","date_gmt":"2023-04-25T17:23:48","guid":{"rendered":"http:\/\/192.168.200.48\/?p=101284"},"modified":"2023-04-25T14:23:48","modified_gmt":"2023-04-25T17:23:48","slug":"descuentos-en-la-tarifa-electrica-para-vecinos-que-no-tienen-gas-domiciliario","status":"publish","type":"post","link":"https:\/\/www.epen.gov.ar\/index.php\/2023\/04\/25\/descuentos-en-la-tarifa-electrica-para-vecinos-que-no-tienen-gas-domiciliario\/","title":{"rendered":"Descuentos en la tarifa el\u00e9ctrica para vecinos que no tienen gas domiciliario"},"content":{"rendered":"<div class=\"fusion-fullwidth fullwidth-box fusion-builder-row-1 nonhundred-percent-fullwidth non-hundred-percent-height-scrolling\" style=\"--awb-border-radius-top-left:0px;--awb-border-radius-top-right:0px;--awb-border-radius-bottom-right:0px;--awb-border-radius-bottom-left:0px;--awb-flex-wrap:wrap;\" ><div class=\"fusion-builder-row fusion-row\"><div class=\"fusion-layout-column fusion_builder_column fusion-builder-column-0 fusion_builder_column_2_3 2_3 fusion-two-third fusion-column-first\" style=\"--awb-bg-size:cover;width:66.666666666667%;width:calc(66.666666666667% - ( ( 4% ) * 0.66666666666667 ) );margin-right: 4%;\"><div class=\"fusion-column-wrapper fusion-column-has-shadow fusion-flex-column-wrapper-legacy\"><div class=\"fusion-text fusion-text-1\"><p><strong><i>Ya se iniciaron los relevamientos en cada Municipio donde atiende el EPEN, para incorporar a los usuarios que recibir\u00e1n el subsidio. El subsidio se aplica para los meses de mayo a septiembre.<\/i><\/strong><\/p>\n<p>Durante la \u00e9poca invernal se intensifica el consumo de energ\u00eda en aquellas familias que no tienen gas por redes y si poseen el servicio de energ\u00eda el\u00e9ctrica. Ya desde hace algunos a\u00f1os, el EPEN implementa, con fondos propios, un subsidio que se convierte en una ayuda en las facturas de energ\u00eda de dichos usuarios.<\/p>\n<p>El beneficio abarca a los usuarios del interior de la provincia, donde el EPEN tiene jurisdicci\u00f3n. En este sentido, se tienen en cuenta las localidades o parajes que no tienen gas, o bien, aquellos lugares donde existen las redes de gas a trav\u00e9s de Camuzzi o de Hidenesa, pero por alguna circunstancia, no llega la red a cada sector, o est\u00e1n en obra, etc. Y tambi\u00e9n clientes individuales y aislados que no poseen el servicio de gas.<\/p>\n<p>Como cada a\u00f1o, por este per\u00edodo cada Municipio actualiza los datos disponibles y el cruce de informaci\u00f3n ya sea porque existen nuevos barrios o nuevas obras de redes de gas. De esta manera desde el EPEN se pueden identificar los nuevos usuarios que se incluyen o a los cuales se les da de baja porque le ha llegado la red de gas. Los listados son enviados a cada Servicio El\u00e9ctrico para contrastar con las rutas de toma estado y aplicar el subsidio. El mismo opera desde los consumos del mes de mayo hasta los del mes de septiembre, inclusive.<\/p>\n<p>Durante el a\u00f1o 2022 el n\u00famero de clientes con este beneficio super\u00f3 los 9.600. En este sentido el presidente del EPEN Francisco Zambon indic\u00f3 que: \u201cLa proyecci\u00f3n para este a\u00f1o, ser\u00e1 igual o un poco mayor. Sobre todo en la zona sur, de Villa La Angostura, San Mart\u00edn y Jun\u00edn de los Andes.\u201d<\/p>\n<\/div><div class=\"fusion-clearfix\"><\/div><\/div><\/div><div class=\"fusion-layout-column fusion_builder_column fusion-builder-column-1 fusion_builder_column_1_3 1_3 fusion-one-third fusion-column-last\" style=\"--awb-bg-size:cover;width:33.333333333333%;width:calc(33.333333333333% - ( ( 4% ) * 0.33333333333333 ) );\"><div class=\"fusion-column-wrapper fusion-column-has-shadow fusion-flex-column-wrapper-legacy\"><div class=\"fusion-widget-area awb-widget-area-element fusion-widget-area-1 fusion-content-widget-area\" style=\"--awb-title-size:20px;--awb-title-color:#333333;--awb-padding:0px 0px 0px 0px;\"><style type=\"text\/css\" data-id=\"tweets-widget-2\">#tweets-widget-2 li { border-color:#eaeaea;}<\/style><section id=\"tweets-widget-2\" class=\"widget tweets\" style=\"border-style: solid;border-color: #eaeaea;border-color:transparent;border-width:0px;\">\t\t\t\t\n\t\t<div style=\"overflow:hidden\">\n\t\t\t\t\t\t\t\t\t\t\t<a class=\"twitter-timeline\" data-dnt=\"true\" href=\"https:\/\/twitter.com\/@EPEN_Informa\" data-width=\"500\" data-height=\"300\" width=\"500\" height=\"300\" data-theme=\"light\" data-link-color=\"##25a9bd\" data-border-color=\"#eaeaea\" data-chrome=\"\">Tweets por @EPEN_Informa<\/a>\n\t\t\t\t\t\t\t\n\t\t\t\t\t\t\t\t\t\t\t<script async src=\"\/\/platform.twitter.com\/widgets.js\" charset=\"utf-8\"><\/script>\n\t\t\t\t\t\t\t\n\t\t<\/div>\n\t\t<\/section>\n\t\t<section id=\"recent-posts-3\" class=\"widget widget_recent_entries\" style=\"border-style: solid;border-color:transparent;border-width:0px;\">\n\t\t<div class=\"heading\"><h4 class=\"widget-title\">Entradas recientes<\/h4><\/div>\n\t\t<ul>\n\t\t\t\t\t\t\t\t\t\t\t<li>\n\t\t\t\t\t<a href=\"https:\/\/www.epen.gov.ar\/index.php\/2026\/04\/30\/corte-programado-en-sectores-de-rincon-de-los-sauces-el-02-05-2026\/\">Corte Programado en sectores de Rinc\u00f3n de los Sauces el 02\/05\/2026<\/a>\n\t\t\t\t\t\t\t\t\t\t\t<span class=\"post-date\">30\/04\/2026<\/span>\n\t\t\t\t\t\t\t\t\t<\/li>\n\t\t\t\t\t\t\t\t\t\t\t<li>\n\t\t\t\t\t<a href=\"https:\/\/www.epen.gov.ar\/index.php\/2026\/04\/30\/licitacion-publica-n-14-2026-contratacion-de-servicios-de-desarrollo-y-mantenimiento-de-sistemas-informaticos\/\">LICITACI\u00d3N P\u00daBLICA N\u00b0 14\/2026 CONTRATACI\u00d3N DE SERVICIOS DE DESARROLLO Y MANTENIMIENTO DE SISTEMAS INFORM\u00c1TICOS<\/a>\n\t\t\t\t\t\t\t\t\t\t\t<span class=\"post-date\">30\/04\/2026<\/span>\n\t\t\t\t\t\t\t\t\t<\/li>\n\t\t\t\t\t\t\t\t\t\t\t<li>\n\t\t\t\t\t<a href=\"https:\/\/www.epen.gov.ar\/index.php\/2026\/04\/29\/corte-programado-en-sectores-de-centenario-el-30-04-2026\/\">Corte Programado en sectores de Centenario el 30\/04\/2026<\/a>\n\t\t\t\t\t\t\t\t\t\t\t<span class=\"post-date\">29\/04\/2026<\/span>\n\t\t\t\t\t\t\t\t\t<\/li>\n\t\t\t\t\t\t\t\t\t\t\t<li>\n\t\t\t\t\t<a href=\"https:\/\/www.epen.gov.ar\/index.php\/2026\/04\/28\/el-epen-impulsa-el-desarrollo-de-varvarco-con-nueva-infraestructura-para-17-lotes\/\">El EPEN impulsa el desarrollo de Varvarco con nueva infraestructura para 17 lotes<\/a>\n\t\t\t\t\t\t\t\t\t\t\t<span class=\"post-date\">28\/04\/2026<\/span>\n\t\t\t\t\t\t\t\t\t<\/li>\n\t\t\t\t\t\t\t\t\t\t\t<li>\n\t\t\t\t\t<a href=\"https:\/\/www.epen.gov.ar\/index.php\/2026\/04\/28\/corte-programado-en-sectores-de-zona-nahueve-el-30-04-2026\/\">Corte Programado en sectores de zona Nahueve el 30\/04\/2026<\/a>\n\t\t\t\t\t\t\t\t\t\t\t<span class=\"post-date\">28\/04\/2026<\/span>\n\t\t\t\t\t\t\t\t\t<\/li>\n\t\t\t\t\t<\/ul>\n\n\t\t<\/section><div class=\"fusion-additional-widget-content\"><\/div><\/div><div class=\"fusion-clearfix\"><\/div><\/div><\/div><\/div><\/div>\n","protected":false},"excerpt":{"rendered":"","protected":false},"author":1,"featured_media":101297,"comment_status":"closed","ping_status":"closed","sticky":false,"template":"","format":"standard","meta":{"_exactmetrics_skip_tracking":false,"_exactmetrics_sitenote_active":false,"_exactmetrics_sitenote_note":"","_exactmetrics_sitenote_category":0,"footnotes":""},"categories":[84],"tags":[202,175,132,498,497,134],"class_list":["post-101284","post","type-post","status-publish","format-standard","has-post-thumbnail","hentry","category-noticias","tag-energia","tag-epen","tag-gas","tag-hidenesa","tag-invierno","tag-subsidios"],"yoast_head":"<!-- This site is optimized with the Yoast SEO plugin v27.2 - https:\/\/yoast.com\/product\/yoast-seo-wordpress\/ -->\n<title>EPEN - Descuentos en la tarifa el\u00e9ctrica para vecinos que no tienen gas domiciliario<\/title>\n<meta name=\"description\" content=\"Descuentos en la tarifa el\u00e9ctrica para vecinos que no tienen gas domiciliario\" \/>\n<meta name=\"robots\" content=\"index, follow, max-snippet:-1, max-image-preview:large, max-video-preview:-1\" \/>\n<link rel=\"canonical\" href=\"https:\/\/www.epen.gov.ar\/index.php\/2023\/04\/25\/descuentos-en-la-tarifa-electrica-para-vecinos-que-no-tienen-gas-domiciliario\/\" \/>\n<meta property=\"og:locale\" content=\"es_ES\" \/>\n<meta property=\"og:type\" content=\"article\" \/>\n<meta property=\"og:title\" content=\"EPEN - Descuentos en la tarifa el\u00e9ctrica para vecinos que no tienen gas domiciliario\" \/>\n<meta property=\"og:description\" content=\"Descuentos en la tarifa el\u00e9ctrica para vecinos que no tienen gas domiciliario\" \/>\n<meta property=\"og:url\" content=\"https:\/\/www.epen.gov.ar\/index.php\/2023\/04\/25\/descuentos-en-la-tarifa-electrica-para-vecinos-que-no-tienen-gas-domiciliario\/\" \/>\n<meta property=\"og:site_name\" content=\"EPEN\" \/>\n<meta property=\"article:publisher\" content=\"https:\/\/www.facebook.com\/EPEN.Neuquen\" \/>\n<meta property=\"article:published_time\" content=\"2023-04-25T17:23:48+00:00\" \/>\n<meta property=\"og:image\" content=\"https:\/\/www.epen.gov.ar\/wp-content\/uploads\/2023\/04\/Chorriaca_Epen-scaled.jpg\" \/>\n\t<meta property=\"og:image:width\" content=\"2560\" \/>\n\t<meta property=\"og:image:height\" content=\"1488\" \/>\n\t<meta property=\"og:image:type\" content=\"image\/jpeg\" \/>\n<meta name=\"author\" content=\"Prensa EPEN\" \/>\n<meta name=\"twitter:card\" content=\"summary_large_image\" \/>\n<meta name=\"twitter:creator\" content=\"@EPEN_Informa\" \/>\n<meta name=\"twitter:site\" content=\"@EPEN_Informa\" \/>\n<meta name=\"twitter:label1\" content=\"Escrito por\" \/>\n\t<meta name=\"twitter:data1\" content=\"Prensa EPEN\" \/>\n\t<meta name=\"twitter:label2\" content=\"Tiempo de lectura\" \/>\n\t<meta name=\"twitter:data2\" content=\"4 minutos\" \/>\n<script type=\"application\/ld+json\" class=\"yoast-schema-graph\">{\"@context\":\"https:\/\/schema.org\",\"@graph\":[{\"@type\":\"Article\",\"@id\":\"https:\/\/www.epen.gov.ar\/index.php\/2023\/04\/25\/descuentos-en-la-tarifa-electrica-para-vecinos-que-no-tienen-gas-domiciliario\/#article\",\"isPartOf\":{\"@id\":\"https:\/\/www.epen.gov.ar\/index.php\/2023\/04\/25\/descuentos-en-la-tarifa-electrica-para-vecinos-que-no-tienen-gas-domiciliario\/\"},\"author\":{\"name\":\"Prensa EPEN\",\"@id\":\"https:\/\/www.epen.gov.ar\/#\/schema\/person\/ce6cff87c2fc01264becc10fa105ad4f\"},\"headline\":\"Descuentos en la tarifa el\u00e9ctrica para vecinos que no tienen gas domiciliario\",\"datePublished\":\"2023-04-25T17:23:48+00:00\",\"mainEntityOfPage\":{\"@id\":\"https:\/\/www.epen.gov.ar\/index.php\/2023\/04\/25\/descuentos-en-la-tarifa-electrica-para-vecinos-que-no-tienen-gas-domiciliario\/\"},\"wordCount\":778,\"publisher\":{\"@id\":\"https:\/\/www.epen.gov.ar\/#organization\"},\"image\":{\"@id\":\"https:\/\/www.epen.gov.ar\/index.php\/2023\/04\/25\/descuentos-en-la-tarifa-electrica-para-vecinos-que-no-tienen-gas-domiciliario\/#primaryimage\"},\"thumbnailUrl\":\"https:\/\/www.epen.gov.ar\/wp-content\/uploads\/2023\/04\/Chorriaca_Epen-scaled.jpg\",\"keywords\":[\"Energ\u00eda\",\"EPEN\",\"Gas\",\"HIDENESA\",\"invierno\",\"Subsidios\"],\"articleSection\":[\"Noticias\"],\"inLanguage\":\"es\"},{\"@type\":\"WebPage\",\"@id\":\"https:\/\/www.epen.gov.ar\/index.php\/2023\/04\/25\/descuentos-en-la-tarifa-electrica-para-vecinos-que-no-tienen-gas-domiciliario\/\",\"url\":\"https:\/\/www.epen.gov.ar\/index.php\/2023\/04\/25\/descuentos-en-la-tarifa-electrica-para-vecinos-que-no-tienen-gas-domiciliario\/\",\"name\":\"EPEN - Descuentos en la tarifa el\u00e9ctrica para vecinos que no tienen gas domiciliario\",\"isPartOf\":{\"@id\":\"https:\/\/www.epen.gov.ar\/#website\"},\"primaryImageOfPage\":{\"@id\":\"https:\/\/www.epen.gov.ar\/index.php\/2023\/04\/25\/descuentos-en-la-tarifa-electrica-para-vecinos-que-no-tienen-gas-domiciliario\/#primaryimage\"},\"image\":{\"@id\":\"https:\/\/www.epen.gov.ar\/index.php\/2023\/04\/25\/descuentos-en-la-tarifa-electrica-para-vecinos-que-no-tienen-gas-domiciliario\/#primaryimage\"},\"thumbnailUrl\":\"https:\/\/www.epen.gov.ar\/wp-content\/uploads\/2023\/04\/Chorriaca_Epen-scaled.jpg\",\"datePublished\":\"2023-04-25T17:23:48+00:00\",\"description\":\"Descuentos en la tarifa el\u00e9ctrica para vecinos que no tienen gas domiciliario\",\"breadcrumb\":{\"@id\":\"https:\/\/www.epen.gov.ar\/index.php\/2023\/04\/25\/descuentos-en-la-tarifa-electrica-para-vecinos-que-no-tienen-gas-domiciliario\/#breadcrumb\"},\"inLanguage\":\"es\",\"potentialAction\":[{\"@type\":\"ReadAction\",\"target\":[\"https:\/\/www.epen.gov.ar\/index.php\/2023\/04\/25\/descuentos-en-la-tarifa-electrica-para-vecinos-que-no-tienen-gas-domiciliario\/\"]}]},{\"@type\":\"ImageObject\",\"inLanguage\":\"es\",\"@id\":\"https:\/\/www.epen.gov.ar\/index.php\/2023\/04\/25\/descuentos-en-la-tarifa-electrica-para-vecinos-que-no-tienen-gas-domiciliario\/#primaryimage\",\"url\":\"https:\/\/www.epen.gov.ar\/wp-content\/uploads\/2023\/04\/Chorriaca_Epen-scaled.jpg\",\"contentUrl\":\"https:\/\/www.epen.gov.ar\/wp-content\/uploads\/2023\/04\/Chorriaca_Epen-scaled.jpg\",\"width\":2560,\"height\":1488},{\"@type\":\"BreadcrumbList\",\"@id\":\"https:\/\/www.epen.gov.ar\/index.php\/2023\/04\/25\/descuentos-en-la-tarifa-electrica-para-vecinos-que-no-tienen-gas-domiciliario\/#breadcrumb\",\"itemListElement\":[{\"@type\":\"ListItem\",\"position\":1,\"name\":\"Inicio\",\"item\":\"https:\/\/www.epen.gov.ar\/\"},{\"@type\":\"ListItem\",\"position\":2,\"name\":\"Descuentos en la tarifa el\u00e9ctrica para vecinos que no tienen gas domiciliario\"}]},{\"@type\":\"WebSite\",\"@id\":\"https:\/\/www.epen.gov.ar\/#website\",\"url\":\"https:\/\/www.epen.gov.ar\/\",\"name\":\"EPEN\",\"description\":\"Ente Provincial de Energ\u00eda del Neuqu\u00e9n\",\"publisher\":{\"@id\":\"https:\/\/www.epen.gov.ar\/#organization\"},\"potentialAction\":[{\"@type\":\"SearchAction\",\"target\":{\"@type\":\"EntryPoint\",\"urlTemplate\":\"https:\/\/www.epen.gov.ar\/?s={search_term_string}\"},\"query-input\":{\"@type\":\"PropertyValueSpecification\",\"valueRequired\":true,\"valueName\":\"search_term_string\"}}],\"inLanguage\":\"es\"},{\"@type\":\"Organization\",\"@id\":\"https:\/\/www.epen.gov.ar\/#organization\",\"name\":\"Ente Provincial de Energ\u00eda del Neuqu\u00e9n\",\"url\":\"https:\/\/www.epen.gov.ar\/\",\"logo\":{\"@type\":\"ImageObject\",\"inLanguage\":\"es\",\"@id\":\"https:\/\/www.epen.gov.ar\/#\/schema\/logo\/image\/\",\"url\":\"https:\/\/www.epen.gov.ar\/wp-content\/uploads\/2024\/02\/Logo-EPEN-2.jpg\",\"contentUrl\":\"https:\/\/www.epen.gov.ar\/wp-content\/uploads\/2024\/02\/Logo-EPEN-2.jpg\",\"width\":696,\"height\":696,\"caption\":\"Ente Provincial de Energ\u00eda del Neuqu\u00e9n\"},\"image\":{\"@id\":\"https:\/\/www.epen.gov.ar\/#\/schema\/logo\/image\/\"},\"sameAs\":[\"https:\/\/www.facebook.com\/EPEN.Neuquen\",\"https:\/\/x.com\/EPEN_Informa\",\"https:\/\/www.youtube.com\/@epenprensa7384\"]},{\"@type\":\"Person\",\"@id\":\"https:\/\/www.epen.gov.ar\/#\/schema\/person\/ce6cff87c2fc01264becc10fa105ad4f\",\"name\":\"Prensa EPEN\",\"image\":{\"@type\":\"ImageObject\",\"inLanguage\":\"es\",\"@id\":\"https:\/\/secure.gravatar.com\/avatar\/f8120b8688012ccf2d7fbcf7a970cfbabf0ab63b09c2dbd72c194bee080070e9?s=96&d=mm&r=g\",\"url\":\"https:\/\/secure.gravatar.com\/avatar\/f8120b8688012ccf2d7fbcf7a970cfbabf0ab63b09c2dbd72c194bee080070e9?s=96&d=mm&r=g\",\"contentUrl\":\"https:\/\/secure.gravatar.com\/avatar\/f8120b8688012ccf2d7fbcf7a970cfbabf0ab63b09c2dbd72c194bee080070e9?s=96&d=mm&r=g\",\"caption\":\"Prensa EPEN\"},\"url\":\"https:\/\/www.epen.gov.ar\/index.php\/author\/admin\/\"}]}<\/script>\n<!-- \/ Yoast SEO plugin. -->","yoast_head_json":{"title":"EPEN - Descuentos en la tarifa el\u00e9ctrica para vecinos que no tienen gas domiciliario","description":"Descuentos en la tarifa el\u00e9ctrica para vecinos que no tienen gas domiciliario","robots":{"index":"index","follow":"follow","max-snippet":"max-snippet:-1","max-image-preview":"max-image-preview:large","max-video-preview":"max-video-preview:-1"},"canonical":"https:\/\/www.epen.gov.ar\/index.php\/2023\/04\/25\/descuentos-en-la-tarifa-electrica-para-vecinos-que-no-tienen-gas-domiciliario\/","og_locale":"es_ES","og_type":"article","og_title":"EPEN - Descuentos en la tarifa el\u00e9ctrica para vecinos que no tienen gas domiciliario","og_description":"Descuentos en la tarifa el\u00e9ctrica para vecinos que no tienen gas domiciliario","og_url":"https:\/\/www.epen.gov.ar\/index.php\/2023\/04\/25\/descuentos-en-la-tarifa-electrica-para-vecinos-que-no-tienen-gas-domiciliario\/","og_site_name":"EPEN","article_publisher":"https:\/\/www.facebook.com\/EPEN.Neuquen","article_published_time":"2023-04-25T17:23:48+00:00","og_image":[{"width":2560,"height":1488,"url":"https:\/\/www.epen.gov.ar\/wp-content\/uploads\/2023\/04\/Chorriaca_Epen-scaled.jpg","type":"image\/jpeg"}],"author":"Prensa EPEN","twitter_card":"summary_large_image","twitter_creator":"@EPEN_Informa","twitter_site":"@EPEN_Informa","twitter_misc":{"Escrito por":"Prensa EPEN","Tiempo de lectura":"4 minutos"},"schema":{"@context":"https:\/\/schema.org","@graph":[{"@type":"Article","@id":"https:\/\/www.epen.gov.ar\/index.php\/2023\/04\/25\/descuentos-en-la-tarifa-electrica-para-vecinos-que-no-tienen-gas-domiciliario\/#article","isPartOf":{"@id":"https:\/\/www.epen.gov.ar\/index.php\/2023\/04\/25\/descuentos-en-la-tarifa-electrica-para-vecinos-que-no-tienen-gas-domiciliario\/"},"author":{"name":"Prensa EPEN","@id":"https:\/\/www.epen.gov.ar\/#\/schema\/person\/ce6cff87c2fc01264becc10fa105ad4f"},"headline":"Descuentos en la tarifa el\u00e9ctrica para vecinos que no tienen gas domiciliario","datePublished":"2023-04-25T17:23:48+00:00","mainEntityOfPage":{"@id":"https:\/\/www.epen.gov.ar\/index.php\/2023\/04\/25\/descuentos-en-la-tarifa-electrica-para-vecinos-que-no-tienen-gas-domiciliario\/"},"wordCount":778,"publisher":{"@id":"https:\/\/www.epen.gov.ar\/#organization"},"image":{"@id":"https:\/\/www.epen.gov.ar\/index.php\/2023\/04\/25\/descuentos-en-la-tarifa-electrica-para-vecinos-que-no-tienen-gas-domiciliario\/#primaryimage"},"thumbnailUrl":"https:\/\/www.epen.gov.ar\/wp-content\/uploads\/2023\/04\/Chorriaca_Epen-scaled.jpg","keywords":["Energ\u00eda","EPEN","Gas","HIDENESA","invierno","Subsidios"],"articleSection":["Noticias"],"inLanguage":"es"},{"@type":"WebPage","@id":"https:\/\/www.epen.gov.ar\/index.php\/2023\/04\/25\/descuentos-en-la-tarifa-electrica-para-vecinos-que-no-tienen-gas-domiciliario\/","url":"https:\/\/www.epen.gov.ar\/index.php\/2023\/04\/25\/descuentos-en-la-tarifa-electrica-para-vecinos-que-no-tienen-gas-domiciliario\/","name":"EPEN - Descuentos en la tarifa el\u00e9ctrica para vecinos que no tienen gas domiciliario","isPartOf":{"@id":"https:\/\/www.epen.gov.ar\/#website"},"primaryImageOfPage":{"@id":"https:\/\/www.epen.gov.ar\/index.php\/2023\/04\/25\/descuentos-en-la-tarifa-electrica-para-vecinos-que-no-tienen-gas-domiciliario\/#primaryimage"},"image":{"@id":"https:\/\/www.epen.gov.ar\/index.php\/2023\/04\/25\/descuentos-en-la-tarifa-electrica-para-vecinos-que-no-tienen-gas-domiciliario\/#primaryimage"},"thumbnailUrl":"https:\/\/www.epen.gov.ar\/wp-content\/uploads\/2023\/04\/Chorriaca_Epen-scaled.jpg","datePublished":"2023-04-25T17:23:48+00:00","description":"Descuentos en la tarifa el\u00e9ctrica para vecinos que no tienen gas domiciliario","breadcrumb":{"@id":"https:\/\/www.epen.gov.ar\/index.php\/2023\/04\/25\/descuentos-en-la-tarifa-electrica-para-vecinos-que-no-tienen-gas-domiciliario\/#breadcrumb"},"inLanguage":"es","potentialAction":[{"@type":"ReadAction","target":["https:\/\/www.epen.gov.ar\/index.php\/2023\/04\/25\/descuentos-en-la-tarifa-electrica-para-vecinos-que-no-tienen-gas-domiciliario\/"]}]},{"@type":"ImageObject","inLanguage":"es","@id":"https:\/\/www.epen.gov.ar\/index.php\/2023\/04\/25\/descuentos-en-la-tarifa-electrica-para-vecinos-que-no-tienen-gas-domiciliario\/#primaryimage","url":"https:\/\/www.epen.gov.ar\/wp-content\/uploads\/2023\/04\/Chorriaca_Epen-scaled.jpg","contentUrl":"https:\/\/www.epen.gov.ar\/wp-content\/uploads\/2023\/04\/Chorriaca_Epen-scaled.jpg","width":2560,"height":1488},{"@type":"BreadcrumbList","@id":"https:\/\/www.epen.gov.ar\/index.php\/2023\/04\/25\/descuentos-en-la-tarifa-electrica-para-vecinos-que-no-tienen-gas-domiciliario\/#breadcrumb","itemListElement":[{"@type":"ListItem","position":1,"name":"Inicio","item":"https:\/\/www.epen.gov.ar\/"},{"@type":"ListItem","position":2,"name":"Descuentos en la tarifa el\u00e9ctrica para vecinos que no tienen gas domiciliario"}]},{"@type":"WebSite","@id":"https:\/\/www.epen.gov.ar\/#website","url":"https:\/\/www.epen.gov.ar\/","name":"EPEN","description":"Ente Provincial de Energ\u00eda del Neuqu\u00e9n","publisher":{"@id":"https:\/\/www.epen.gov.ar\/#organization"},"potentialAction":[{"@type":"SearchAction","target":{"@type":"EntryPoint","urlTemplate":"https:\/\/www.epen.gov.ar\/?s={search_term_string}"},"query-input":{"@type":"PropertyValueSpecification","valueRequired":true,"valueName":"search_term_string"}}],"inLanguage":"es"},{"@type":"Organization","@id":"https:\/\/www.epen.gov.ar\/#organization","name":"Ente Provincial de Energ\u00eda del Neuqu\u00e9n","url":"https:\/\/www.epen.gov.ar\/","logo":{"@type":"ImageObject","inLanguage":"es","@id":"https:\/\/www.epen.gov.ar\/#\/schema\/logo\/image\/","url":"https:\/\/www.epen.gov.ar\/wp-content\/uploads\/2024\/02\/Logo-EPEN-2.jpg","contentUrl":"https:\/\/www.epen.gov.ar\/wp-content\/uploads\/2024\/02\/Logo-EPEN-2.jpg","width":696,"height":696,"caption":"Ente Provincial de Energ\u00eda del Neuqu\u00e9n"},"image":{"@id":"https:\/\/www.epen.gov.ar\/#\/schema\/logo\/image\/"},"sameAs":["https:\/\/www.facebook.com\/EPEN.Neuquen","https:\/\/x.com\/EPEN_Informa","https:\/\/www.youtube.com\/@epenprensa7384"]},{"@type":"Person","@id":"https:\/\/www.epen.gov.ar\/#\/schema\/person\/ce6cff87c2fc01264becc10fa105ad4f","name":"Prensa EPEN","image":{"@type":"ImageObject","inLanguage":"es","@id":"https:\/\/secure.gravatar.com\/avatar\/f8120b8688012ccf2d7fbcf7a970cfbabf0ab63b09c2dbd72c194bee080070e9?s=96&d=mm&r=g","url":"https:\/\/secure.gravatar.com\/avatar\/f8120b8688012ccf2d7fbcf7a970cfbabf0ab63b09c2dbd72c194bee080070e9?s=96&d=mm&r=g","contentUrl":"https:\/\/secure.gravatar.com\/avatar\/f8120b8688012ccf2d7fbcf7a970cfbabf0ab63b09c2dbd72c194bee080070e9?s=96&d=mm&r=g","caption":"Prensa EPEN"},"url":"https:\/\/www.epen.gov.ar\/index.php\/author\/admin\/"}]}},"_links":{"self":[{"href":"https:\/\/www.epen.gov.ar\/index.php\/wp-json\/wp\/v2\/posts\/101284","targetHints":{"allow":["GET"]}}],"collection":[{"href":"https:\/\/www.epen.gov.ar\/index.php\/wp-json\/wp\/v2\/posts"}],"about":[{"href":"https:\/\/www.epen.gov.ar\/index.php\/wp-json\/wp\/v2\/types\/post"}],"author":[{"embeddable":true,"href":"https:\/\/www.epen.gov.ar\/index.php\/wp-json\/wp\/v2\/users\/1"}],"replies":[{"embeddable":true,"href":"https:\/\/www.epen.gov.ar\/index.php\/wp-json\/wp\/v2\/comments?post=101284"}],"version-history":[{"count":3,"href":"https:\/\/www.epen.gov.ar\/index.php\/wp-json\/wp\/v2\/posts\/101284\/revisions"}],"predecessor-version":[{"id":140667,"href":"https:\/\/www.epen.gov.ar\/index.php\/wp-json\/wp\/v2\/posts\/101284\/revisions\/140667"}],"wp:featuredmedia":[{"embeddable":true,"href":"https:\/\/www.epen.gov.ar\/index.php\/wp-json\/wp\/v2\/media\/101297"}],"wp:attachment":[{"href":"https:\/\/www.epen.gov.ar\/index.php\/wp-json\/wp\/v2\/media?parent=101284"}],"wp:term":[{"taxonomy":"category","embeddable":true,"href":"https:\/\/www.epen.gov.ar\/index.php\/wp-json\/wp\/v2\/categories?post=101284"},{"taxonomy":"post_tag","embeddable":true,"href":"https:\/\/www.epen.gov.ar\/index.php\/wp-json\/wp\/v2\/tags?post=101284"}],"curies":[{"name":"wp","href":"https:\/\/api.w.org\/{rel}","templated":true}]}}