{"id":10037,"date":"2020-05-12T14:22:59","date_gmt":"2020-05-12T17:22:59","guid":{"rendered":"http:\/\/192.168.200.48\/?p=10037"},"modified":"2020-05-12T14:22:59","modified_gmt":"2020-05-12T17:22:59","slug":"el-epen-reabrira-al-publico-por-etapas-a-partir-de-manana","status":"publish","type":"post","link":"https:\/\/www.epen.gov.ar\/index.php\/2020\/05\/12\/el-epen-reabrira-al-publico-por-etapas-a-partir-de-manana\/","title":{"rendered":"El EPEN reabrir\u00e1 al p\u00fablico por etapas, a partir de ma\u00f1ana"},"content":{"rendered":"<div class=\"fusion-fullwidth fullwidth-box fusion-builder-row-1 nonhundred-percent-fullwidth non-hundred-percent-height-scrolling\" style=\"--awb-border-radius-top-left:0px;--awb-border-radius-top-right:0px;--awb-border-radius-bottom-right:0px;--awb-border-radius-bottom-left:0px;--awb-flex-wrap:wrap;\" ><div class=\"fusion-builder-row fusion-row\"><div class=\"fusion-layout-column fusion_builder_column fusion-builder-column-0 fusion_builder_column_2_3 2_3 fusion-two-third fusion-column-first\" style=\"--awb-bg-size:cover;width:66.666666666667%;width:calc(66.666666666667% - ( ( 4% ) * 0.66666666666667 ) );margin-right: 4%;\"><div class=\"fusion-column-wrapper fusion-column-has-shadow fusion-flex-column-wrapper-legacy\"><div class=\"fusion-text fusion-text-1\"><p class=\"bajada\" style=\"text-align: justify;\"><em><strong>Las oficinas comerciales de las zonas Este y Sur provincial reabrir\u00e1n de acuerdo a protocolos locales de salud y seguridad. A partir del lunes 18 se sumar\u00e1 el resto de las localidades atendidas.<\/strong><\/em><\/p>\n<p style=\"text-align: justify;\">El Ente Provincial de Energ\u00eda del Neuqu\u00e9n (EPEN), dependiente de la Secretar\u00eda General y Servicios P\u00fablicos, informa que a partir del 13 de mayo iniciar\u00e1 una etapa de reapertura gradual de las oficinas comerciales y actividades operativas asociadas con los servicios el\u00e9ctricos del interior provincial.<\/p>\n<p style=\"text-align: justify;\">En este sentido, han sido evaluadas de forma prioritaria las pautas locales y protocolos de salud y seguridad que, en cada caso, llevan a cabo tanto las autoridades municipales como los Comit\u00e9s de Emergencia. A su vez, se han dispuesto, por parte del Ente, todas las medidas necesarias en atenci\u00f3n al cuidado del personal y el p\u00fablico en cada localidad y paraje, teniendo en cuenta las particularidades de cada grupo social y de trabajo. Es por ello que la reapertura de actividades para la atenci\u00f3n al p\u00fablico tiene diferentes modalidades, de acuerdo a lo establecido para cada localidad y zona.<\/p>\n<p style=\"text-align: justify;\">De esta manera, la reapertura se realizar\u00e1 en dos etapas. A partir del mi\u00e9rcoles 13 de mayo iniciar\u00e1n las actividades los servicios el\u00e9ctricos dependientes de la Unidades Regionales tanto de la zona Este como de la zona Sur y Rinc\u00f3n de los Sauces.\u00a0 En todos los casos, s\u00f3lo se permitir\u00e1 el ingreso a las oficinas con tapaboca o barbijo, manteniendo la distancia indicada, el ingreso de una persona por vez y el DNI en los casos que sea necesario de acuerdo a la modalidad de atenci\u00f3n. Adem\u00e1s, se prev\u00e9 dar atenci\u00f3n prioritaria a mayores de 60 a\u00f1os durante la primera hora de la jornada, en todos los servicios.<\/p>\n<p style=\"text-align: justify;\">En el caso de la zona Este (Servicios El\u00e9ctricos Centenario, San Patricio del Cha\u00f1ar, A\u00f1elo, Pic\u00fan Leuf\u00fa, Paso Aguerre, Senillosa y Villa El Choc\u00f3n), la atenci\u00f3n ser\u00e1 de 9 a 13 horas y se podr\u00e1n realizar todo tipo de tr\u00e1mites comerciales. En el caso de Villa El Choc\u00f3n, la atenci\u00f3n ser\u00e1 -tal lo estipulado por dicha localidad- por DNI (Lunes, Mi\u00e9rcoles y Viernes n\u00fameros Par, Martes y Jueves, Impar). En el caso de Vista Alegre, se atender\u00e1 v\u00eda telef\u00f3nica con WhatsApp desde Centenario: +5492994163025.<\/p>\n<p style=\"text-align: justify;\">En los Servicios El\u00e9ctricos de la zona Sur (San Mart\u00edn de los Andes, Villa La Angostura, Villa Traful, Jun\u00edn de los Andes y Las Coloradas), la atenci\u00f3n ser\u00e1 de 9 a 13 y se podr\u00e1n realizar tr\u00e1mites por recibos, facturas, cobro y bajas comerciales. Salvo en el caso de Jun\u00edn -donde se podr\u00e1n realizar todo tipo de tr\u00e1mites- la atenci\u00f3n se concentrar\u00e1 los d\u00edas lunes, mi\u00e9rcoles y viernes de 9 a 13 horas.<\/p>\n<p style=\"text-align: justify;\">Un caso similar es el de Piedra del \u00c1guila, donde el horario ser\u00e1 de 10 a 14 horas.\u00a0 En dicha localidad, los lunes exclusivamente se har\u00e1 entrega de facturas a clientes sin domicilio actualizado, los d\u00edas mi\u00e9rcoles se atender\u00e1 s\u00f3lo a personas de riesgo y mayores a 60 a\u00f1os y el d\u00eda viernes la atenci\u00f3n ser\u00e1 al p\u00fablico en general. El servicio de Santo Tom\u00e1s no reabrir\u00e1 por el momento.<\/p>\n<p style=\"text-align: justify;\">Adem\u00e1s, este mi\u00e9rcoles se realizar\u00e1 la reapertura del Servicio El\u00e9ctrico de Rinc\u00f3n de los Sauces, en el horario de 9 a 15 y podr\u00e1n realizarse todo tipo de tr\u00e1mites. La modalidad de atenci\u00f3n local ser\u00e1 todos los d\u00edas de acuerdo a terminaci\u00f3n de DNI (Lunes 0 y 1; Martes 2 y 3; Mi\u00e9rcoles 4 y 5; Jueves 6 y 7; Viernes 8 y 9), al igual que por WhatsApp comercial +5492942637176.<\/p>\n<p style=\"text-align: justify;\">El resto de los Servicios El\u00e9ctricos de la zona Norte y del Oeste provincial iniciar\u00e1n actividades a partir del d\u00eda lunes 18 de mayo y ser\u00e1 informado a la brevedad, como as\u00ed tambi\u00e9n las novedades o cambios que puedan darse durante los pr\u00f3ximos d\u00edas.<\/p>\n<\/div><div class=\"fusion-clearfix\"><\/div><\/div><\/div><div class=\"fusion-layout-column fusion_builder_column fusion-builder-column-1 fusion_builder_column_1_3 1_3 fusion-one-third fusion-column-last\" style=\"--awb-bg-size:cover;width:33.333333333333%;width:calc(33.333333333333% - ( ( 4% ) * 0.33333333333333 ) );\"><div class=\"fusion-column-wrapper fusion-column-has-shadow fusion-flex-column-wrapper-legacy\"><div class=\"fusion-widget-area awb-widget-area-element fusion-widget-area-1 fusion-content-widget-area\" style=\"--awb-title-size:20px;--awb-title-color:#333333;--awb-padding:0px 0px 0px 0px;\"><style type=\"text\/css\" data-id=\"tweets-widget-2\">#tweets-widget-2 li { border-color:#eaeaea;}<\/style><section id=\"tweets-widget-2\" class=\"widget tweets\" style=\"border-style: solid;border-color: #eaeaea;border-color:transparent;border-width:0px;\">\t\t\t\t\n\t\t<div style=\"overflow:hidden\">\n\t\t\t\t\t\t\t\t\t\t\t<a class=\"twitter-timeline\" data-dnt=\"true\" href=\"https:\/\/twitter.com\/@EPEN_Informa\" data-width=\"500\" data-height=\"300\" width=\"500\" height=\"300\" data-theme=\"light\" data-link-color=\"##25a9bd\" data-border-color=\"#eaeaea\" data-chrome=\"\">Tweets por @EPEN_Informa<\/a>\n\t\t\t\t\t\t\t\n\t\t\t\t\t\t\t\t\t\t\t<script async src=\"\/\/platform.twitter.com\/widgets.js\" charset=\"utf-8\"><\/script>\n\t\t\t\t\t\t\t\n\t\t<\/div>\n\t\t<\/section>\n\t\t<section id=\"recent-posts-3\" class=\"widget widget_recent_entries\" style=\"border-style: solid;border-color:transparent;border-width:0px;\">\n\t\t<div class=\"heading\"><h4 class=\"widget-title\">Entradas recientes<\/h4><\/div>\n\t\t<ul>\n\t\t\t\t\t\t\t\t\t\t\t<li>\n\t\t\t\t\t<a href=\"https:\/\/www.epen.gov.ar\/index.php\/2026\/04\/30\/corte-programado-en-sectores-de-rincon-de-los-sauces-el-02-05-2026\/\">Corte Programado en sectores de Rinc\u00f3n de los Sauces el 02\/05\/2026<\/a>\n\t\t\t\t\t\t\t\t\t\t\t<span class=\"post-date\">30\/04\/2026<\/span>\n\t\t\t\t\t\t\t\t\t<\/li>\n\t\t\t\t\t\t\t\t\t\t\t<li>\n\t\t\t\t\t<a href=\"https:\/\/www.epen.gov.ar\/index.php\/2026\/04\/30\/licitacion-publica-n-14-2026-contratacion-de-servicios-de-desarrollo-y-mantenimiento-de-sistemas-informaticos\/\">LICITACI\u00d3N P\u00daBLICA N\u00b0 14\/2026 CONTRATACI\u00d3N DE SERVICIOS DE DESARROLLO Y MANTENIMIENTO DE SISTEMAS INFORM\u00c1TICOS<\/a>\n\t\t\t\t\t\t\t\t\t\t\t<span class=\"post-date\">30\/04\/2026<\/span>\n\t\t\t\t\t\t\t\t\t<\/li>\n\t\t\t\t\t\t\t\t\t\t\t<li>\n\t\t\t\t\t<a href=\"https:\/\/www.epen.gov.ar\/index.php\/2026\/04\/29\/corte-programado-en-sectores-de-centenario-el-30-04-2026\/\">Corte Programado en sectores de Centenario el 30\/04\/2026<\/a>\n\t\t\t\t\t\t\t\t\t\t\t<span class=\"post-date\">29\/04\/2026<\/span>\n\t\t\t\t\t\t\t\t\t<\/li>\n\t\t\t\t\t\t\t\t\t\t\t<li>\n\t\t\t\t\t<a href=\"https:\/\/www.epen.gov.ar\/index.php\/2026\/04\/28\/el-epen-impulsa-el-desarrollo-de-varvarco-con-nueva-infraestructura-para-17-lotes\/\">El EPEN impulsa el desarrollo de Varvarco con nueva infraestructura para 17 lotes<\/a>\n\t\t\t\t\t\t\t\t\t\t\t<span class=\"post-date\">28\/04\/2026<\/span>\n\t\t\t\t\t\t\t\t\t<\/li>\n\t\t\t\t\t\t\t\t\t\t\t<li>\n\t\t\t\t\t<a href=\"https:\/\/www.epen.gov.ar\/index.php\/2026\/04\/28\/corte-programado-en-sectores-de-zona-nahueve-el-30-04-2026\/\">Corte Programado en sectores de zona Nahueve el 30\/04\/2026<\/a>\n\t\t\t\t\t\t\t\t\t\t\t<span class=\"post-date\">28\/04\/2026<\/span>\n\t\t\t\t\t\t\t\t\t<\/li>\n\t\t\t\t\t<\/ul>\n\n\t\t<\/section><div class=\"fusion-additional-widget-content\"><\/div><\/div><div class=\"fusion-clearfix\"><\/div><\/div><\/div><\/div><\/div>\n","protected":false},"excerpt":{"rendered":"","protected":false},"author":1,"featured_media":3885,"comment_status":"open","ping_status":"open","sticky":false,"template":"","format":"standard","meta":{"_exactmetrics_skip_tracking":false,"_exactmetrics_sitenote_active":false,"_exactmetrics_sitenote_note":"","_exactmetrics_sitenote_category":0,"footnotes":""},"categories":[84],"tags":[],"class_list":["post-10037","post","type-post","status-publish","format-standard","has-post-thumbnail","hentry","category-noticias"],"yoast_head":"<!-- This site is optimized with the Yoast SEO plugin v27.2 - https:\/\/yoast.com\/product\/yoast-seo-wordpress\/ -->\n<title>EPEN - El EPEN reabrir\u00e1 al p\u00fablico por etapas, a partir de ma\u00f1ana<\/title>\n<meta name=\"description\" content=\"El EPEN reabrir\u00e1 al p\u00fablico por etapas, a partir de ma\u00f1ana Noticias\" \/>\n<meta name=\"robots\" content=\"index, follow, max-snippet:-1, max-image-preview:large, max-video-preview:-1\" \/>\n<link rel=\"canonical\" href=\"https:\/\/www.epen.gov.ar\/index.php\/2020\/05\/12\/el-epen-reabrira-al-publico-por-etapas-a-partir-de-manana\/\" \/>\n<meta property=\"og:locale\" content=\"es_ES\" \/>\n<meta property=\"og:type\" content=\"article\" \/>\n<meta property=\"og:title\" content=\"EPEN - El EPEN reabrir\u00e1 al p\u00fablico por etapas, a partir de ma\u00f1ana\" \/>\n<meta property=\"og:description\" content=\"El EPEN reabrir\u00e1 al p\u00fablico por etapas, a partir de ma\u00f1ana Noticias\" \/>\n<meta property=\"og:url\" content=\"https:\/\/www.epen.gov.ar\/index.php\/2020\/05\/12\/el-epen-reabrira-al-publico-por-etapas-a-partir-de-manana\/\" \/>\n<meta property=\"og:site_name\" content=\"EPEN\" \/>\n<meta property=\"article:publisher\" content=\"https:\/\/www.facebook.com\/EPEN.Neuquen\" \/>\n<meta property=\"article:published_time\" content=\"2020-05-12T17:22:59+00:00\" \/>\n<meta property=\"og:image\" content=\"https:\/\/www.epen.gov.ar\/wp-content\/uploads\/2019\/06\/WEB-EPEN__SIP5897-1068x528.jpg\" \/>\n\t<meta property=\"og:image:width\" content=\"1068\" \/>\n\t<meta property=\"og:image:height\" content=\"528\" \/>\n\t<meta property=\"og:image:type\" content=\"image\/jpeg\" \/>\n<meta name=\"author\" content=\"Prensa EPEN\" \/>\n<meta name=\"twitter:card\" content=\"summary_large_image\" \/>\n<meta name=\"twitter:creator\" content=\"@EPEN_Informa\" \/>\n<meta name=\"twitter:site\" content=\"@EPEN_Informa\" \/>\n<meta name=\"twitter:label1\" content=\"Escrito por\" \/>\n\t<meta name=\"twitter:data1\" content=\"Prensa EPEN\" \/>\n\t<meta name=\"twitter:label2\" content=\"Tiempo de lectura\" \/>\n\t<meta name=\"twitter:data2\" content=\"5 minutos\" \/>\n<script type=\"application\/ld+json\" class=\"yoast-schema-graph\">{\"@context\":\"https:\/\/schema.org\",\"@graph\":[{\"@type\":\"Article\",\"@id\":\"https:\/\/www.epen.gov.ar\/index.php\/2020\/05\/12\/el-epen-reabrira-al-publico-por-etapas-a-partir-de-manana\/#article\",\"isPartOf\":{\"@id\":\"https:\/\/www.epen.gov.ar\/index.php\/2020\/05\/12\/el-epen-reabrira-al-publico-por-etapas-a-partir-de-manana\/\"},\"author\":{\"name\":\"Prensa EPEN\",\"@id\":\"https:\/\/www.epen.gov.ar\/#\/schema\/person\/ce6cff87c2fc01264becc10fa105ad4f\"},\"headline\":\"El EPEN reabrir\u00e1 al p\u00fablico por etapas, a partir de ma\u00f1ana\",\"datePublished\":\"2020-05-12T17:22:59+00:00\",\"mainEntityOfPage\":{\"@id\":\"https:\/\/www.epen.gov.ar\/index.php\/2020\/05\/12\/el-epen-reabrira-al-publico-por-etapas-a-partir-de-manana\/\"},\"wordCount\":1042,\"commentCount\":0,\"publisher\":{\"@id\":\"https:\/\/www.epen.gov.ar\/#organization\"},\"image\":{\"@id\":\"https:\/\/www.epen.gov.ar\/index.php\/2020\/05\/12\/el-epen-reabrira-al-publico-por-etapas-a-partir-de-manana\/#primaryimage\"},\"thumbnailUrl\":\"https:\/\/www.epen.gov.ar\/wp-content\/uploads\/2019\/06\/WEB-EPEN__SIP5897-1068x528.jpg\",\"articleSection\":[\"Noticias\"],\"inLanguage\":\"es\",\"potentialAction\":[{\"@type\":\"CommentAction\",\"name\":\"Comment\",\"target\":[\"https:\/\/www.epen.gov.ar\/index.php\/2020\/05\/12\/el-epen-reabrira-al-publico-por-etapas-a-partir-de-manana\/#respond\"]}]},{\"@type\":\"WebPage\",\"@id\":\"https:\/\/www.epen.gov.ar\/index.php\/2020\/05\/12\/el-epen-reabrira-al-publico-por-etapas-a-partir-de-manana\/\",\"url\":\"https:\/\/www.epen.gov.ar\/index.php\/2020\/05\/12\/el-epen-reabrira-al-publico-por-etapas-a-partir-de-manana\/\",\"name\":\"EPEN - El EPEN reabrir\u00e1 al p\u00fablico por etapas, a partir de ma\u00f1ana\",\"isPartOf\":{\"@id\":\"https:\/\/www.epen.gov.ar\/#website\"},\"primaryImageOfPage\":{\"@id\":\"https:\/\/www.epen.gov.ar\/index.php\/2020\/05\/12\/el-epen-reabrira-al-publico-por-etapas-a-partir-de-manana\/#primaryimage\"},\"image\":{\"@id\":\"https:\/\/www.epen.gov.ar\/index.php\/2020\/05\/12\/el-epen-reabrira-al-publico-por-etapas-a-partir-de-manana\/#primaryimage\"},\"thumbnailUrl\":\"https:\/\/www.epen.gov.ar\/wp-content\/uploads\/2019\/06\/WEB-EPEN__SIP5897-1068x528.jpg\",\"datePublished\":\"2020-05-12T17:22:59+00:00\",\"description\":\"El EPEN reabrir\u00e1 al p\u00fablico por etapas, a partir de ma\u00f1ana Noticias\",\"breadcrumb\":{\"@id\":\"https:\/\/www.epen.gov.ar\/index.php\/2020\/05\/12\/el-epen-reabrira-al-publico-por-etapas-a-partir-de-manana\/#breadcrumb\"},\"inLanguage\":\"es\",\"potentialAction\":[{\"@type\":\"ReadAction\",\"target\":[\"https:\/\/www.epen.gov.ar\/index.php\/2020\/05\/12\/el-epen-reabrira-al-publico-por-etapas-a-partir-de-manana\/\"]}]},{\"@type\":\"ImageObject\",\"inLanguage\":\"es\",\"@id\":\"https:\/\/www.epen.gov.ar\/index.php\/2020\/05\/12\/el-epen-reabrira-al-publico-por-etapas-a-partir-de-manana\/#primaryimage\",\"url\":\"https:\/\/www.epen.gov.ar\/wp-content\/uploads\/2019\/06\/WEB-EPEN__SIP5897-1068x528.jpg\",\"contentUrl\":\"https:\/\/www.epen.gov.ar\/wp-content\/uploads\/2019\/06\/WEB-EPEN__SIP5897-1068x528.jpg\",\"width\":1068,\"height\":528},{\"@type\":\"BreadcrumbList\",\"@id\":\"https:\/\/www.epen.gov.ar\/index.php\/2020\/05\/12\/el-epen-reabrira-al-publico-por-etapas-a-partir-de-manana\/#breadcrumb\",\"itemListElement\":[{\"@type\":\"ListItem\",\"position\":1,\"name\":\"Inicio\",\"item\":\"https:\/\/www.epen.gov.ar\/\"},{\"@type\":\"ListItem\",\"position\":2,\"name\":\"El EPEN reabrir\u00e1 al p\u00fablico por etapas, a partir de ma\u00f1ana\"}]},{\"@type\":\"WebSite\",\"@id\":\"https:\/\/www.epen.gov.ar\/#website\",\"url\":\"https:\/\/www.epen.gov.ar\/\",\"name\":\"EPEN\",\"description\":\"Ente Provincial de Energ\u00eda del Neuqu\u00e9n\",\"publisher\":{\"@id\":\"https:\/\/www.epen.gov.ar\/#organization\"},\"potentialAction\":[{\"@type\":\"SearchAction\",\"target\":{\"@type\":\"EntryPoint\",\"urlTemplate\":\"https:\/\/www.epen.gov.ar\/?s={search_term_string}\"},\"query-input\":{\"@type\":\"PropertyValueSpecification\",\"valueRequired\":true,\"valueName\":\"search_term_string\"}}],\"inLanguage\":\"es\"},{\"@type\":\"Organization\",\"@id\":\"https:\/\/www.epen.gov.ar\/#organization\",\"name\":\"Ente Provincial de Energ\u00eda del Neuqu\u00e9n\",\"url\":\"https:\/\/www.epen.gov.ar\/\",\"logo\":{\"@type\":\"ImageObject\",\"inLanguage\":\"es\",\"@id\":\"https:\/\/www.epen.gov.ar\/#\/schema\/logo\/image\/\",\"url\":\"https:\/\/www.epen.gov.ar\/wp-content\/uploads\/2024\/02\/Logo-EPEN-2.jpg\",\"contentUrl\":\"https:\/\/www.epen.gov.ar\/wp-content\/uploads\/2024\/02\/Logo-EPEN-2.jpg\",\"width\":696,\"height\":696,\"caption\":\"Ente Provincial de Energ\u00eda del Neuqu\u00e9n\"},\"image\":{\"@id\":\"https:\/\/www.epen.gov.ar\/#\/schema\/logo\/image\/\"},\"sameAs\":[\"https:\/\/www.facebook.com\/EPEN.Neuquen\",\"https:\/\/x.com\/EPEN_Informa\",\"https:\/\/www.youtube.com\/@epenprensa7384\"]},{\"@type\":\"Person\",\"@id\":\"https:\/\/www.epen.gov.ar\/#\/schema\/person\/ce6cff87c2fc01264becc10fa105ad4f\",\"name\":\"Prensa EPEN\",\"image\":{\"@type\":\"ImageObject\",\"inLanguage\":\"es\",\"@id\":\"https:\/\/secure.gravatar.com\/avatar\/f8120b8688012ccf2d7fbcf7a970cfbabf0ab63b09c2dbd72c194bee080070e9?s=96&d=mm&r=g\",\"url\":\"https:\/\/secure.gravatar.com\/avatar\/f8120b8688012ccf2d7fbcf7a970cfbabf0ab63b09c2dbd72c194bee080070e9?s=96&d=mm&r=g\",\"contentUrl\":\"https:\/\/secure.gravatar.com\/avatar\/f8120b8688012ccf2d7fbcf7a970cfbabf0ab63b09c2dbd72c194bee080070e9?s=96&d=mm&r=g\",\"caption\":\"Prensa EPEN\"},\"url\":\"https:\/\/www.epen.gov.ar\/index.php\/author\/admin\/\"}]}<\/script>\n<!-- \/ Yoast SEO plugin. -->","yoast_head_json":{"title":"EPEN - El EPEN reabrir\u00e1 al p\u00fablico por etapas, a partir de ma\u00f1ana","description":"El EPEN reabrir\u00e1 al p\u00fablico por etapas, a partir de ma\u00f1ana Noticias","robots":{"index":"index","follow":"follow","max-snippet":"max-snippet:-1","max-image-preview":"max-image-preview:large","max-video-preview":"max-video-preview:-1"},"canonical":"https:\/\/www.epen.gov.ar\/index.php\/2020\/05\/12\/el-epen-reabrira-al-publico-por-etapas-a-partir-de-manana\/","og_locale":"es_ES","og_type":"article","og_title":"EPEN - El EPEN reabrir\u00e1 al p\u00fablico por etapas, a partir de ma\u00f1ana","og_description":"El EPEN reabrir\u00e1 al p\u00fablico por etapas, a partir de ma\u00f1ana Noticias","og_url":"https:\/\/www.epen.gov.ar\/index.php\/2020\/05\/12\/el-epen-reabrira-al-publico-por-etapas-a-partir-de-manana\/","og_site_name":"EPEN","article_publisher":"https:\/\/www.facebook.com\/EPEN.Neuquen","article_published_time":"2020-05-12T17:22:59+00:00","og_image":[{"width":1068,"height":528,"url":"https:\/\/www.epen.gov.ar\/wp-content\/uploads\/2019\/06\/WEB-EPEN__SIP5897-1068x528.jpg","type":"image\/jpeg"}],"author":"Prensa EPEN","twitter_card":"summary_large_image","twitter_creator":"@EPEN_Informa","twitter_site":"@EPEN_Informa","twitter_misc":{"Escrito por":"Prensa EPEN","Tiempo de lectura":"5 minutos"},"schema":{"@context":"https:\/\/schema.org","@graph":[{"@type":"Article","@id":"https:\/\/www.epen.gov.ar\/index.php\/2020\/05\/12\/el-epen-reabrira-al-publico-por-etapas-a-partir-de-manana\/#article","isPartOf":{"@id":"https:\/\/www.epen.gov.ar\/index.php\/2020\/05\/12\/el-epen-reabrira-al-publico-por-etapas-a-partir-de-manana\/"},"author":{"name":"Prensa EPEN","@id":"https:\/\/www.epen.gov.ar\/#\/schema\/person\/ce6cff87c2fc01264becc10fa105ad4f"},"headline":"El EPEN reabrir\u00e1 al p\u00fablico por etapas, a partir de ma\u00f1ana","datePublished":"2020-05-12T17:22:59+00:00","mainEntityOfPage":{"@id":"https:\/\/www.epen.gov.ar\/index.php\/2020\/05\/12\/el-epen-reabrira-al-publico-por-etapas-a-partir-de-manana\/"},"wordCount":1042,"commentCount":0,"publisher":{"@id":"https:\/\/www.epen.gov.ar\/#organization"},"image":{"@id":"https:\/\/www.epen.gov.ar\/index.php\/2020\/05\/12\/el-epen-reabrira-al-publico-por-etapas-a-partir-de-manana\/#primaryimage"},"thumbnailUrl":"https:\/\/www.epen.gov.ar\/wp-content\/uploads\/2019\/06\/WEB-EPEN__SIP5897-1068x528.jpg","articleSection":["Noticias"],"inLanguage":"es","potentialAction":[{"@type":"CommentAction","name":"Comment","target":["https:\/\/www.epen.gov.ar\/index.php\/2020\/05\/12\/el-epen-reabrira-al-publico-por-etapas-a-partir-de-manana\/#respond"]}]},{"@type":"WebPage","@id":"https:\/\/www.epen.gov.ar\/index.php\/2020\/05\/12\/el-epen-reabrira-al-publico-por-etapas-a-partir-de-manana\/","url":"https:\/\/www.epen.gov.ar\/index.php\/2020\/05\/12\/el-epen-reabrira-al-publico-por-etapas-a-partir-de-manana\/","name":"EPEN - El EPEN reabrir\u00e1 al p\u00fablico por etapas, a partir de ma\u00f1ana","isPartOf":{"@id":"https:\/\/www.epen.gov.ar\/#website"},"primaryImageOfPage":{"@id":"https:\/\/www.epen.gov.ar\/index.php\/2020\/05\/12\/el-epen-reabrira-al-publico-por-etapas-a-partir-de-manana\/#primaryimage"},"image":{"@id":"https:\/\/www.epen.gov.ar\/index.php\/2020\/05\/12\/el-epen-reabrira-al-publico-por-etapas-a-partir-de-manana\/#primaryimage"},"thumbnailUrl":"https:\/\/www.epen.gov.ar\/wp-content\/uploads\/2019\/06\/WEB-EPEN__SIP5897-1068x528.jpg","datePublished":"2020-05-12T17:22:59+00:00","description":"El EPEN reabrir\u00e1 al p\u00fablico por etapas, a partir de ma\u00f1ana Noticias","breadcrumb":{"@id":"https:\/\/www.epen.gov.ar\/index.php\/2020\/05\/12\/el-epen-reabrira-al-publico-por-etapas-a-partir-de-manana\/#breadcrumb"},"inLanguage":"es","potentialAction":[{"@type":"ReadAction","target":["https:\/\/www.epen.gov.ar\/index.php\/2020\/05\/12\/el-epen-reabrira-al-publico-por-etapas-a-partir-de-manana\/"]}]},{"@type":"ImageObject","inLanguage":"es","@id":"https:\/\/www.epen.gov.ar\/index.php\/2020\/05\/12\/el-epen-reabrira-al-publico-por-etapas-a-partir-de-manana\/#primaryimage","url":"https:\/\/www.epen.gov.ar\/wp-content\/uploads\/2019\/06\/WEB-EPEN__SIP5897-1068x528.jpg","contentUrl":"https:\/\/www.epen.gov.ar\/wp-content\/uploads\/2019\/06\/WEB-EPEN__SIP5897-1068x528.jpg","width":1068,"height":528},{"@type":"BreadcrumbList","@id":"https:\/\/www.epen.gov.ar\/index.php\/2020\/05\/12\/el-epen-reabrira-al-publico-por-etapas-a-partir-de-manana\/#breadcrumb","itemListElement":[{"@type":"ListItem","position":1,"name":"Inicio","item":"https:\/\/www.epen.gov.ar\/"},{"@type":"ListItem","position":2,"name":"El EPEN reabrir\u00e1 al p\u00fablico por etapas, a partir de ma\u00f1ana"}]},{"@type":"WebSite","@id":"https:\/\/www.epen.gov.ar\/#website","url":"https:\/\/www.epen.gov.ar\/","name":"EPEN","description":"Ente Provincial de Energ\u00eda del Neuqu\u00e9n","publisher":{"@id":"https:\/\/www.epen.gov.ar\/#organization"},"potentialAction":[{"@type":"SearchAction","target":{"@type":"EntryPoint","urlTemplate":"https:\/\/www.epen.gov.ar\/?s={search_term_string}"},"query-input":{"@type":"PropertyValueSpecification","valueRequired":true,"valueName":"search_term_string"}}],"inLanguage":"es"},{"@type":"Organization","@id":"https:\/\/www.epen.gov.ar\/#organization","name":"Ente Provincial de Energ\u00eda del Neuqu\u00e9n","url":"https:\/\/www.epen.gov.ar\/","logo":{"@type":"ImageObject","inLanguage":"es","@id":"https:\/\/www.epen.gov.ar\/#\/schema\/logo\/image\/","url":"https:\/\/www.epen.gov.ar\/wp-content\/uploads\/2024\/02\/Logo-EPEN-2.jpg","contentUrl":"https:\/\/www.epen.gov.ar\/wp-content\/uploads\/2024\/02\/Logo-EPEN-2.jpg","width":696,"height":696,"caption":"Ente Provincial de Energ\u00eda del Neuqu\u00e9n"},"image":{"@id":"https:\/\/www.epen.gov.ar\/#\/schema\/logo\/image\/"},"sameAs":["https:\/\/www.facebook.com\/EPEN.Neuquen","https:\/\/x.com\/EPEN_Informa","https:\/\/www.youtube.com\/@epenprensa7384"]},{"@type":"Person","@id":"https:\/\/www.epen.gov.ar\/#\/schema\/person\/ce6cff87c2fc01264becc10fa105ad4f","name":"Prensa EPEN","image":{"@type":"ImageObject","inLanguage":"es","@id":"https:\/\/secure.gravatar.com\/avatar\/f8120b8688012ccf2d7fbcf7a970cfbabf0ab63b09c2dbd72c194bee080070e9?s=96&d=mm&r=g","url":"https:\/\/secure.gravatar.com\/avatar\/f8120b8688012ccf2d7fbcf7a970cfbabf0ab63b09c2dbd72c194bee080070e9?s=96&d=mm&r=g","contentUrl":"https:\/\/secure.gravatar.com\/avatar\/f8120b8688012ccf2d7fbcf7a970cfbabf0ab63b09c2dbd72c194bee080070e9?s=96&d=mm&r=g","caption":"Prensa EPEN"},"url":"https:\/\/www.epen.gov.ar\/index.php\/author\/admin\/"}]}},"_links":{"self":[{"href":"https:\/\/www.epen.gov.ar\/index.php\/wp-json\/wp\/v2\/posts\/10037","targetHints":{"allow":["GET"]}}],"collection":[{"href":"https:\/\/www.epen.gov.ar\/index.php\/wp-json\/wp\/v2\/posts"}],"about":[{"href":"https:\/\/www.epen.gov.ar\/index.php\/wp-json\/wp\/v2\/types\/post"}],"author":[{"embeddable":true,"href":"https:\/\/www.epen.gov.ar\/index.php\/wp-json\/wp\/v2\/users\/1"}],"replies":[{"embeddable":true,"href":"https:\/\/www.epen.gov.ar\/index.php\/wp-json\/wp\/v2\/comments?post=10037"}],"version-history":[{"count":2,"href":"https:\/\/www.epen.gov.ar\/index.php\/wp-json\/wp\/v2\/posts\/10037\/revisions"}],"predecessor-version":[{"id":10061,"href":"https:\/\/www.epen.gov.ar\/index.php\/wp-json\/wp\/v2\/posts\/10037\/revisions\/10061"}],"wp:featuredmedia":[{"embeddable":true,"href":"https:\/\/www.epen.gov.ar\/index.php\/wp-json\/wp\/v2\/media\/3885"}],"wp:attachment":[{"href":"https:\/\/www.epen.gov.ar\/index.php\/wp-json\/wp\/v2\/media?parent=10037"}],"wp:term":[{"taxonomy":"category","embeddable":true,"href":"https:\/\/www.epen.gov.ar\/index.php\/wp-json\/wp\/v2\/categories?post=10037"},{"taxonomy":"post_tag","embeddable":true,"href":"https:\/\/www.epen.gov.ar\/index.php\/wp-json\/wp\/v2\/tags?post=10037"}],"curies":[{"name":"wp","href":"https:\/\/api.w.org\/{rel}","templated":true}]}}